
{"id":28302,"date":"2014-01-09T07:07:08","date_gmt":"2014-01-09T07:07:08","guid":{"rendered":"https:\/\/ujkafe.website\/?p=28302"},"modified":"2014-01-09T07:09:23","modified_gmt":"2014-01-09T07:09:23","slug":"verses-fotoalbum-madefalvahoz","status":"publish","type":"post","link":"https:\/\/ujkafe.website\/?p=28302","title":{"rendered":"Verses fot\u00f3album Mad\u00e9falv\u00e1hoz"},"content":{"rendered":"<p><a href=\"https:\/\/ujkafe.website\/wp-content\/uploads\/2014\/01\/moser_tamas.jpg\"><img loading=\"lazy\" decoding=\"async\" class=\"alignnone  wp-image-28306\" alt=\"moser_tamas\" src=\"https:\/\/ujkafe.website\/wp-content\/uploads\/2014\/01\/moser_tamas.jpg\" width=\"542\" height=\"532\" srcset=\"https:\/\/ujkafe.website\/wp-content\/uploads\/2014\/01\/moser_tamas.jpg 904w, https:\/\/ujkafe.website\/wp-content\/uploads\/2014\/01\/moser_tamas-300x294.jpg 300w\" sizes=\"auto, (max-width: 542px) 100vw, 542px\" \/><\/a><\/p>\n<p>M\u00f3ser Zolt\u00e1n fot\u00f3m\u0171v\u00e9sz \u00e9s Tam\u00e1s Menyh\u00e9rt k\u00f6lt\u0151 k\u00f6z\u00f6s, verses fot\u00f3album\u00e1t mutatt\u00e1k be a napokban Cs\u00edkszered\u00e1ban, a mad\u00e9falvi veszedelem 250. \u00e9vfordul\u00f3ja alkalm\u00e1b\u00f3l. A fot\u00f3khoz \u00edrt verseket tartalmaz\u00f3 f\u00fczet k\u00f6nyvterv\u00e9t \u00c1d\u00e1m Gyula k\u00e9sz\u00edtette. Al\u00e1bb a m\u0171b\u0151l id\u00e9z\u00fcnk egy k\u00e9pet, a megfelel\u0151 sz\u00f6veggel (K\u00e1f\u00e9 f\u0151nix)<!--more--><\/p>\n<p>Az utols\u00f3 lev\u00e9l. A legutols\u00f3.<br \/>\nAz EGYETLEN &#8211; Ap\u00e1m<br \/>\nSzerelmes Kalend\u00e1rium\u00e1b\u00f3l:<br \/>\n<em>J\u00f6jj, j\u00f6jj, t\u00e9rdepelj mell\u00e9m;<\/em><br \/>\n<em>Szeret foly\u00f3nak vizibe<\/em><br \/>\n<em>\u00e9s \u00e9n megkeresztellek &#8211;<\/em><br \/>\n<em>legyen a neved: H\u0171s\u00e9g.<\/em><\/p>\n<p><em><strong>Tam\u00e1s Menyh\u00e9rt<\/strong><\/em><\/p>\n<div id=\"attachment_28307\" style=\"width: 566px\" class=\"wp-caption alignnone\"><a href=\"https:\/\/ujkafe.website\/wp-content\/uploads\/2014\/01\/moser2.jpg\"><img loading=\"lazy\" decoding=\"async\" aria-describedby=\"caption-attachment-28307\" class=\" wp-image-28307\" alt=\"moser2\" src=\"https:\/\/ujkafe.website\/wp-content\/uploads\/2014\/01\/moser2.jpg\" width=\"556\" height=\"782\" srcset=\"https:\/\/ujkafe.website\/wp-content\/uploads\/2014\/01\/moser2.jpg 1544w, https:\/\/ujkafe.website\/wp-content\/uploads\/2014\/01\/moser2-213x300.jpg 213w, https:\/\/ujkafe.website\/wp-content\/uploads\/2014\/01\/moser2-727x1024.jpg 727w\" sizes=\"auto, (max-width: 556px) 100vw, 556px\" \/><\/a><p id=\"caption-attachment-28307\" class=\"wp-caption-text\">M\u00f3ser Zolt\u00e1n fot\u00f3ja<\/p><\/div>\n","protected":false},"excerpt":{"rendered":"<p>M\u00f3ser Zolt\u00e1n fot\u00f3m\u0171v\u00e9sz \u00e9s Tam\u00e1s Menyh\u00e9rt k\u00f6lt\u0151 k\u00f6z\u00f6s, verses fot\u00f3album\u00e1t mutatt\u00e1k be a napokban Cs\u00edkszered\u00e1ban, a mad\u00e9falvi veszedelem 250. \u00e9vfordul\u00f3ja alkalm\u00e1b\u00f3l. A fot\u00f3khoz \u00edrt verseket tartalmaz\u00f3 f\u00fczet k\u00f6nyvterv\u00e9t \u00c1d\u00e1m Gyula k\u00e9sz\u00edtette. Al\u00e1bb a m\u0171b\u0151l id\u00e9z\u00fcnk egy k\u00e9pet, a megfelel\u0151 sz\u00f6veggel (K\u00e1f\u00e9 f\u0151nix)<\/p>\n","protected":false},"author":3,"featured_media":0,"comment_status":"open","ping_status":"open","sticky":false,"template":"","format":"standard","meta":{"_monsterinsights_skip_tracking":false,"_monsterinsights_sitenote_active":false,"_monsterinsights_sitenote_note":"","_monsterinsights_sitenote_category":0,"ngg_post_thumbnail":0,"footnotes":""},"categories":[5,4],"tags":[],"class_list":["post-28302","post","type-post","status-publish","format-standard","hentry","category-foto","category-vers"],"_links":{"self":[{"href":"https:\/\/ujkafe.website\/index.php?rest_route=\/wp\/v2\/posts\/28302","targetHints":{"allow":["GET"]}}],"collection":[{"href":"https:\/\/ujkafe.website\/index.php?rest_route=\/wp\/v2\/posts"}],"about":[{"href":"https:\/\/ujkafe.website\/index.php?rest_route=\/wp\/v2\/types\/post"}],"author":[{"embeddable":true,"href":"https:\/\/ujkafe.website\/index.php?rest_route=\/wp\/v2\/users\/3"}],"replies":[{"embeddable":true,"href":"https:\/\/ujkafe.website\/index.php?rest_route=%2Fwp%2Fv2%2Fcomments&post=28302"}],"version-history":[{"count":0,"href":"https:\/\/ujkafe.website\/index.php?rest_route=\/wp\/v2\/posts\/28302\/revisions"}],"wp:attachment":[{"href":"https:\/\/ujkafe.website\/index.php?rest_route=%2Fwp%2Fv2%2Fmedia&parent=28302"}],"wp:term":[{"taxonomy":"category","embeddable":true,"href":"https:\/\/ujkafe.website\/index.php?rest_route=%2Fwp%2Fv2%2Fcategories&post=28302"},{"taxonomy":"post_tag","embeddable":true,"href":"https:\/\/ujkafe.website\/index.php?rest_route=%2Fwp%2Fv2%2Ftags&post=28302"}],"curies":[{"name":"wp","href":"https:\/\/api.w.org\/{rel}","templated":true}]}}