
{"id":28867,"date":"2014-01-31T16:09:07","date_gmt":"2014-01-31T16:09:07","guid":{"rendered":"https:\/\/ujkafe.website\/?p=28867"},"modified":"2014-01-31T16:11:28","modified_gmt":"2014-01-31T16:11:28","slug":"par-perc-az-eletunk-in-memoriam-kinde-annamaria","status":"publish","type":"post","link":"https:\/\/ujkafe.website\/?p=28867","title":{"rendered":"P\u00e1r perc az \u00e9let\u00fcnk &#8211; in memoriam Kinde Annam\u00e1ria"},"content":{"rendered":"<p><a href=\"https:\/\/ujkafe.website\/wp-content\/uploads\/2014\/01\/kinde1.jpg\"><img loading=\"lazy\" decoding=\"async\" class=\"alignnone size-full wp-image-28868\" alt=\"kinde\" src=\"https:\/\/ujkafe.website\/wp-content\/uploads\/2014\/01\/kinde1.jpg\" width=\"625\" height=\"423\" srcset=\"https:\/\/ujkafe.website\/wp-content\/uploads\/2014\/01\/kinde1.jpg 625w, https:\/\/ujkafe.website\/wp-content\/uploads\/2014\/01\/kinde1-300x203.jpg 300w\" sizes=\"auto, (max-width: 625px) 100vw, 625px\" \/><\/a><\/p>\n<p>A nemr\u00e9g \u00fajra \u00e9ledt temesv\u00e1ri Garabonci\u00e1s egy\u00fcttes <em>(Fogarassy Ildik\u00f3, Vasiu Dan, Iord\u0103nescu \u0218tefan, Csutak Istv\u00e1n)<\/em>\u00a0 k\u00f6zeli bar\u00e1tjuk \u00e9s munkat\u00e1rsuk, sz\u00f6veg\u00edr\u00f3juk &#8211; a k\u00f6lt\u0151 Kinde Annam\u00e1ria &#8211; eml\u00e9k\u00e9re \u00faj dalt ind\u00edtottak \u00fatj\u00e1ra a youtube-on Annam\u00e1ria sz\u00f6veg\u00e9re. Zen\u00e9j\u00e9t szerezte Csutak Istv\u00e1n. Hallgassuk szeretettel (a hivatkoz\u00e1sra kattintva) \u00e9s gondoljunk arra, amit a k\u00f6lt\u0151n\u0151 \u00fczen: <em>&#8222;Nem voltunk rosszabbak, de jobbak se a t\u00f6bbin\u00e9l&#8230;&#8221;<\/em><\/p>\n<p><a href=\"https:\/\/www.youtube.com\/watch?v=oT2FGdhXEyM&amp;feature=em-upload_owner\">https:\/\/www.youtube.com\/watch?v=oT2FGdhXEyM&amp;feature=em-upload_owner<\/a><\/p>\n","protected":false},"excerpt":{"rendered":"<p>A nemr\u00e9g \u00fajra \u00e9ledt temesv\u00e1ri Garabonci\u00e1s egy\u00fcttes (Fogarassy Ildik\u00f3, Vasiu Dan, Iord\u0103nescu \u0218tefan, Csutak Istv\u00e1n)\u00a0 k\u00f6zeli bar\u00e1tjuk \u00e9s munkat\u00e1rsuk, sz\u00f6veg\u00edr\u00f3juk &#8211; a k\u00f6lt\u0151 Kinde Annam\u00e1ria &#8211; eml\u00e9k\u00e9re \u00faj dalt ind\u00edtottak \u00fatj\u00e1ra a youtube-on Annam\u00e1ria sz\u00f6veg\u00e9re. Zen\u00e9j\u00e9t szerezte Csutak Istv\u00e1n. Hallgassuk szeretettel (a hivatkoz\u00e1sra kattintva) \u00e9s gondoljunk arra, amit a k\u00f6lt\u0151n\u0151 \u00fczen: &#8222;Nem voltunk rosszabbak, de [&hellip;]<\/p>\n","protected":false},"author":3,"featured_media":0,"comment_status":"open","ping_status":"open","sticky":false,"template":"","format":"standard","meta":{"_monsterinsights_skip_tracking":false,"_monsterinsights_sitenote_active":false,"_monsterinsights_sitenote_note":"","_monsterinsights_sitenote_category":0,"ngg_post_thumbnail":0,"footnotes":""},"categories":[28],"tags":[],"class_list":["post-28867","post","type-post","status-publish","format-standard","hentry","category-dal"],"_links":{"self":[{"href":"https:\/\/ujkafe.website\/index.php?rest_route=\/wp\/v2\/posts\/28867","targetHints":{"allow":["GET"]}}],"collection":[{"href":"https:\/\/ujkafe.website\/index.php?rest_route=\/wp\/v2\/posts"}],"about":[{"href":"https:\/\/ujkafe.website\/index.php?rest_route=\/wp\/v2\/types\/post"}],"author":[{"embeddable":true,"href":"https:\/\/ujkafe.website\/index.php?rest_route=\/wp\/v2\/users\/3"}],"replies":[{"embeddable":true,"href":"https:\/\/ujkafe.website\/index.php?rest_route=%2Fwp%2Fv2%2Fcomments&post=28867"}],"version-history":[{"count":0,"href":"https:\/\/ujkafe.website\/index.php?rest_route=\/wp\/v2\/posts\/28867\/revisions"}],"wp:attachment":[{"href":"https:\/\/ujkafe.website\/index.php?rest_route=%2Fwp%2Fv2%2Fmedia&parent=28867"}],"wp:term":[{"taxonomy":"category","embeddable":true,"href":"https:\/\/ujkafe.website\/index.php?rest_route=%2Fwp%2Fv2%2Fcategories&post=28867"},{"taxonomy":"post_tag","embeddable":true,"href":"https:\/\/ujkafe.website\/index.php?rest_route=%2Fwp%2Fv2%2Ftags&post=28867"}],"curies":[{"name":"wp","href":"https:\/\/api.w.org\/{rel}","templated":true}]}}