
{"id":29724,"date":"2014-03-15T09:02:02","date_gmt":"2014-03-15T09:02:02","guid":{"rendered":"https:\/\/ujkafe.website\/?p=29724"},"modified":"2014-03-15T09:03:01","modified_gmt":"2014-03-15T09:03:01","slug":"balint-zsigmond-vigh-ida-tiszta-szobaja","status":"publish","type":"post","link":"https:\/\/ujkafe.website\/?p=29724","title":{"rendered":"B\u00e1lint Zsigmond: Vigh Ida tiszta szob\u00e1ja"},"content":{"rendered":"<div id=\"attachment_29725\" style=\"width: 639px\" class=\"wp-caption alignnone\"><a href=\"https:\/\/ujkafe.website\/wp-content\/uploads\/2014\/03\/Ida-n\u00e9ni-90-\u00e9ves-Torock\u00f3-2014.jpg\"><img loading=\"lazy\" decoding=\"async\" aria-describedby=\"caption-attachment-29725\" class=\"size-full wp-image-29725\" alt=\"Ida n\u00e9ni 90 \u00e9ves (Torock\u00f3 2014)\" src=\"https:\/\/ujkafe.website\/wp-content\/uploads\/2014\/03\/Ida-n\u00e9ni-90-\u00e9ves-Torock\u00f3-2014.jpg\" width=\"629\" height=\"420\" srcset=\"https:\/\/ujkafe.website\/wp-content\/uploads\/2014\/03\/Ida-n\u00e9ni-90-\u00e9ves-Torock\u00f3-2014.jpg 629w, https:\/\/ujkafe.website\/wp-content\/uploads\/2014\/03\/Ida-n\u00e9ni-90-\u00e9ves-Torock\u00f3-2014-300x200.jpg 300w\" sizes=\"auto, (max-width: 629px) 100vw, 629px\" \/><\/a><p id=\"caption-attachment-29725\" class=\"wp-caption-text\">Kellemes tal\u00e1lkoz\u00e1s volt a torock\u00f3i 90 \u00e9ves Vigh Ida n\u00e9nivel aki eredeti form\u00e1j\u00e1ban meg\u0151rizte a sz\u00fcleit\u0151l \u00f6r\u00f6k\u00f6lt tiszta szoba berendez\u00e9seit. Most Margit le\u00e1nya gondozza \u00e9s sz\u00edvesen megmutatja az \u00e9rdekl\u0151d\u0151knek. (Tov\u00e1bb&#8230;)<\/p><\/div>\n<p><!--more--><\/p>\n<div id=\"attachment_29726\" style=\"width: 480px\" class=\"wp-caption alignnone\"><a href=\"https:\/\/ujkafe.website\/wp-content\/uploads\/2014\/03\/Eredeti-torock\u00f3i-szoba-2014.jpg\"><img loading=\"lazy\" decoding=\"async\" aria-describedby=\"caption-attachment-29726\" class=\"size-full wp-image-29726\" alt=\"Eredeti torock\u00f3i szoba (2014)\" src=\"https:\/\/ujkafe.website\/wp-content\/uploads\/2014\/03\/Eredeti-torock\u00f3i-szoba-2014.jpg\" width=\"470\" height=\"704\" srcset=\"https:\/\/ujkafe.website\/wp-content\/uploads\/2014\/03\/Eredeti-torock\u00f3i-szoba-2014.jpg 470w, https:\/\/ujkafe.website\/wp-content\/uploads\/2014\/03\/Eredeti-torock\u00f3i-szoba-2014-200x300.jpg 200w\" sizes=\"auto, (max-width: 470px) 100vw, 470px\" \/><\/a><p id=\"caption-attachment-29726\" class=\"wp-caption-text\">Eredeti torock\u00f3i szoba (2014)<\/p><\/div>\n<p>&nbsp;<\/p>\n<p>&nbsp;<\/p>\n<p><!--more--><\/p>\n","protected":false},"excerpt":{"rendered":"","protected":false},"author":3,"featured_media":0,"comment_status":"open","ping_status":"open","sticky":false,"template":"","format":"standard","meta":{"_monsterinsights_skip_tracking":false,"_monsterinsights_sitenote_active":false,"_monsterinsights_sitenote_note":"","_monsterinsights_sitenote_category":0,"ngg_post_thumbnail":0,"footnotes":""},"categories":[5],"tags":[],"class_list":["post-29724","post","type-post","status-publish","format-standard","hentry","category-foto"],"_links":{"self":[{"href":"https:\/\/ujkafe.website\/index.php?rest_route=\/wp\/v2\/posts\/29724","targetHints":{"allow":["GET"]}}],"collection":[{"href":"https:\/\/ujkafe.website\/index.php?rest_route=\/wp\/v2\/posts"}],"about":[{"href":"https:\/\/ujkafe.website\/index.php?rest_route=\/wp\/v2\/types\/post"}],"author":[{"embeddable":true,"href":"https:\/\/ujkafe.website\/index.php?rest_route=\/wp\/v2\/users\/3"}],"replies":[{"embeddable":true,"href":"https:\/\/ujkafe.website\/index.php?rest_route=%2Fwp%2Fv2%2Fcomments&post=29724"}],"version-history":[{"count":0,"href":"https:\/\/ujkafe.website\/index.php?rest_route=\/wp\/v2\/posts\/29724\/revisions"}],"wp:attachment":[{"href":"https:\/\/ujkafe.website\/index.php?rest_route=%2Fwp%2Fv2%2Fmedia&parent=29724"}],"wp:term":[{"taxonomy":"category","embeddable":true,"href":"https:\/\/ujkafe.website\/index.php?rest_route=%2Fwp%2Fv2%2Fcategories&post=29724"},{"taxonomy":"post_tag","embeddable":true,"href":"https:\/\/ujkafe.website\/index.php?rest_route=%2Fwp%2Fv2%2Ftags&post=29724"}],"curies":[{"name":"wp","href":"https:\/\/api.w.org\/{rel}","templated":true}]}}