
{"id":30143,"date":"2014-04-04T16:47:06","date_gmt":"2014-04-04T16:47:06","guid":{"rendered":"https:\/\/ujkafe.website\/?p=30143"},"modified":"2014-04-04T16:47:06","modified_gmt":"2014-04-04T16:47:06","slug":"guberalok","status":"publish","type":"post","link":"https:\/\/ujkafe.website\/?p=30143","title":{"rendered":"Guber\u00e1l\u00f3k"},"content":{"rendered":"<div id=\"attachment_30144\" style=\"width: 643px\" class=\"wp-caption alignnone\"><a href=\"https:\/\/ujkafe.website\/wp-content\/uploads\/2014\/04\/pataret_fototanu.jpg\"><img loading=\"lazy\" decoding=\"async\" aria-describedby=\"caption-attachment-30144\" class=\" wp-image-30144\" alt=\"pataret_fototanu\" src=\"https:\/\/ujkafe.website\/wp-content\/uploads\/2014\/04\/pataret_fototanu.jpg\" width=\"633\" height=\"442\" srcset=\"https:\/\/ujkafe.website\/wp-content\/uploads\/2014\/04\/pataret_fototanu.jpg 904w, https:\/\/ujkafe.website\/wp-content\/uploads\/2014\/04\/pataret_fototanu-300x209.jpg 300w\" sizes=\"auto, (max-width: 633px) 100vw, 633px\" \/><\/a><p id=\"caption-attachment-30144\" class=\"wp-caption-text\">Fot\u00f3 Frink J\u00f3zsef P\u00e1l<\/p><\/div>\n<p>Kolozsv\u00e1ron, a v\u00e1roson k\u00edv\u00fcl, d\u00e9lnyugati ir\u00e1nyban van egy dombh\u00e1t, amit Patar\u00e9tnek h\u00edvnak. Sajnos, a neve t\u00fals\u00e1gosan sz\u00e9p ahhoz, amilyen l\u00e1tv\u00e1nyt az a hely ny\u00fajt. <!--more-->Gyerekkoromban m\u00e9g bivalyok legeltek a szel\u00edd dombon, lassan majszolt\u00e1k a durva sz\u00e1l\u00fa f\u00fcvet, az agyagos f\u00f6ld\u00f6n meg\u00fclepedett pocsoly\u00e1k sz\u00e9l\u00e9n n\u0151tt s\u00e1t\u00e9t \u00e9s boldogan fetrengtek a nedves agyagban, egy-egy g\u00fcbben\u0151ben. A r\u00e9t mindig tele volt a puha talajba nyom\u00f3dott patanyomokkal, gyerekfejjel nyilv\u00e1nval\u00f3nak tartottuk, hogy emiatt h\u00edvj\u00e1k Patar\u00e9tnek a vid\u00e9ket.<\/p>\n<p>J\u00f3ideje a r\u00e9t a v\u00e1ros szem\u00e9tg\u00f6dr\u00e9v\u00e9 v\u00e1lt. Oda hordt\u00e1k ki ut\u00e1nfut\u00f3kkal, teheraut\u00f3kkal, \u00f6n\u00fcr\u00edt\u0151 g\u00e9pkocsikkal a v\u00e1ros szemet\u00e9t. Ameddig a szem ell\u00e1t, f\u00fcst\u00f6lg\u0151 szennybe, hullad\u00e9kba, n\u00e1jloncafatokba, emberi \u00e9letek darabokra t\u00f6rt d\u00edszleteibe botlik a tekintet, s a telep mellett eg\u00e9sz kisv\u00e1rosnyi kartonb\u00f3l, b\u00e1dogb\u00f3l \u00f6sszer\u00f3tt visk\u00f3: benn\u00fck laknak a patar\u00e9ti cig\u00e1nyok, id\u0151sek \u00e9s fiatalok, gyerekek vegyesen, akik az\u00e9rt telepedtek meg itt, hogy a szem\u00e9t f\u00f6l\u00f6tt pr\u00e9d\u00e1ra les\u0151 madarakkal versenyre kelve guber\u00e1ljanak a kihordott szem\u00e9tben.<\/p>\n<p>Ez a meg\u00e9lhet\u00e9si forr\u00e1suk, a sz\u00fcl\u0151f\u00f6ldj\u00fck. A v\u00e1ros hivataloss\u00e1gai hossz\u00fa \u00e9vek \u00f3ta pr\u00f3b\u00e1lj\u00e1k elszak\u00edtani \u0151ket e szennyez\u0151 \u00e9s embertelen k\u00f6rnyezetb\u0151l, de hi\u00e1ba. A legkisebbek m\u00e1r ott sz\u00fclettek, ott n\u0151ttek fel a szem\u00e9tben turk\u00e1lva. Filmesek, fot\u00f3sok, \u00fajs\u00e1g\u00edr\u00f3k j\u00e1rnak a Patar\u00e9t \u00e9s lak\u00f3i csod\u00e1j\u00e1ra. Aki \u0151ket filmezi, \u00f6r\u00f6k\u00edti meg, biztos sikerre sz\u00e1m\u00edthat.<\/p>\n<p>Mit is lehet vel\u00fck kezdeni?<\/p>\n<p>2002-ben De\u00e1k J\u00f3zsef, Frink J\u00f3zsef P\u00e1l \u00e9s Vas G\u00e9za kolozsv\u00e1ri fot\u00f3sok v\u00e1ndorki\u00e1ll\u00edt\u00e1son h\u00edvt\u00e1k fel sorsukra Erd\u00e9ly figyelm\u00e9t. A ki\u00e1ll\u00edt\u00e1sr\u00f3l val\u00f3 Frink J\u00f3zsef P\u00e1lnak a guber\u00e1l\u00f3kr\u00f3l k\u00e9sz\u00fclt felv\u00e9tele, annak idej\u00e9n megjelent a Rom\u00e1niai Magyar Sz\u00f3ban.<\/p>\n<p style=\"text-align: right;\"><em><strong>Cseke G\u00e1bor<\/strong><\/em><\/p>\n<p><a href=\"http:\/\/fototanu.blogspot.ro\/2009\/09\/guberalok.html\"><em>Forr\u00e1s: Fot\u00f3tan\u00fa<\/em><\/a><\/p>\n","protected":false},"excerpt":{"rendered":"<p>Kolozsv\u00e1ron, a v\u00e1roson k\u00edv\u00fcl, d\u00e9lnyugati ir\u00e1nyban van egy dombh\u00e1t, amit Patar\u00e9tnek h\u00edvnak. Sajnos, a neve t\u00fals\u00e1gosan sz\u00e9p ahhoz, amilyen l\u00e1tv\u00e1nyt az a hely ny\u00fajt.<\/p>\n","protected":false},"author":3,"featured_media":0,"comment_status":"open","ping_status":"open","sticky":false,"template":"","format":"standard","meta":{"_monsterinsights_skip_tracking":false,"_monsterinsights_sitenote_active":false,"_monsterinsights_sitenote_note":"","_monsterinsights_sitenote_category":0,"ngg_post_thumbnail":0,"footnotes":""},"categories":[5],"tags":[],"class_list":["post-30143","post","type-post","status-publish","format-standard","hentry","category-foto"],"_links":{"self":[{"href":"https:\/\/ujkafe.website\/index.php?rest_route=\/wp\/v2\/posts\/30143","targetHints":{"allow":["GET"]}}],"collection":[{"href":"https:\/\/ujkafe.website\/index.php?rest_route=\/wp\/v2\/posts"}],"about":[{"href":"https:\/\/ujkafe.website\/index.php?rest_route=\/wp\/v2\/types\/post"}],"author":[{"embeddable":true,"href":"https:\/\/ujkafe.website\/index.php?rest_route=\/wp\/v2\/users\/3"}],"replies":[{"embeddable":true,"href":"https:\/\/ujkafe.website\/index.php?rest_route=%2Fwp%2Fv2%2Fcomments&post=30143"}],"version-history":[{"count":0,"href":"https:\/\/ujkafe.website\/index.php?rest_route=\/wp\/v2\/posts\/30143\/revisions"}],"wp:attachment":[{"href":"https:\/\/ujkafe.website\/index.php?rest_route=%2Fwp%2Fv2%2Fmedia&parent=30143"}],"wp:term":[{"taxonomy":"category","embeddable":true,"href":"https:\/\/ujkafe.website\/index.php?rest_route=%2Fwp%2Fv2%2Fcategories&post=30143"},{"taxonomy":"post_tag","embeddable":true,"href":"https:\/\/ujkafe.website\/index.php?rest_route=%2Fwp%2Fv2%2Ftags&post=30143"}],"curies":[{"name":"wp","href":"https:\/\/api.w.org\/{rel}","templated":true}]}}