
{"id":3031,"date":"2010-08-06T05:44:26","date_gmt":"2010-08-06T05:44:26","guid":{"rendered":"https:\/\/ujkafe.website\/?p=3031"},"modified":"2010-08-06T05:44:26","modified_gmt":"2010-08-06T05:44:26","slug":"marton-ildiko-regi-uj-galeria","status":"publish","type":"post","link":"https:\/\/ujkafe.website\/?p=3031","title":{"rendered":"M\u00e1rton Ildik\u00f3: R\u00e9gi-\u00faj gal\u00e9ria"},"content":{"rendered":"ngg_shortcode_0_placeholder\n<p><em>Az idei cs\u00edkszeredai v\u00e1rosnapokra felavatt\u00e1k a Kossuth utc\u00e1ban tal\u00e1lhat\u00f3 egykori m\u0171v\u00e9sz gal\u00e9ria feljav\u00edtott-fel\u00faj\u00edtott m\u00e1s\u00e1t, s benne a Hargita megyei \u00e9p\u00edt\u00e9szek h\u00fasz \u00e9v\u00e9nek (1990-2010) sz\u00e1mvet\u00e9s\u00e9t. A falakon l\u00e9v\u0151 tervek nagyr\u00e9szt m\u00e1r megval\u00f3sultak.<\/em><\/p>\n","protected":false},"excerpt":{"rendered":"<p>Az idei cs\u00edkszeredai v\u00e1rosnapokra felavatt\u00e1k a Kossuth utc\u00e1ban tal\u00e1lhat\u00f3 egykori m\u0171v\u00e9sz gal\u00e9ria feljav\u00edtott-fel\u00faj\u00edtott m\u00e1s\u00e1t, s benne a Hargita megyei \u00e9p\u00edt\u00e9szek h\u00fasz \u00e9v\u00e9nek (1990-2010) sz\u00e1mvet\u00e9s\u00e9t. A falakon l\u00e9v\u0151 tervek nagyr\u00e9szt m\u00e1r megval\u00f3sultak.<\/p>\n","protected":false},"author":3,"featured_media":0,"comment_status":"open","ping_status":"open","sticky":false,"template":"","format":"standard","meta":{"_monsterinsights_skip_tracking":false,"_monsterinsights_sitenote_active":false,"_monsterinsights_sitenote_note":"","_monsterinsights_sitenote_category":0,"ngg_post_thumbnail":0,"footnotes":""},"categories":[5],"tags":[],"class_list":["post-3031","post","type-post","status-publish","format-standard","hentry","category-foto"],"_links":{"self":[{"href":"https:\/\/ujkafe.website\/index.php?rest_route=\/wp\/v2\/posts\/3031","targetHints":{"allow":["GET"]}}],"collection":[{"href":"https:\/\/ujkafe.website\/index.php?rest_route=\/wp\/v2\/posts"}],"about":[{"href":"https:\/\/ujkafe.website\/index.php?rest_route=\/wp\/v2\/types\/post"}],"author":[{"embeddable":true,"href":"https:\/\/ujkafe.website\/index.php?rest_route=\/wp\/v2\/users\/3"}],"replies":[{"embeddable":true,"href":"https:\/\/ujkafe.website\/index.php?rest_route=%2Fwp%2Fv2%2Fcomments&post=3031"}],"version-history":[{"count":0,"href":"https:\/\/ujkafe.website\/index.php?rest_route=\/wp\/v2\/posts\/3031\/revisions"}],"wp:attachment":[{"href":"https:\/\/ujkafe.website\/index.php?rest_route=%2Fwp%2Fv2%2Fmedia&parent=3031"}],"wp:term":[{"taxonomy":"category","embeddable":true,"href":"https:\/\/ujkafe.website\/index.php?rest_route=%2Fwp%2Fv2%2Fcategories&post=3031"},{"taxonomy":"post_tag","embeddable":true,"href":"https:\/\/ujkafe.website\/index.php?rest_route=%2Fwp%2Fv2%2Ftags&post=3031"}],"curies":[{"name":"wp","href":"https:\/\/api.w.org\/{rel}","templated":true}]}}