
{"id":30652,"date":"2014-04-23T17:42:31","date_gmt":"2014-04-23T17:42:31","guid":{"rendered":"https:\/\/ujkafe.website\/?p=30652"},"modified":"2014-04-23T17:42:31","modified_gmt":"2014-04-23T17:42:31","slug":"b-tomos-hajnal-kesei-kuzdelem","status":"publish","type":"post","link":"https:\/\/ujkafe.website\/?p=30652","title":{"rendered":"B. Tomos Hajnal: K\u00e9sei k\u00fczdelem"},"content":{"rendered":"<div id=\"attachment_30653\" style=\"width: 627px\" class=\"wp-caption alignnone\"><a href=\"https:\/\/ujkafe.website\/wp-content\/uploads\/2014\/04\/sarkanyolo_tomos.jpg\"><img loading=\"lazy\" decoding=\"async\" aria-describedby=\"caption-attachment-30653\" class=\" wp-image-30653\" alt=\"sarkanyolo_tomos\" src=\"https:\/\/ujkafe.website\/wp-content\/uploads\/2014\/04\/sarkanyolo_tomos.jpg\" width=\"617\" height=\"463\" srcset=\"https:\/\/ujkafe.website\/wp-content\/uploads\/2014\/04\/sarkanyolo_tomos.jpg 1028w, https:\/\/ujkafe.website\/wp-content\/uploads\/2014\/04\/sarkanyolo_tomos-300x225.jpg 300w, https:\/\/ujkafe.website\/wp-content\/uploads\/2014\/04\/sarkanyolo_tomos-1024x768.jpg 1024w\" sizes=\"auto, (max-width: 617px) 100vw, 617px\" \/><\/a><p id=\"caption-attachment-30653\" class=\"wp-caption-text\">Gy\u00f6rgy, a s\u00e1rk\u00e1ny\u00f6l\u0151<\/p><\/div>\n<p>Ism\u00e9t a l\u00f3 h\u00e1t\u00e1n,<br \/>\nmost m\u00e1r t\u00f6bb \u00e9sszel,<br \/>\nbiztos t\u00f6rv\u00e9nnyel<br \/>\nc\u00e9lzom a s\u00e1rk\u00e1ny sziv\u00e9t,<br \/>\n\u00e1t a m\u00e1rv\u00e1ny-pikkelyen,<br \/>\nteljes tests\u00fallyal r\u00e1d\u0151lve,<br \/>\nha belet\u00f6rik is a csont,<br \/>\na l\u00e1ndzsahegy,<br \/>\nsz\u00e1zadszorra is visszapattan<br \/>\na makacsul kiagyalt fort\u00e9ly &#8211;<br \/>\ns\u00e1rk\u00e1ny szive,<br \/>\n(lovas melle?)<br \/>\nv\u00e9g\u00fcl csak kileheli<br \/>\na skarl\u00e1t-b\u00facs\u00fat.<\/p>\n","protected":false},"excerpt":{"rendered":"<p>Ism\u00e9t a l\u00f3 h\u00e1t\u00e1n, most m\u00e1r t\u00f6bb \u00e9sszel, biztos t\u00f6rv\u00e9nnyel c\u00e9lzom a s\u00e1rk\u00e1ny sziv\u00e9t, \u00e1t a m\u00e1rv\u00e1ny-pikkelyen, teljes tests\u00fallyal r\u00e1d\u0151lve, ha belet\u00f6rik is a csont, a l\u00e1ndzsahegy, sz\u00e1zadszorra is visszapattan a makacsul kiagyalt fort\u00e9ly &#8211; s\u00e1rk\u00e1ny szive, (lovas melle?) v\u00e9g\u00fcl csak kileheli a skarl\u00e1t-b\u00facs\u00fat.<\/p>\n","protected":false},"author":3,"featured_media":0,"comment_status":"open","ping_status":"open","sticky":false,"template":"","format":"standard","meta":{"_monsterinsights_skip_tracking":false,"_monsterinsights_sitenote_active":false,"_monsterinsights_sitenote_note":"","_monsterinsights_sitenote_category":0,"ngg_post_thumbnail":0,"footnotes":""},"categories":[5,4],"tags":[],"class_list":["post-30652","post","type-post","status-publish","format-standard","hentry","category-foto","category-vers"],"_links":{"self":[{"href":"https:\/\/ujkafe.website\/index.php?rest_route=\/wp\/v2\/posts\/30652","targetHints":{"allow":["GET"]}}],"collection":[{"href":"https:\/\/ujkafe.website\/index.php?rest_route=\/wp\/v2\/posts"}],"about":[{"href":"https:\/\/ujkafe.website\/index.php?rest_route=\/wp\/v2\/types\/post"}],"author":[{"embeddable":true,"href":"https:\/\/ujkafe.website\/index.php?rest_route=\/wp\/v2\/users\/3"}],"replies":[{"embeddable":true,"href":"https:\/\/ujkafe.website\/index.php?rest_route=%2Fwp%2Fv2%2Fcomments&post=30652"}],"version-history":[{"count":0,"href":"https:\/\/ujkafe.website\/index.php?rest_route=\/wp\/v2\/posts\/30652\/revisions"}],"wp:attachment":[{"href":"https:\/\/ujkafe.website\/index.php?rest_route=%2Fwp%2Fv2%2Fmedia&parent=30652"}],"wp:term":[{"taxonomy":"category","embeddable":true,"href":"https:\/\/ujkafe.website\/index.php?rest_route=%2Fwp%2Fv2%2Fcategories&post=30652"},{"taxonomy":"post_tag","embeddable":true,"href":"https:\/\/ujkafe.website\/index.php?rest_route=%2Fwp%2Fv2%2Ftags&post=30652"}],"curies":[{"name":"wp","href":"https:\/\/api.w.org\/{rel}","templated":true}]}}