
{"id":30662,"date":"2014-04-24T18:58:16","date_gmt":"2014-04-24T18:58:16","guid":{"rendered":"https:\/\/ujkafe.website\/?p=30662"},"modified":"2014-04-24T18:58:42","modified_gmt":"2014-04-24T18:58:42","slug":"orban-balazs-nyomdokan-eted-kozsegben","status":"publish","type":"post","link":"https:\/\/ujkafe.website\/?p=30662","title":{"rendered":"Orb\u00e1n Bal\u00e1zs nyomdok\u00e1n Et\u00e9d k\u00f6zs\u00e9gben"},"content":{"rendered":"<div id=\"attachment_30663\" style=\"width: 627px\" class=\"wp-caption alignnone\"><a href=\"https:\/\/ujkafe.website\/wp-content\/uploads\/2014\/04\/Siklod-2005-Foto-Balazs-Odon.jpg\"><img loading=\"lazy\" decoding=\"async\" aria-describedby=\"caption-attachment-30663\" class=\" wp-image-30663\" alt=\"Siklod 2005 - Foto Balazs Odon\" src=\"https:\/\/ujkafe.website\/wp-content\/uploads\/2014\/04\/Siklod-2005-Foto-Balazs-Odon.jpg\" width=\"617\" height=\"400\" srcset=\"https:\/\/ujkafe.website\/wp-content\/uploads\/2014\/04\/Siklod-2005-Foto-Balazs-Odon.jpg 1028w, https:\/\/ujkafe.website\/wp-content\/uploads\/2014\/04\/Siklod-2005-Foto-Balazs-Odon-300x194.jpg 300w, https:\/\/ujkafe.website\/wp-content\/uploads\/2014\/04\/Siklod-2005-Foto-Balazs-Odon-1024x664.jpg 1024w\" sizes=\"auto, (max-width: 617px) 100vw, 617px\" \/><\/a><p id=\"caption-attachment-30663\" class=\"wp-caption-text\">Sikl\u00f3d, 2005 \/ Fot\u00f3 Bal\u00e1zs \u00d6d\u00f6n<\/p><\/div>\n<p>A Hargita megye nyugati cs\u00fccsk\u00e9ben tal\u00e1lhat\u00f3 udvarhelysz\u00e9ki Et\u00e9d k\u00f6zs\u00e9g ad otthont 2014. \u00e1prilis 25. \u00e9s m\u00e1jus 2. k\u00f6z\u00f6tt, sorban a XXX. Orb\u00e1n Bal\u00e1zs nev\u00e9t visel\u0151 dokument\u00e1ci\u00f3s fot\u00f3t\u00e1bornak, amelyet az Udvarhelysz\u00e9k Kultur\u00e1lis Egyes\u00fclet \u00e9s az Exposia Alkot\u00f3csoport szervez a helyi polg\u00e1rmesteri hivatallal kar\u00f6ltve, annak t\u00e1mogat\u00e1s\u00e1val.<!--more--><br \/>\nA K\u00fcsm\u0151d \u00e9s a Firtos patakok tal\u00e1lkoz\u00e1s\u00e1n\u00e1l kialakult medenc\u00e9ben fekv\u0151 k\u00f6zs\u00e9gk\u00f6zponthoz k\u00f6zigazgat\u00e1silag m\u00e9g K\u00fcsm\u0151d, Sikl\u00f3d, K\u0151rispatak \u00e9s \u00c9nlaka tartozik. Egykor a n\u00e9pi mesters\u00e9gek (mint pl. ors\u00f3k\u00e9sz\u00edt\u00e9s, s\u00e1rkov\u00e1csol\u00e1s, szalmafeldolgoz\u00e1s, stb.) sokas\u00e1g\u00e1r\u00f3l, valamint a gy\u00fcm\u00f6lcstermeszt\u00e9s ter\u00e9n voltak messzi vid\u00e9keken h\u00edresek, ismertek ezek a falvak. Manaps\u00e1g hagyom\u00e1nyos foglalkoz\u00e1sok ter\u00e9n az \u00e1llatteny\u00e9szt\u00e9s \u00e9s a f\u00f6ldm\u0171vel\u00e9s a meghat\u00e1roz\u00f3, valamint n\u00e9h\u00e1ny mesterember is tev\u00e9kenykedik m\u00e9g. Ezek k\u00f6z\u00fcl eml\u00edt\u00e9st \u00e9rdemel a szalma feldolgoz\u00e1s, az asztalos, patkol\u00f3kov\u00e1cs, k\u0151m\u0171ves, \u00e1cs-mesters\u00e9g, valamint a sz\u00f6v\u00e9s, a cig\u00e1ny csal\u00e1dok k\u00f6z\u00fcl n\u00e9h\u00e1ny pedig sepr\u0171k\u00f6t\u00e9ssel, kos\u00e1rfon\u00e1ssal \u00e9s l\u00e1bt\u00f6rl\u0151k\u00e9sz\u00edt\u00e9ssel foglalkozik. A k\u00f6zs\u00e9g egyes falvaiban a n\u00e9pi \u00e9p\u00edt\u00e9szet sz\u00e9pen meg\u0151rz\u0151d\u00f6tt remekm\u0171veivel, r\u00e9szleteivel tal\u00e1lkozhatunk m\u00e9g, csod\u00e1lhatjuk meg azokat. A r\u00e9sztvev\u0151 fot\u00f3sok, akik eredm\u00e9nyes szerepl\u0151i hazai \u00e9s nemzetk\u00f6zi megm\u00e9rettet\u00e9seknek: Bal\u00e1zs \u00d6d\u00f6n (Sz\u00e9kelyudvarhely), Er\u0151s Zolt\u00e1n (Gyergy\u00f3sz\u00e1rhegy), G\u00e1bor Lajos (M\u00e1r\u00e9falva), Kerekes Istv\u00e1n (Kazincbarcika \u2013 Magyarorsz\u00e1g), So\u00f3s Attila (Kolozsv\u00e1r), Tordai Ede (Marosv\u00e1s\u00e1rhely), Vinczefi L\u00e1szl\u00f3 (Sepsiszentgy\u00f6rgy), \u2013 e hagyom\u00e1nyos \u00e9letforma k\u00e9pi meg\u00f6r\u00f6k\u00edt\u00e9s\u00e9re t\u00f6rekszenek.<br \/>\nA fot\u00f3t\u00e1borok f\u0151 c\u00e9lja az ezredfordul\u00f3 eleji, gyorsan v\u00e1ltoz\u00f3 Udvarhelysz\u00e9k hagyom\u00e1nyos \u00e9letform\u00e1j\u00e1nak, t\u00e1jainak min\u0151s\u00e9gi dokument\u00e1l\u00e1sa, a fotogr\u00e1fia eszk\u00f6zeinek seg\u00edts\u00e9g\u00e9vel.<\/p>\n","protected":false},"excerpt":{"rendered":"<p>A Hargita megye nyugati cs\u00fccsk\u00e9ben tal\u00e1lhat\u00f3 udvarhelysz\u00e9ki Et\u00e9d k\u00f6zs\u00e9g ad otthont 2014. \u00e1prilis 25. \u00e9s m\u00e1jus 2. k\u00f6z\u00f6tt, sorban a XXX. Orb\u00e1n Bal\u00e1zs nev\u00e9t visel\u0151 dokument\u00e1ci\u00f3s fot\u00f3t\u00e1bornak, amelyet az Udvarhelysz\u00e9k Kultur\u00e1lis Egyes\u00fclet \u00e9s az Exposia Alkot\u00f3csoport szervez a helyi polg\u00e1rmesteri hivatallal kar\u00f6ltve, annak t\u00e1mogat\u00e1s\u00e1val.<\/p>\n","protected":false},"author":3,"featured_media":0,"comment_status":"open","ping_status":"open","sticky":false,"template":"","format":"standard","meta":{"_monsterinsights_skip_tracking":false,"_monsterinsights_sitenote_active":false,"_monsterinsights_sitenote_note":"","_monsterinsights_sitenote_category":0,"ngg_post_thumbnail":0,"footnotes":""},"categories":[5],"tags":[],"class_list":["post-30662","post","type-post","status-publish","format-standard","hentry","category-foto"],"_links":{"self":[{"href":"https:\/\/ujkafe.website\/index.php?rest_route=\/wp\/v2\/posts\/30662","targetHints":{"allow":["GET"]}}],"collection":[{"href":"https:\/\/ujkafe.website\/index.php?rest_route=\/wp\/v2\/posts"}],"about":[{"href":"https:\/\/ujkafe.website\/index.php?rest_route=\/wp\/v2\/types\/post"}],"author":[{"embeddable":true,"href":"https:\/\/ujkafe.website\/index.php?rest_route=\/wp\/v2\/users\/3"}],"replies":[{"embeddable":true,"href":"https:\/\/ujkafe.website\/index.php?rest_route=%2Fwp%2Fv2%2Fcomments&post=30662"}],"version-history":[{"count":0,"href":"https:\/\/ujkafe.website\/index.php?rest_route=\/wp\/v2\/posts\/30662\/revisions"}],"wp:attachment":[{"href":"https:\/\/ujkafe.website\/index.php?rest_route=%2Fwp%2Fv2%2Fmedia&parent=30662"}],"wp:term":[{"taxonomy":"category","embeddable":true,"href":"https:\/\/ujkafe.website\/index.php?rest_route=%2Fwp%2Fv2%2Fcategories&post=30662"},{"taxonomy":"post_tag","embeddable":true,"href":"https:\/\/ujkafe.website\/index.php?rest_route=%2Fwp%2Fv2%2Ftags&post=30662"}],"curies":[{"name":"wp","href":"https:\/\/api.w.org\/{rel}","templated":true}]}}