
{"id":3087,"date":"2010-08-08T07:36:41","date_gmt":"2010-08-08T07:36:41","guid":{"rendered":"https:\/\/ujkafe.website\/?p=3087"},"modified":"2010-08-08T07:36:41","modified_gmt":"2010-08-08T07:36:41","slug":"borbath-aron-madarlatta-tarlat","status":"publish","type":"post","link":"https:\/\/ujkafe.website\/?p=3087","title":{"rendered":"Borb\u00e1th \u00c1ron: Mad\u00e1rl\u00e1tta t\u00e1rlat"},"content":{"rendered":"ngg_shortcode_0_placeholder\n<p>H\u00e1t ez volt a Fot\u00f3piknik: szabadt\u00e9ri fot\u00f3t\u00e1rlat a cs\u00edkszeredai K\u00f6zponti Parkban. A v\u00e1rosnapok alkalm\u00e1val. Ki\u00e1ll\u00edtottak a Prisma, illetve a Szeptemberi fot\u00f3sulisok tagjai. \u00c9s m\u00e1s fot\u00f3sok is. Volt ott \u00e1mul\u00e1s \u00e9s b\u00e1mul\u00e1s. A gal\u00e9ria szerz\u0151je viszont els\u0151sorban a munk\u00e1kat fot\u00f3zta &#8211; kiv\u00e1rta, amikor r\u00f6vid id\u0151re tiszta k\u00f6r\u00fcl\u00f6tt\u00fck a leveg\u0151. Az id\u0151 is kegyes volt: nem \u00e1zott el a piknik.<\/p>\n","protected":false},"excerpt":{"rendered":"<p>H\u00e1t ez volt a Fot\u00f3piknik: szabadt\u00e9ri fot\u00f3t\u00e1rlat a cs\u00edkszeredai K\u00f6zponti Parkban. A v\u00e1rosnapok alkalm\u00e1val. Ki\u00e1ll\u00edtottak a Prisma, illetve a Szeptemberi fot\u00f3sulisok tagjai. \u00c9s m\u00e1s fot\u00f3sok is. Volt ott \u00e1mul\u00e1s \u00e9s b\u00e1mul\u00e1s. A gal\u00e9ria szerz\u0151je viszont els\u0151sorban a munk\u00e1kat fot\u00f3zta &#8211; kiv\u00e1rta, amikor r\u00f6vid id\u0151re tiszta k\u00f6r\u00fcl\u00f6tt\u00fck a leveg\u0151. Az id\u0151 is kegyes volt: nem \u00e1zott [&hellip;]<\/p>\n","protected":false},"author":3,"featured_media":0,"comment_status":"open","ping_status":"open","sticky":false,"template":"","format":"standard","meta":{"_monsterinsights_skip_tracking":false,"_monsterinsights_sitenote_active":false,"_monsterinsights_sitenote_note":"","_monsterinsights_sitenote_category":0,"ngg_post_thumbnail":0,"footnotes":""},"categories":[5],"tags":[],"class_list":["post-3087","post","type-post","status-publish","format-standard","hentry","category-foto"],"_links":{"self":[{"href":"https:\/\/ujkafe.website\/index.php?rest_route=\/wp\/v2\/posts\/3087","targetHints":{"allow":["GET"]}}],"collection":[{"href":"https:\/\/ujkafe.website\/index.php?rest_route=\/wp\/v2\/posts"}],"about":[{"href":"https:\/\/ujkafe.website\/index.php?rest_route=\/wp\/v2\/types\/post"}],"author":[{"embeddable":true,"href":"https:\/\/ujkafe.website\/index.php?rest_route=\/wp\/v2\/users\/3"}],"replies":[{"embeddable":true,"href":"https:\/\/ujkafe.website\/index.php?rest_route=%2Fwp%2Fv2%2Fcomments&post=3087"}],"version-history":[{"count":0,"href":"https:\/\/ujkafe.website\/index.php?rest_route=\/wp\/v2\/posts\/3087\/revisions"}],"wp:attachment":[{"href":"https:\/\/ujkafe.website\/index.php?rest_route=%2Fwp%2Fv2%2Fmedia&parent=3087"}],"wp:term":[{"taxonomy":"category","embeddable":true,"href":"https:\/\/ujkafe.website\/index.php?rest_route=%2Fwp%2Fv2%2Fcategories&post=3087"},{"taxonomy":"post_tag","embeddable":true,"href":"https:\/\/ujkafe.website\/index.php?rest_route=%2Fwp%2Fv2%2Ftags&post=3087"}],"curies":[{"name":"wp","href":"https:\/\/api.w.org\/{rel}","templated":true}]}}