
{"id":31652,"date":"2014-06-03T05:53:01","date_gmt":"2014-06-03T05:53:01","guid":{"rendered":"https:\/\/ujkafe.website\/?p=31652"},"modified":"2014-06-03T05:53:01","modified_gmt":"2014-06-03T05:53:01","slug":"garaboncias-veled-maradnek","status":"publish","type":"post","link":"https:\/\/ujkafe.website\/?p=31652","title":{"rendered":"Garabonci\u00e1s: Veled maradn\u00e9k"},"content":{"rendered":"<div style=\"width: 480px;\" class=\"wp-video\"><!--[if lt IE 9]><script>document.createElement('video');<\/script><![endif]-->\n<video class=\"wp-video-shortcode\" id=\"video-31652-1\" width=\"480\" height=\"360\" preload=\"metadata\" controls=\"controls\"><source type=\"video\/mp4\" src=\"https:\/\/ujkafe.website\/wp-content\/uploads\/2014\/06\/Garabonci\u00e1s-Veled-maradn\u00e9k.mp4?_=1\" \/><a href=\"https:\/\/ujkafe.website\/wp-content\/uploads\/2014\/06\/Garabonci\u00e1s-Veled-maradn\u00e9k.mp4\">https:\/\/ujkafe.website\/wp-content\/uploads\/2014\/06\/Garabonci\u00e1s-Veled-maradn\u00e9k.mp4<\/a><\/video><\/div>\n<p><strong>A Veled maradn\u00e9k c. dal zen\u00e9j\u00e9t Fogarassy Ildik\u00f3 szerezte, a sz\u00f6veget Kinde Annam\u00e1ria \u00edrta.\u00a0<\/strong><\/p>\n<p><em>Garabonci\u00e1s egy\u00fcttes, Temesv\u00e1r, 2014<\/em><br \/>\n<em>Csutak Istv\u00e1n, Fogarassy Ildik\u00f3, Vasiu Tibor, \u0218tefan Iord\u0103nescu<\/em><\/p>\n","protected":false},"excerpt":{"rendered":"<p>A Veled maradn\u00e9k c. dal zen\u00e9j\u00e9t Fogarassy Ildik\u00f3 szerezte, a sz\u00f6veget Kinde Annam\u00e1ria \u00edrta.\u00a0 Garabonci\u00e1s egy\u00fcttes, Temesv\u00e1r, 2014 Csutak Istv\u00e1n, Fogarassy Ildik\u00f3, Vasiu Tibor, \u0218tefan Iord\u0103nescu<\/p>\n","protected":false},"author":3,"featured_media":0,"comment_status":"open","ping_status":"open","sticky":false,"template":"","format":"standard","meta":{"_monsterinsights_skip_tracking":false,"_monsterinsights_sitenote_active":false,"_monsterinsights_sitenote_note":"","_monsterinsights_sitenote_category":0,"ngg_post_thumbnail":0,"footnotes":""},"categories":[28],"tags":[],"class_list":["post-31652","post","type-post","status-publish","format-standard","hentry","category-dal"],"_links":{"self":[{"href":"https:\/\/ujkafe.website\/index.php?rest_route=\/wp\/v2\/posts\/31652","targetHints":{"allow":["GET"]}}],"collection":[{"href":"https:\/\/ujkafe.website\/index.php?rest_route=\/wp\/v2\/posts"}],"about":[{"href":"https:\/\/ujkafe.website\/index.php?rest_route=\/wp\/v2\/types\/post"}],"author":[{"embeddable":true,"href":"https:\/\/ujkafe.website\/index.php?rest_route=\/wp\/v2\/users\/3"}],"replies":[{"embeddable":true,"href":"https:\/\/ujkafe.website\/index.php?rest_route=%2Fwp%2Fv2%2Fcomments&post=31652"}],"version-history":[{"count":0,"href":"https:\/\/ujkafe.website\/index.php?rest_route=\/wp\/v2\/posts\/31652\/revisions"}],"wp:attachment":[{"href":"https:\/\/ujkafe.website\/index.php?rest_route=%2Fwp%2Fv2%2Fmedia&parent=31652"}],"wp:term":[{"taxonomy":"category","embeddable":true,"href":"https:\/\/ujkafe.website\/index.php?rest_route=%2Fwp%2Fv2%2Fcategories&post=31652"},{"taxonomy":"post_tag","embeddable":true,"href":"https:\/\/ujkafe.website\/index.php?rest_route=%2Fwp%2Fv2%2Ftags&post=31652"}],"curies":[{"name":"wp","href":"https:\/\/api.w.org\/{rel}","templated":true}]}}