
{"id":31986,"date":"2014-06-21T08:53:07","date_gmt":"2014-06-21T08:53:07","guid":{"rendered":"https:\/\/ujkafe.website\/?p=31986"},"modified":"2014-06-21T08:53:07","modified_gmt":"2014-06-21T08:53:07","slug":"h-szabo-sandor-tigris-es-gyorshajtas","status":"publish","type":"post","link":"https:\/\/ujkafe.website\/?p=31986","title":{"rendered":"H. Szab\u00f3 S\u00e1ndor: Tigris \u00e9s gyorshajt\u00e1s"},"content":{"rendered":"<p><a href=\"https:\/\/ujkafe.website\/wp-content\/uploads\/2014\/06\/Tigris-kamion.jpg\"><img loading=\"lazy\" decoding=\"async\" class=\"alignnone  wp-image-31987\" alt=\"Tigris kamion\" src=\"https:\/\/ujkafe.website\/wp-content\/uploads\/2014\/06\/Tigris-kamion.jpg\" width=\"617\" height=\"446\" srcset=\"https:\/\/ujkafe.website\/wp-content\/uploads\/2014\/06\/Tigris-kamion.jpg 1028w, https:\/\/ujkafe.website\/wp-content\/uploads\/2014\/06\/Tigris-kamion-300x217.jpg 300w, https:\/\/ujkafe.website\/wp-content\/uploads\/2014\/06\/Tigris-kamion-1024x741.jpg 1024w\" sizes=\"auto, (max-width: 617px) 100vw, 617px\" \/><\/a><\/p>\n<p>Pest megy\u00e9ben az M-0-s aut\u00f3p\u00e1ly\u00e1n Gy\u00e1l telep\u00fcl\u00e9s hat\u00e1r\u00e1ban \u00f6r\u00f6k\u00edtettem meg azt a Volvo kamiont, mely a N\u00f3gr\u00e1d megyei Dorogh\u00e1z\u00e1n sz\u00e9kel\u0151 <em>K\u00e9kvill\u00e1m-Trans Fuvaroz\u00e1si Kft<\/em>. tulajdona. A vontatm\u00e1ny h\u00e1tulj\u00e1ra \u00a0\u00f3ri\u00e1si vicsorg\u00f3 tigris portr\u00e9j\u00e1t festett\u00e9k &#8211; \u00a0\u00e9leth\u0171en. A k\u00fcl\u00f6n\u00f6s d\u00edsz\u00edt\u00e9s nem csak sz\u00e9p, hanem \u00f3vatoss\u00e1gra is inti a kamion m\u00f6g\u00f6tt halad\u00f3kat a sebess\u00e9g betart\u00e1s\u00e1ra.<\/p>\n","protected":false},"excerpt":{"rendered":"<p>Pest megy\u00e9ben az M-0-s aut\u00f3p\u00e1ly\u00e1n Gy\u00e1l telep\u00fcl\u00e9s hat\u00e1r\u00e1ban \u00f6r\u00f6k\u00edtettem meg azt a Volvo kamiont, mely a N\u00f3gr\u00e1d megyei Dorogh\u00e1z\u00e1n sz\u00e9kel\u0151 K\u00e9kvill\u00e1m-Trans Fuvaroz\u00e1si Kft. tulajdona. A vontatm\u00e1ny h\u00e1tulj\u00e1ra \u00a0\u00f3ri\u00e1si vicsorg\u00f3 tigris portr\u00e9j\u00e1t festett\u00e9k &#8211; \u00a0\u00e9leth\u0171en. A k\u00fcl\u00f6n\u00f6s d\u00edsz\u00edt\u00e9s nem csak sz\u00e9p, hanem \u00f3vatoss\u00e1gra is inti a kamion m\u00f6g\u00f6tt halad\u00f3kat a sebess\u00e9g betart\u00e1s\u00e1ra.<\/p>\n","protected":false},"author":3,"featured_media":0,"comment_status":"open","ping_status":"open","sticky":false,"template":"","format":"standard","meta":{"_monsterinsights_skip_tracking":false,"_monsterinsights_sitenote_active":false,"_monsterinsights_sitenote_note":"","_monsterinsights_sitenote_category":0,"ngg_post_thumbnail":0,"footnotes":""},"categories":[5],"tags":[],"class_list":["post-31986","post","type-post","status-publish","format-standard","hentry","category-foto"],"_links":{"self":[{"href":"https:\/\/ujkafe.website\/index.php?rest_route=\/wp\/v2\/posts\/31986","targetHints":{"allow":["GET"]}}],"collection":[{"href":"https:\/\/ujkafe.website\/index.php?rest_route=\/wp\/v2\/posts"}],"about":[{"href":"https:\/\/ujkafe.website\/index.php?rest_route=\/wp\/v2\/types\/post"}],"author":[{"embeddable":true,"href":"https:\/\/ujkafe.website\/index.php?rest_route=\/wp\/v2\/users\/3"}],"replies":[{"embeddable":true,"href":"https:\/\/ujkafe.website\/index.php?rest_route=%2Fwp%2Fv2%2Fcomments&post=31986"}],"version-history":[{"count":0,"href":"https:\/\/ujkafe.website\/index.php?rest_route=\/wp\/v2\/posts\/31986\/revisions"}],"wp:attachment":[{"href":"https:\/\/ujkafe.website\/index.php?rest_route=%2Fwp%2Fv2%2Fmedia&parent=31986"}],"wp:term":[{"taxonomy":"category","embeddable":true,"href":"https:\/\/ujkafe.website\/index.php?rest_route=%2Fwp%2Fv2%2Fcategories&post=31986"},{"taxonomy":"post_tag","embeddable":true,"href":"https:\/\/ujkafe.website\/index.php?rest_route=%2Fwp%2Fv2%2Ftags&post=31986"}],"curies":[{"name":"wp","href":"https:\/\/api.w.org\/{rel}","templated":true}]}}