
{"id":32333,"date":"2014-07-04T20:05:04","date_gmt":"2014-07-04T20:05:04","guid":{"rendered":"https:\/\/ujkafe.website\/?p=32333"},"modified":"2014-07-07T07:45:08","modified_gmt":"2014-07-07T07:45:08","slug":"adam-gyula-regizene-a-tusnadi-borvizkutnal","status":"publish","type":"post","link":"https:\/\/ujkafe.website\/?p=32333","title":{"rendered":"R\u00e9gizene a tusn\u00e1di borv\u00edzk\u00fatn\u00e1l"},"content":{"rendered":"<div id=\"attachment_32334\" style=\"width: 627px\" class=\"wp-caption alignnone\"><a href=\"https:\/\/ujkafe.website\/wp-content\/uploads\/2014\/07\/nepszerusit\u0151-karav\u00e1n-alcsikon.jpg\"><img loading=\"lazy\" decoding=\"async\" aria-describedby=\"caption-attachment-32334\" class=\" wp-image-32334\" alt=\"nepszerusit\u0151 karav\u00e1n alcsikon\" src=\"https:\/\/ujkafe.website\/wp-content\/uploads\/2014\/07\/nepszerusit\u0151-karav\u00e1n-alcsikon.jpg\" width=\"617\" height=\"412\" srcset=\"https:\/\/ujkafe.website\/wp-content\/uploads\/2014\/07\/nepszerusit\u0151-karav\u00e1n-alcsikon.jpg 1028w, https:\/\/ujkafe.website\/wp-content\/uploads\/2014\/07\/nepszerusit\u0151-karav\u00e1n-alcsikon-300x200.jpg 300w, https:\/\/ujkafe.website\/wp-content\/uploads\/2014\/07\/nepszerusit\u0151-karav\u00e1n-alcsikon-1024x684.jpg 1024w\" sizes=\"auto, (max-width: 617px) 100vw, 617px\" \/><\/a><p id=\"caption-attachment-32334\" class=\"wp-caption-text\">Kedvcsin\u00e1l\u00f3 k\u00f6r\u00faton Alcs\u00edkban &#8211; a j\u00f6v\u0151 h\u00e9ten kezd\u0151d\u0151 Cs\u00edkszeredai R\u00e9gizene Fesztiv\u00e1lra * Forr\u00e1s: a fesztiv\u00e1l honlapja<\/p><\/div>\n","protected":false},"excerpt":{"rendered":"","protected":false},"author":3,"featured_media":0,"comment_status":"open","ping_status":"open","sticky":false,"template":"","format":"standard","meta":{"_monsterinsights_skip_tracking":false,"_monsterinsights_sitenote_active":false,"_monsterinsights_sitenote_note":"","_monsterinsights_sitenote_category":0,"ngg_post_thumbnail":0,"footnotes":""},"categories":[5],"tags":[],"class_list":["post-32333","post","type-post","status-publish","format-standard","hentry","category-foto"],"_links":{"self":[{"href":"https:\/\/ujkafe.website\/index.php?rest_route=\/wp\/v2\/posts\/32333","targetHints":{"allow":["GET"]}}],"collection":[{"href":"https:\/\/ujkafe.website\/index.php?rest_route=\/wp\/v2\/posts"}],"about":[{"href":"https:\/\/ujkafe.website\/index.php?rest_route=\/wp\/v2\/types\/post"}],"author":[{"embeddable":true,"href":"https:\/\/ujkafe.website\/index.php?rest_route=\/wp\/v2\/users\/3"}],"replies":[{"embeddable":true,"href":"https:\/\/ujkafe.website\/index.php?rest_route=%2Fwp%2Fv2%2Fcomments&post=32333"}],"version-history":[{"count":0,"href":"https:\/\/ujkafe.website\/index.php?rest_route=\/wp\/v2\/posts\/32333\/revisions"}],"wp:attachment":[{"href":"https:\/\/ujkafe.website\/index.php?rest_route=%2Fwp%2Fv2%2Fmedia&parent=32333"}],"wp:term":[{"taxonomy":"category","embeddable":true,"href":"https:\/\/ujkafe.website\/index.php?rest_route=%2Fwp%2Fv2%2Fcategories&post=32333"},{"taxonomy":"post_tag","embeddable":true,"href":"https:\/\/ujkafe.website\/index.php?rest_route=%2Fwp%2Fv2%2Ftags&post=32333"}],"curies":[{"name":"wp","href":"https:\/\/api.w.org\/{rel}","templated":true}]}}