
{"id":32462,"date":"2014-07-09T03:41:40","date_gmt":"2014-07-09T03:41:40","guid":{"rendered":"https:\/\/ujkafe.website\/?p=32462"},"modified":"2014-07-09T03:41:40","modified_gmt":"2014-07-09T03:41:40","slug":"boloni-domokos-mezviragillat","status":"publish","type":"post","link":"https:\/\/ujkafe.website\/?p=32462","title":{"rendered":"B\u00f6l\u00f6ni Domokos: M\u00e9zvir\u00e1gillat"},"content":{"rendered":"<p><em>Fekete Zsolt marosv\u00e1s\u00e1rhelyi fest\u0151m\u0171v\u00e9sznek<\/em><\/p>\n<div id=\"attachment_32463\" style=\"width: 627px\" class=\"wp-caption alignnone\"><a href=\"https:\/\/ujkafe.website\/wp-content\/uploads\/2014\/07\/feketezsolt_feketezsolt.jpg\"><img loading=\"lazy\" decoding=\"async\" aria-describedby=\"caption-attachment-32463\" class=\" wp-image-32463\" alt=\"feketezsolt_feketezsolt\" src=\"https:\/\/ujkafe.website\/wp-content\/uploads\/2014\/07\/feketezsolt_feketezsolt.jpg\" width=\"617\" height=\"463\" srcset=\"https:\/\/ujkafe.website\/wp-content\/uploads\/2014\/07\/feketezsolt_feketezsolt.jpg 1028w, https:\/\/ujkafe.website\/wp-content\/uploads\/2014\/07\/feketezsolt_feketezsolt-300x225.jpg 300w, https:\/\/ujkafe.website\/wp-content\/uploads\/2014\/07\/feketezsolt_feketezsolt-1024x768.jpg 1024w\" sizes=\"auto, (max-width: 617px) 100vw, 617px\" \/><\/a><p id=\"caption-attachment-32463\" class=\"wp-caption-text\">Fekete Zsolt * Fot\u00f3 ifj. Fekete Zsolt<\/p><\/div>\n<p>A fi\u00adloz\u00f3fia ak\u00adkor igaz\u00e1n az, ami\u00adkor m\u00e9g nem gon\u00addunk sem az \u00e9let, sem a hal\u00e1l. Azt hi\u00adszem, Pas\u00adcal gon\u00addo\u00adla\u00adta. Az eszm\u00e9l\u00e9s ak\u00adkor gy\u00f6ny\u00f6r\u0171, ha csak hal\u00e1lod \u00f3r\u00e1j\u00e1n d\u00f6bbensz r\u00e1: volt\u00e1l. Ki ne mondd, egy ki\u00adcsit \u0150 is volt\u00e1l. Mik\u00f6zben egy \u00e9le\u00adten \u00e1t ke\u00adres\u00adted a nyu\u00adgal\u00admat, cs\u00f6nd-sze\u00adle\u00adte\u00adket il\u00adleszt\u00adgett\u00e9l \u00f6ssze abba a puzzle-be, amely v\u00e9g\u00fcl ma\u00adgad lett\u00e9l, mi\u00adkor m\u00e1r nem vagy.<!--more--><br \/>\nA fi\u00adloz\u00f3fia ak\u00adkor igaz\u00e1n az, ami\u00adkor m\u00e9g nem gon\u00addunk sem az \u00e9let, sem a hal\u00e1l. Azt hi\u00adszem, Pas\u00adcal gon\u00addo\u00adla\u00adta. Az eszm\u00e9l\u00e9s ak\u00adkor gy\u00f6ny\u00f6r\u0171, ha csak hal\u00e1lod \u00f3r\u00e1j\u00e1n d\u00f6bbensz r\u00e1: volt\u00e1l.<br \/>\nKi ne mondd, egy ki\u00adcsit \u0150 is volt\u00e1l. Mik\u00f6zben egy \u00e9le\u00adten \u00e1t ke\u00adres\u00adted a nyu\u00adgal\u00admat, cs\u00f6nd-sze\u00adle\u00adte\u00adket il\u00adleszt\u00adgett\u00e9l \u00f6ssze abba a puzzle-be, amely v\u00e9g\u00fcl ma\u00adgad lett\u00e9l, mi\u00adkor m\u00e1r nem vagy.<br \/>\nJ\u00e1rk\u00e1ltam s k\u00f6r\u00fcl\u00f6ttem is t\u00f6rt\u00e9n\u00fcltek apr\u00f3bb s na\u00adgyobb trag\u00e9di\u00e1k, \u00fagy j\u00e1rt hozz\u00e1nk a b\u00e1nat, mint port\u00e1ra a csor\u00adda, ha le\u00adszent\u00fcl a nap. Megr\u00e1zott, mint k\u00edv\u00e1ncsi gye\u00adre\u00adket a ker\u00e9kp\u00e1r dinam\u00f3ja. \u00c1tgy\u00fart a jaj, maga k\u00e9p\u00e9re, ha\u00adson\u00adla\u00adtoss\u00e1g\u00e1ra. Zord he\u00adgyek alatt, a Te\u00adremt\u0151re sand\u00edt\u00f3, vill\u00e1mra hegy\u00adzett tor\u00adnyok t\u00f6v\u00e9ben, mu\u00adzsik\u00e1l\u00f3 domb\u00adhaj\u00adla\u00adtok\u00adban megb\u00fav\u00f3 te\u00admet\u0151k hall\u00adgat\u00e1s\u00e1ban n\u0151ttem fel, ahol olyan m\u00e9ly a t\u00e1j, hogy va\u00adlah\u00e1ny\u00adszor \u00e1tl\u00e9ptem, na\u00adpo\u00adkig ke\u00adres\u00adtek.<br \/>\nNem ker\u00fcltem el\u0151, mert mag\u00e1hoz \u00f6lelt \u00e9s j\u00e1tszott ve\u00adlem. Megt\u00e1mad\u00adtak f\u00f6ldi\u00adkuty\u00e1k, ijed\u00adtem\u00adben fel\u00adka\u00adpasz\u00adkod\u00adtam egy f\u00e9nnyal\u00e1bra, ami a Rez f\u00f6l\u00f6tt l\u00f3gott \u00e9ppen, s a vi\u00adcsorg\u00f3 csa\u00adho\u00adsak csal\u00f3dot\u00adtan vo\u00adnul\u00adtak el. Ak\u00adkor ta\u00adnul\u00adtam meg, a t\u00e1jban \u00fagy kell l\u00e9leg\u00adez\u00adni, hogy a f\u0171sz\u00e1l se ha\u00adjol\u00adjon el. A csip\u00adke\u00adbo\u00adkor ne gyul\u00adlad\u00adjon ki. Hogy tov\u00e1bb cir\u00adpel\u00adje\u00adnek a t\u00fccsk\u00f6k, sur\u00adrog\u00adja\u00adnak a bo\u00adga\u00adrak, ha\u00adhot\u00e1zza\u00adnak a man\u00f3k. Mi\u00adkor a man\u00f3k ne\u00advet\u00adnek, pi\u00adros p\u00fapja s\u00fcl a l\u00e1gy\u00adkeny\u00e9rnek.<br \/>\nA cin\u00adte\u00adrem\u00adben volt egy an\u00adgyal. Sok\u00e1ig nem volt sz\u00edne. Va\u00adla\u00adhogy nem akart r\u00e1pil\u00adlan\u00adta\u00adni az Is\u00adten. Le\u00adhet, hogy a b\u0171ntu\u00addat form\u00e1lta olyan pomp\u00e1sra. Ott j\u00e1tszot\u00adtunk a k\u00f6zel\u00e9ben, mind be\u00adle\u00adsze\u00adrett\u00fcnk, ti\u00adtok\u00adban azt k\u00edv\u00e1ntuk: b\u00e1r csak meg\u00adele\u00adve\u00adned\u00adne, \u00e9s lesz\u00e1llna k\u00f6z\u00e9nk, v\u00e1lasz\u00adta\u00adna mag\u00e1nak kir\u00e1ly\u00adfit, aki\u00advel majd felsz\u00e1ll az \u00e9gbe.<br \/>\nLe\u00adhet, hogy a v\u00e9tek sug\u00e1rhat\u00e1sa dol\u00adgo\u00adzott ben\u00adne. Azt mes\u00e9lt\u00e9k, aki \u00e1ll\u00edttat\u00adta, d\u00fasgaz\u00addag ame\u00adrik\u00e1s, meg\u00f6lte a vet\u00e9lyt\u00e1rs\u00e1t, s mag\u00e1val hur\u00adcol\u00adta an\u00adnak sze\u00adrelm\u00e9t, egy szeg\u00e9ny f\u00f6ldm\u0171ves l\u00e1ny\u00e1t, az \u00dajvil\u00e1gba. De ott sem volt nyu\u00adgo\u00addal\u00adma, mert a ha\u00adlott viss\u00adzaj\u00e1rt, leg\u00adbol\u00addo\u00adgabb \u00f3r\u00e1ikat z\u00fazta porr\u00e1, \u00e9jjel k\u00f6z\u00e9j\u00fck fu\u00adra\u00adko\u00addott az \u00e1gyba, \u00e9s ny\u00f6g\u00f6tt ke\u00adser\u00adve\u00adsen, mint mi\u00adkor a lelk\u00e9t ki\u00adle\u00adhel\u00adte. Az asszony nem fo\u00adgant gye\u00adre\u00adket, el\u00adsor\u00advadt, el\u00advit\u00adte a kor be\u00adtegs\u00e9ge: a r\u00e1k. A gyil\u00adkos\u00adban pe\u00addig, mint ka\u00adlap\u00e1csma\u00adlom, za\u00adka\u00adtolt a rossz lel\u00adki\u00adis\u00adme\u00adret. El\u00adment a leg\u00adjobb szobr\u00e1szhoz, \u00e9s meg\u00adren\u00addel\u00adte ezt az An\u00adgyalt, hogy a ha\u00adlott is, \u0151 is meg\u00adlel\u00adje v\u00e9gre lel\u00adki nyu\u00adgalm\u00e1t.<br \/>\nOlyan sz\u00e9pre kel\u00adlett fa\u00adrag\u00adni, mint az a l\u00e1ny volt. Karcs\u00fa, mint a ten\u00adger\u00adszem partj\u00e1n cse\u00adpe\u00adred\u0151 n\u00e1dsz\u00e1l, \u00e9s le\u00adbeg\u0151, mint a Ny\u00e1r\u00e1d f\u00f6l\u00f6tt csa\u00adpong\u00f3 szi\u00adtak\u00f6t\u0151.<br \/>\nAzt mondj\u00e1k, ere\u00adde\u00adti\u00adleg feh\u00e9r volt, de ami\u00adkor fel\u00adszen\u00adtel\u00adte a pap, megs\u00f6t\u00e9te\u00addett a szo\u00adbor.<br \/>\nMin\u00addig a te\u00admet\u0151kert\u00adben j\u00e1tszot\u00adtunk, ide nem ha\u00adtolt fel a vil\u00e1g vads\u00e1ga, \u00f6k\u00f6rny\u00e1lt\u00f3l csil\u00adlo\u00adgott alat\u00adtunk a v\u00f6lgy, pi\u00adrul\u00adva kan\u00addik\u00e1lt be \u00fatsz\u00e9lr\u0151l a r\u00f3zsa\u00adbogy\u00f3. A j\u00f6vev\u00e9ny balr\u00f3l, az erd\u0151 fel\u0151l \u00e9rke\u00adzett, ron\u00adgyos ka\u00adto\u00adna\u00adruh\u00e1ban, ko\u00admos arc\u00e1b\u00f3l ki\u00advil\u00e1g\u00edtot\u00adtak d\u00fch\u00f6s sze\u00admei. Sz\u00e9tri\u00adad\u00adtunk, a kapu mel\u00adlet\u00adti ter\u00adeb\u00e9lyes bo\u00adkorb\u00f3l lest\u00fck, mit akar.<\/p>\n<div id=\"attachment_32464\" style=\"width: 517px\" class=\"wp-caption alignnone\"><a href=\"https:\/\/ujkafe.website\/wp-content\/uploads\/2014\/07\/FEKETE_ZSOLT_FALU1.jpg\"><img loading=\"lazy\" decoding=\"async\" aria-describedby=\"caption-attachment-32464\" class=\"size-full wp-image-32464\" alt=\"FEKETE_ZSOLT_FALU1\" src=\"https:\/\/ujkafe.website\/wp-content\/uploads\/2014\/07\/FEKETE_ZSOLT_FALU1.jpg\" width=\"507\" height=\"709\" srcset=\"https:\/\/ujkafe.website\/wp-content\/uploads\/2014\/07\/FEKETE_ZSOLT_FALU1.jpg 507w, https:\/\/ujkafe.website\/wp-content\/uploads\/2014\/07\/FEKETE_ZSOLT_FALU1-214x300.jpg 214w\" sizes=\"auto, (max-width: 507px) 100vw, 507px\" \/><\/a><p id=\"caption-attachment-32464\" class=\"wp-caption-text\">Fekete Zsolt: Falu<\/p><\/div>\n<p>Meg\u00e1llt az An\u00adgyal el\u0151tt, feln\u00e9zett, r\u00e1l\u0151tt a szem\u00e9vel, de az meg se reb\u00adbent. M\u00e1ni\u00e1ku\u00adsan mon\u00addott va\u00adla\u00admi \u00e1to\u00adkig\u00e9ket, nem \u00e9rt el hozz\u00e1nk mo\u00adtyog\u00e1sa&#8230; Hir\u00adte\u00adlen le\u00ademel\u00adte v\u00e1ll\u00e1r\u00f3l a pusk\u00e1t, cs\u0151re t\u00f6lt\u00f6tt, c\u00e9lzott, \u00e9s bumm. Azt\u00e1n csak meg\u00adperd\u00fclt, majd eld\u0151lt, mint akit el\u00adtal\u00e1lt az el\u00adlens\u00e9g.<br \/>\nOda te\u00admett\u00e9k, nem messzi\u00adre az An\u00adgyalt\u00f3l. Az \u00e1ldo\u00adzat \u00f6ccse volt, bossz\u00fab\u00f3l vet\u00adte c\u00e9lba a s\u00edreml\u00e9ket, de az, l\u00e1m, vissza\u00fct\u00f6tt. A gel\u00adlert ka\u00adpott goly\u00f3 a t\u00e1mad\u00f3t \u00f6lte meg.<br \/>\nV\u00e9ge volt a nagy h\u00e1bor\u00fanak. Az An\u00adgyal is ko\u00adrom\u00adfe\u00adke\u00adte.<br \/>\nTemp\u00adlo\u00admok ha\u00adrang\u00adja\u00adit hal\u00adlom, b\u00e1tors\u00e1ggal l\u00fcktet ere\u00adim\u00adben a nyu\u00adga\u00adlom. Meg\u00adta\u00adnul\u00adtam \u00f6r\u00fclni an\u00adnak, hogy va\u00adgyok. A l\u00e9t egye\u00adte\u00admess\u00e9ge adta ezt a tel\u00adjess\u00e9g\u00e9rz\u00e9st: ih\u00adlet\u00admorzs\u00e1ib\u00f3l \u00f6ssze\u00adrak\u00adni a te\u00adhets\u00e9get, \u00e9s hossz\u00fa, ki\u00adtart\u00f3 munk\u00e1val fej\u00adlesz\u00adte\u00adni ve\u00adre\u00adtes mes\u00adters\u00e9gg\u00e9. Ti\u00adzenn\u00e9gy \u00e9ves ko\u00adromt\u00f3l m\u00e1r k\u00e9sz\u00edtet\u00adtem olyan munk\u00e1kat, amik\u00e9rt p\u00e9nzt ad\u00adtak. A m\u0171vet nem le\u00adhet meg\u00adfi\u00adzet\u00adni, a te\u00adhets\u00e9get azon\u00adban ho\u00adnor\u00e1lni kell.<br \/>\nA t\u00e1jban j\u00e1rva-kel\u00adve min\u00addig be\u00adle\u00adkom\u00adpon\u00e1lok va\u00adla\u00admit, ami ere\u00adde\u00adti\u00adleg nin\u00adcsen ott, \u00e9s az Is\u00adten egy\u00adszer sem \u00fct\u00f6tt a ke\u00adzem\u00adre mi\u00adat\u00adta. Ink\u00e1bb seg\u00edtett meg\u00adtal\u00e1lnom a ma\u00adgam p\u00e1szm\u00e1j\u00e1t, \u00f3vott a ko\u00adrai pusz\u00adtul\u00e1st\u00f3l. Har\u00admad\u00e9ves teol\u00f3gus vol\u00adtam, \u00e1tvir\u00adrasz\u00adtott \u00e9jsza\u00adka \u00e9s sok t\u00e9pel\u0151d\u00e9s ut\u00e1n fel\u00admen\u00adtem a rek\u00adtor \u00farhoz, \u00e9s be\u00adje\u00adlen\u00adtet\u00adtem, hogy nem ma\u00adra\u00addok tov\u00e1bb, mert nem \u00e9rzek el\u00e9g hi\u00advat\u00e1stu\u00adda\u00adtot a paps\u00e1ghoz. Nincs el\u00e9g hi\u00adtem. Ezt \u0151 meg\u00e9rtet\u00adte, s mond\u00adta, hogy j\u00f3. Is\u00adten adott ne\u00adked te\u00adhets\u00e9get a vizu\u00e1lis l\u00e1t\u00e1sban, s ebb\u0151l meg fogsz \u00e9lni.<br \/>\nK\u00e9t h\u00e9t m\u00falva le\u00adtart\u00f3ztatt\u00e1k di\u00e1kt\u00e1rsa\u00adi\u00admat. Az \u201e\u00f6tven\u00adha\u00adto\u00adso\u00adkat\u201d. K\u00f6vet\u00adkez\u00adtek a ki\u00adra\u00adkat\u00adpe\u00adrek, a sza\u00admos\u00fajv\u00e1ri, nagy\u00adenye\u00addi b\u00f6rt\u00f6n\u00f6k, a del\u00adtai ra\u00adbos\u00adkod\u00e1s.<br \/>\nHa bent tal\u00e1lnak, tal\u00e1n \u00e9n is oda ker\u00fcl\u00f6k.<br \/>\nSza\u00adlay La\u00adjos mond\u00adta: az em\u00adber \u00fagy sz\u00fcle\u00adtett, hogy fi\u00adloz\u00f3fiai meg\u00adfo\u00adgal\u00admaz\u00e1sok n\u00e9lk\u00fcl \u00f6r\u00fclj\u00f6n a tisz\u00adta l\u00e9tez\u00e9snek. Eb\u00adben az \u00f6r\u00fclni tud\u00e1s a fon\u00adtos. Azt ta\u00adnul\u00adni, gya\u00adko\u00adrol\u00adni kell. K\u00f6zben sur\u00adrog az agy. Mez\u0151k\u00f6n, r\u00e9te\u00adken, erd\u0151k\u00f6n, temp\u00adlo\u00admok \u00e9s ka\u00adtedr\u00e1li\u00adsok k\u00f6z\u00f6tt csa\u00adtan\u00adgo\u00adlok, s me\u00addit\u00e1lok. Ma\u00adgam\u00adba sz\u00edvom a k\u00f6rnye\u00adzet l\u00fcktet\u0151 nyu\u00adgalm\u00e1t. Ak\u00adkor j\u00f3k a k\u00e9peim, ha bet\u00f6lt a pomp\u00e1san pulz\u00e1l\u00f3 csend, ha el\u00f6nti sz\u00edve\u00admet az erd\u00e9lyi dom\u00adbor\u00adzat ked\u00adves m\u00e9lt\u00f3s\u00e1ga. A fo\u00adlya\u00adma\u00adto\u00adsan meg\u00fajul\u00f3, pusz\u00adtul\u00f3 \u00e9s \u00fajj\u00e1\u00e9led\u0151 vil\u00e1g elt\u00f6k\u00e9lts\u00e9ge: krist\u00e1lyos tisz\u00adtas\u00e1g.<br \/>\nA pa\u00adtakb\u00f3l ki\u00adugr\u00f3 pisztr\u00e1ng, amint elsz\u00e1ll a Be\u00adkecs fe\u00adlett.<br \/>\nElt\u00f6rp\u00fcl min\u00adden ta\u00adnults\u00e1g, szak\u00admai tud\u00e1s; mag\u00e1t\u00f3l \u00e9rtet\u0151d\u0151en egyes\u00fcl tu\u00adda\u00adtoss\u00e1g \u00e9s el\u00adhi\u00adva\u00adtotts\u00e1g, ih\u00adlet \u00e9s m\u0171fog\u00e1s.<br \/>\nQuid su\u00adper\u00adbit, pul\u00advis et ci\u00adnis? Mon\u00addom l\u00f3t\u00f3-fut\u00f3, tal\u00admi dol\u00adgok\u00e9rt buzg\u00f3lkod\u00f3 v\u00e9re\u00adim\u00adnek sut\u00adtog\u00adva. \u201eMit kev\u00e9lk\u00f6d\u00f6l, por \u00e9s hamu?\u201d<br \/>\nMost, hogy a het\u00adve\u00adnet is el\u00e9rtem, vo\u00adna\u00adlak \u00e9s sz\u00ednek ra\u00adjoz\u00adnak a le\u00adveg\u0151ben. \u00c9veim ele\u00adde\u00adle: j\u00f3les\u0151 moh\u00f3s\u00e1ggal t\u00e1pl\u00e1lko\u00adzom \u2013 mint ahogy de\u00adlel\u0151 kasz\u00e1s a mo\u00adgyor\u00f3bo\u00adkor \u00e1rny\u00e9k\u00e1ba he\u00adver\u00adve fal\u00adja ke\u00adnyer\u00e9t-sza\u00adlonn\u00e1j\u00e1t-ve\u00adres\u00adhagym\u00e1j\u00e1t. S issza r\u00e1 a csorg\u00f3 krist\u00e1ly\u00adhi\u00addeg viz\u00e9t.<br \/>\nK\u00e9kekb\u0151l, s\u00e1rg\u00e1kb\u0151l, z\u00f6ldekb\u0151l, \u0151szv\u00f6r\u00f6sekb\u0151l fel\u00adlob\u00adban\u00f3 m\u00e1rv\u00e1ny\u00adfelh\u0151t\u00f6mb\u00f6ket \u00e1lmo\u00addok, r\u00e9zs\u00fatos r\u00e9teg\u00adzetts\u00e9g\u00fckben ott szikr\u00e1zik a vil\u00e1gegye\u00adtem v\u00e9gte\u00adlens\u00e9ge \u00e9s az em\u00adbe\u00adris\u00e9g id\u0151pil\u00adla\u00adnat-par\u00e1nyis\u00e1ga. Is\u00adten v\u00e9s\u0151j\u00e9nek \u00e9s ecsetj\u00e9nek nyo\u00adma\u00adit fe\u00adde\u00adzem fel \u00fajra \u00e9s \u00fajra az \u00e9let be\u00adfog\u00adha\u00adtat\u00adlan fresk\u00f3iban, \u00f3va\u00adtos du\u00adhaj, az \u00e1lom\u00adpa\u00adnor\u00e1ma vil\u00e1gra t\u00e1rt an\u00adgyalsz\u00e1rnya\u00adi\u00adnak v\u00e9delm\u00e9ben.<br \/>\nFoly\u00adtat\u00e1sos \u00e1lmo\u00adkat l\u00e1tok, tu\u00addom, ez az al\u00adkot\u00e1s ke\u00adgyel\u00adme. Napr\u00f3l nap\u00adra vi\u00adszen k\u00f6ze\u00adlebb az \u00f6r\u00f6kk\u00e9val\u00f3s\u00e1g t\u00fck\u00f6rka\u00adpuj\u00e1hoz. Amit \u00e1tl\u00e9pve v\u00e9gleg ott ma\u00adra\u00addunk a k\u00e9pben.<br \/>\nAk\u00adkor vissza\u00adnye\u00adri feh\u00e9rs\u00e9g\u00e9t a m\u00e1rv\u00e1ny. \u00c9s az An\u00adgyal saj\u00e1t feh\u00e9r kez\u00e9vel \u00edrja a k\u00e9p bal als\u00f3 sark\u00e1ra, amit egyel\u0151re m\u00e9g ma\u00adgam, v\u00e9kony, karcs\u00fa bet\u0171kkel: Fe\u00adke\u00adte Zsolt.<br \/>\n\u00ab A vil\u00e1g Is\u00adten ke\u00adgyel\u00adme. \u00c9rzem m\u00e9zvir\u00e1g-il\u00adlat\u00e1t. \u00ab<\/p>\n<p><a href=\"https:\/\/ujkafe.website\/wp-content\/uploads\/2014\/07\/fekete.jpg\"><img loading=\"lazy\" decoding=\"async\" class=\"alignnone  wp-image-32465\" alt=\"fekete\" src=\"https:\/\/ujkafe.website\/wp-content\/uploads\/2014\/07\/fekete.jpg\" width=\"290\" height=\"368\" srcset=\"https:\/\/ujkafe.website\/wp-content\/uploads\/2014\/07\/fekete.jpg 604w, https:\/\/ujkafe.website\/wp-content\/uploads\/2014\/07\/fekete-236x300.jpg 236w\" sizes=\"auto, (max-width: 290px) 100vw, 290px\" \/><\/a><\/p>\n","protected":false},"excerpt":{"rendered":"<p>Fekete Zsolt marosv\u00e1s\u00e1rhelyi fest\u0151m\u0171v\u00e9sznek A fi\u00adloz\u00f3fia ak\u00adkor igaz\u00e1n az, ami\u00adkor m\u00e9g nem gon\u00addunk sem az \u00e9let, sem a hal\u00e1l. Azt hi\u00adszem, Pas\u00adcal gon\u00addo\u00adla\u00adta. Az eszm\u00e9l\u00e9s ak\u00adkor gy\u00f6ny\u00f6r\u0171, ha csak hal\u00e1lod \u00f3r\u00e1j\u00e1n d\u00f6bbensz r\u00e1: volt\u00e1l. Ki ne mondd, egy ki\u00adcsit \u0150 is volt\u00e1l. Mik\u00f6zben egy \u00e9le\u00adten \u00e1t ke\u00adres\u00adted a nyu\u00adgal\u00admat, cs\u00f6nd-sze\u00adle\u00adte\u00adket il\u00adleszt\u00adgett\u00e9l \u00f6ssze abba a puzzle-be, [&hellip;]<\/p>\n","protected":false},"author":3,"featured_media":0,"comment_status":"open","ping_status":"open","sticky":false,"template":"","format":"standard","meta":{"_monsterinsights_skip_tracking":false,"_monsterinsights_sitenote_active":false,"_monsterinsights_sitenote_note":"","_monsterinsights_sitenote_category":0,"ngg_post_thumbnail":0,"footnotes":""},"categories":[120,5],"tags":[],"class_list":["post-32462","post","type-post","status-publish","format-standard","hentry","category-essze","category-foto"],"_links":{"self":[{"href":"https:\/\/ujkafe.website\/index.php?rest_route=\/wp\/v2\/posts\/32462","targetHints":{"allow":["GET"]}}],"collection":[{"href":"https:\/\/ujkafe.website\/index.php?rest_route=\/wp\/v2\/posts"}],"about":[{"href":"https:\/\/ujkafe.website\/index.php?rest_route=\/wp\/v2\/types\/post"}],"author":[{"embeddable":true,"href":"https:\/\/ujkafe.website\/index.php?rest_route=\/wp\/v2\/users\/3"}],"replies":[{"embeddable":true,"href":"https:\/\/ujkafe.website\/index.php?rest_route=%2Fwp%2Fv2%2Fcomments&post=32462"}],"version-history":[{"count":0,"href":"https:\/\/ujkafe.website\/index.php?rest_route=\/wp\/v2\/posts\/32462\/revisions"}],"wp:attachment":[{"href":"https:\/\/ujkafe.website\/index.php?rest_route=%2Fwp%2Fv2%2Fmedia&parent=32462"}],"wp:term":[{"taxonomy":"category","embeddable":true,"href":"https:\/\/ujkafe.website\/index.php?rest_route=%2Fwp%2Fv2%2Fcategories&post=32462"},{"taxonomy":"post_tag","embeddable":true,"href":"https:\/\/ujkafe.website\/index.php?rest_route=%2Fwp%2Fv2%2Ftags&post=32462"}],"curies":[{"name":"wp","href":"https:\/\/api.w.org\/{rel}","templated":true}]}}