
{"id":32537,"date":"2014-07-11T09:24:12","date_gmt":"2014-07-11T09:24:12","guid":{"rendered":"https:\/\/ujkafe.website\/?p=32537"},"modified":"2014-07-12T07:18:46","modified_gmt":"2014-07-12T07:18:46","slug":"csikszeredai-regizene-fesztival-2014","status":"publish","type":"post","link":"https:\/\/ujkafe.website\/?p=32537","title":{"rendered":"Cs\u00edkszeredai R\u00e9gizene Fesztiv\u00e1l, 2014"},"content":{"rendered":"<h2><strong>Els\u0151 nap \/ j\u00falius 10\/ \u00c1d\u00e1m Gyula fot\u00f3riportja<\/strong><\/h2>\n<div id=\"attachment_32538\" style=\"width: 627px\" class=\"wp-caption alignnone\"><a href=\"https:\/\/ujkafe.website\/wp-content\/uploads\/2014\/07\/kabala.jpg\"><img loading=\"lazy\" decoding=\"async\" aria-describedby=\"caption-attachment-32538\" class=\" wp-image-32538\" alt=\"kabala\" src=\"https:\/\/ujkafe.website\/wp-content\/uploads\/2014\/07\/kabala.jpg\" width=\"617\" height=\"412\" srcset=\"https:\/\/ujkafe.website\/wp-content\/uploads\/2014\/07\/kabala.jpg 1028w, https:\/\/ujkafe.website\/wp-content\/uploads\/2014\/07\/kabala-300x200.jpg 300w, https:\/\/ujkafe.website\/wp-content\/uploads\/2014\/07\/kabala-1024x684.jpg 1024w\" sizes=\"auto, (max-width: 617px) 100vw, 617px\" \/><\/a><p id=\"caption-attachment-32538\" class=\"wp-caption-text\">A fesztiv\u00e1l &#8222;megelevenedett&#8221; kabala figur\u00e1ja &#8211; a korh\u0171 koszt\u00fcmbe \u00f6lt\u00f6z\u00f6tt, muzsik\u00e1l\u00f3 kisfi\u00fa<\/p><\/div>\n<p><!--more--><\/p>\n<div id=\"attachment_32540\" style=\"width: 627px\" class=\"wp-caption alignnone\"><a href=\"https:\/\/ujkafe.website\/wp-content\/uploads\/2014\/07\/mandel.jpg\"><img loading=\"lazy\" decoding=\"async\" aria-describedby=\"caption-attachment-32540\" class=\" wp-image-32540\" alt=\"mandel\" src=\"https:\/\/ujkafe.website\/wp-content\/uploads\/2014\/07\/mandel.jpg\" width=\"617\" height=\"412\" srcset=\"https:\/\/ujkafe.website\/wp-content\/uploads\/2014\/07\/mandel.jpg 1028w, https:\/\/ujkafe.website\/wp-content\/uploads\/2014\/07\/mandel-300x200.jpg 300w, https:\/\/ujkafe.website\/wp-content\/uploads\/2014\/07\/mandel-1024x684.jpg 1024w\" sizes=\"auto, (max-width: 617px) 100vw, 617px\" \/><\/a><p id=\"caption-attachment-32540\" class=\"wp-caption-text\">Mandel R\u00f3bert \u00e9s vend\u00e9gei (Budapest) a renesz\u00e1nsz udvarok zen\u00e9j\u00e9b\u0151l adtak el\u0151 egy \u00f3r\u00e1nyit<\/p><\/div>\n<div id=\"attachment_32541\" style=\"width: 627px\" class=\"wp-caption alignnone\"><a href=\"https:\/\/ujkafe.website\/wp-content\/uploads\/2014\/07\/codex1.jpg\"><img loading=\"lazy\" decoding=\"async\" aria-describedby=\"caption-attachment-32541\" class=\" wp-image-32541\" alt=\"codex\" src=\"https:\/\/ujkafe.website\/wp-content\/uploads\/2014\/07\/codex1.jpg\" width=\"617\" height=\"412\" srcset=\"https:\/\/ujkafe.website\/wp-content\/uploads\/2014\/07\/codex1.jpg 1028w, https:\/\/ujkafe.website\/wp-content\/uploads\/2014\/07\/codex1-300x200.jpg 300w, https:\/\/ujkafe.website\/wp-content\/uploads\/2014\/07\/codex1-1024x684.jpg 1024w\" sizes=\"auto, (max-width: 617px) 100vw, 617px\" \/><\/a><p id=\"caption-attachment-32541\" class=\"wp-caption-text\">A cs\u00edkszeredai Codex egy\u00fcttes fell\u00e9p\u00e9se el\u0151tt<\/p><\/div>\n<div id=\"attachment_32539\" style=\"width: 627px\" class=\"wp-caption alignnone\"><a href=\"https:\/\/ujkafe.website\/wp-content\/uploads\/2014\/07\/utcaitarlat.jpg\"><img loading=\"lazy\" decoding=\"async\" aria-describedby=\"caption-attachment-32539\" class=\" wp-image-32539\" alt=\"utcaitarlat\" src=\"https:\/\/ujkafe.website\/wp-content\/uploads\/2014\/07\/utcaitarlat.jpg\" width=\"617\" height=\"412\" srcset=\"https:\/\/ujkafe.website\/wp-content\/uploads\/2014\/07\/utcaitarlat.jpg 1028w, https:\/\/ujkafe.website\/wp-content\/uploads\/2014\/07\/utcaitarlat-300x200.jpg 300w, https:\/\/ujkafe.website\/wp-content\/uploads\/2014\/07\/utcaitarlat-1024x684.jpg 1024w\" sizes=\"auto, (max-width: 617px) 100vw, 617px\" \/><\/a><p id=\"caption-attachment-32539\" class=\"wp-caption-text\">A Mik\u00f3-v\u00e1r bej\u00e1rata el\u0151tt, a szigor\u00fa falak ment\u00e9n \u00f3ri\u00e1sfot\u00f3 ki\u00e1ll\u00edt\u00e1s v\u00e1rta a koncertl\u00e1togat\u00f3kat. Eml\u00e9kezetes zenei pillanatok a pann\u00f3kon&#8230;<\/p><\/div>\n<p>&nbsp;<\/p>\n<p>&nbsp;<\/p>\n","protected":false},"excerpt":{"rendered":"<p>Els\u0151 nap \/ j\u00falius 10\/ \u00c1d\u00e1m Gyula fot\u00f3riportja<\/p>\n","protected":false},"author":3,"featured_media":0,"comment_status":"open","ping_status":"open","sticky":false,"template":"","format":"standard","meta":{"_monsterinsights_skip_tracking":false,"_monsterinsights_sitenote_active":false,"_monsterinsights_sitenote_note":"","_monsterinsights_sitenote_category":0,"ngg_post_thumbnail":0,"footnotes":""},"categories":[5],"tags":[],"class_list":["post-32537","post","type-post","status-publish","format-standard","hentry","category-foto"],"_links":{"self":[{"href":"https:\/\/ujkafe.website\/index.php?rest_route=\/wp\/v2\/posts\/32537","targetHints":{"allow":["GET"]}}],"collection":[{"href":"https:\/\/ujkafe.website\/index.php?rest_route=\/wp\/v2\/posts"}],"about":[{"href":"https:\/\/ujkafe.website\/index.php?rest_route=\/wp\/v2\/types\/post"}],"author":[{"embeddable":true,"href":"https:\/\/ujkafe.website\/index.php?rest_route=\/wp\/v2\/users\/3"}],"replies":[{"embeddable":true,"href":"https:\/\/ujkafe.website\/index.php?rest_route=%2Fwp%2Fv2%2Fcomments&post=32537"}],"version-history":[{"count":0,"href":"https:\/\/ujkafe.website\/index.php?rest_route=\/wp\/v2\/posts\/32537\/revisions"}],"wp:attachment":[{"href":"https:\/\/ujkafe.website\/index.php?rest_route=%2Fwp%2Fv2%2Fmedia&parent=32537"}],"wp:term":[{"taxonomy":"category","embeddable":true,"href":"https:\/\/ujkafe.website\/index.php?rest_route=%2Fwp%2Fv2%2Fcategories&post=32537"},{"taxonomy":"post_tag","embeddable":true,"href":"https:\/\/ujkafe.website\/index.php?rest_route=%2Fwp%2Fv2%2Ftags&post=32537"}],"curies":[{"name":"wp","href":"https:\/\/api.w.org\/{rel}","templated":true}]}}