
{"id":32585,"date":"2014-07-12T07:42:48","date_gmt":"2014-07-12T07:42:48","guid":{"rendered":"https:\/\/ujkafe.website\/?p=32585"},"modified":"2014-07-12T07:45:02","modified_gmt":"2014-07-12T07:45:02","slug":"csikszeredai-regizene-fesztival-2014-2","status":"publish","type":"post","link":"https:\/\/ujkafe.website\/?p=32585","title":{"rendered":"Cs\u00edkszeredai R\u00e9gizene Fesztiv\u00e1l, 2014"},"content":{"rendered":"<h2><strong>M\u00e1sodik nap \/j\u00falius 11. \/ \u00c1d\u00e1m Gyula fot\u00f3riportja<\/strong><\/h2>\n<div id=\"attachment_32589\" style=\"width: 627px\" class=\"wp-caption alignnone\"><a href=\"https:\/\/ujkafe.website\/wp-content\/uploads\/2014\/07\/masodik_01.jpg\"><img loading=\"lazy\" decoding=\"async\" aria-describedby=\"caption-attachment-32589\" class=\" wp-image-32589\" alt=\"masodik_01\" src=\"https:\/\/ujkafe.website\/wp-content\/uploads\/2014\/07\/masodik_01.jpg\" width=\"617\" height=\"412\" srcset=\"https:\/\/ujkafe.website\/wp-content\/uploads\/2014\/07\/masodik_01.jpg 1028w, https:\/\/ujkafe.website\/wp-content\/uploads\/2014\/07\/masodik_01-300x200.jpg 300w, https:\/\/ujkafe.website\/wp-content\/uploads\/2014\/07\/masodik_01-1024x684.jpg 1024w\" sizes=\"auto, (max-width: 617px) 100vw, 617px\" \/><\/a><p id=\"caption-attachment-32589\" class=\"wp-caption-text\">Fiatal arcok a barokk fesztiv\u00e1lzenekarban<\/p><\/div>\n<p><!--more--><\/p>\n<div id=\"attachment_32590\" style=\"width: 627px\" class=\"wp-caption alignnone\"><a href=\"https:\/\/ujkafe.website\/wp-content\/uploads\/2014\/07\/masodik_02.jpg\"><img loading=\"lazy\" decoding=\"async\" aria-describedby=\"caption-attachment-32590\" class=\" wp-image-32590\" alt=\"masodik_02\" src=\"https:\/\/ujkafe.website\/wp-content\/uploads\/2014\/07\/masodik_02.jpg\" width=\"617\" height=\"412\" srcset=\"https:\/\/ujkafe.website\/wp-content\/uploads\/2014\/07\/masodik_02.jpg 1028w, https:\/\/ujkafe.website\/wp-content\/uploads\/2014\/07\/masodik_02-300x200.jpg 300w, https:\/\/ujkafe.website\/wp-content\/uploads\/2014\/07\/masodik_02-1024x684.jpg 1024w\" sizes=\"auto, (max-width: 617px) 100vw, 617px\" \/><\/a><p id=\"caption-attachment-32590\" class=\"wp-caption-text\">Vizsg\u00e1znak a R\u00e9gizene Ny\u00e1ri Egyetem fiatal hallgat\u00f3i &#8211; vizsgadrukkb\u00f3l muzsika<\/p><\/div>\n<div id=\"attachment_32591\" style=\"width: 627px\" class=\"wp-caption alignnone\"><a href=\"https:\/\/ujkafe.website\/wp-content\/uploads\/2014\/07\/masodik_03.jpg\"><img loading=\"lazy\" decoding=\"async\" aria-describedby=\"caption-attachment-32591\" class=\" wp-image-32591\" alt=\"masodik_03\" src=\"https:\/\/ujkafe.website\/wp-content\/uploads\/2014\/07\/masodik_03.jpg\" width=\"617\" height=\"412\" srcset=\"https:\/\/ujkafe.website\/wp-content\/uploads\/2014\/07\/masodik_03.jpg 1028w, https:\/\/ujkafe.website\/wp-content\/uploads\/2014\/07\/masodik_03-300x200.jpg 300w, https:\/\/ujkafe.website\/wp-content\/uploads\/2014\/07\/masodik_03-1024x684.jpg 1024w\" sizes=\"auto, (max-width: 617px) 100vw, 617px\" \/><\/a><p id=\"caption-attachment-32591\" class=\"wp-caption-text\">Az egyik legfiatalabb tan\u00edtv\u00e1ny<\/p><\/div>\n<div id=\"attachment_32592\" style=\"width: 629px\" class=\"wp-caption alignnone\"><a href=\"https:\/\/ujkafe.website\/wp-content\/uploads\/2014\/07\/masodik_04.jpg\"><img loading=\"lazy\" decoding=\"async\" aria-describedby=\"caption-attachment-32592\" class=\" wp-image-32592\" alt=\"masodik_04\" src=\"https:\/\/ujkafe.website\/wp-content\/uploads\/2014\/07\/masodik_04.jpg\" width=\"619\" height=\"415\" srcset=\"https:\/\/ujkafe.website\/wp-content\/uploads\/2014\/07\/masodik_04.jpg 1032w, https:\/\/ujkafe.website\/wp-content\/uploads\/2014\/07\/masodik_04-300x200.jpg 300w, https:\/\/ujkafe.website\/wp-content\/uploads\/2014\/07\/masodik_04-1024x685.jpg 1024w\" sizes=\"auto, (max-width: 619px) 100vw, 619px\" \/><\/a><p id=\"caption-attachment-32592\" class=\"wp-caption-text\">Az egyetem muzsikus tan\u00e1rai el\u00e9gedettek&#8230;<\/p><\/div>\n<div id=\"attachment_32594\" style=\"width: 627px\" class=\"wp-caption alignnone\"><a href=\"https:\/\/ujkafe.website\/wp-content\/uploads\/2014\/07\/masodik_06.jpg\"><img loading=\"lazy\" decoding=\"async\" aria-describedby=\"caption-attachment-32594\" class=\" wp-image-32594\" alt=\"masodik_06\" src=\"https:\/\/ujkafe.website\/wp-content\/uploads\/2014\/07\/masodik_06.jpg\" width=\"617\" height=\"412\" srcset=\"https:\/\/ujkafe.website\/wp-content\/uploads\/2014\/07\/masodik_06.jpg 1028w, https:\/\/ujkafe.website\/wp-content\/uploads\/2014\/07\/masodik_06-300x200.jpg 300w, https:\/\/ujkafe.website\/wp-content\/uploads\/2014\/07\/masodik_06-1024x684.jpg 1024w\" sizes=\"auto, (max-width: 617px) 100vw, 617px\" \/><\/a><p id=\"caption-attachment-32594\" class=\"wp-caption-text\">Francia zen\u00e9re hangol a barokk fesztiv\u00e1lzenekar is a Szent \u00c1goston templomban<\/p><\/div>\n<div id=\"attachment_32595\" style=\"width: 627px\" class=\"wp-caption alignnone\"><a href=\"https:\/\/ujkafe.website\/wp-content\/uploads\/2014\/07\/masodik_07.jpg\"><img loading=\"lazy\" decoding=\"async\" aria-describedby=\"caption-attachment-32595\" class=\" wp-image-32595\" alt=\"masodik_07\" src=\"https:\/\/ujkafe.website\/wp-content\/uploads\/2014\/07\/masodik_07.jpg\" width=\"617\" height=\"484\" srcset=\"https:\/\/ujkafe.website\/wp-content\/uploads\/2014\/07\/masodik_07.jpg 1028w, https:\/\/ujkafe.website\/wp-content\/uploads\/2014\/07\/masodik_07-300x235.jpg 300w, https:\/\/ujkafe.website\/wp-content\/uploads\/2014\/07\/masodik_07-1024x802.jpg 1024w\" sizes=\"auto, (max-width: 617px) 100vw, 617px\" \/><\/a><p id=\"caption-attachment-32595\" class=\"wp-caption-text\">Barokk fesztiv\u00e1lzenekar (2)<\/p><\/div>\n<div id=\"attachment_32596\" style=\"width: 627px\" class=\"wp-caption alignnone\"><a href=\"https:\/\/ujkafe.website\/wp-content\/uploads\/2014\/07\/masodik_08.jpg\"><img loading=\"lazy\" decoding=\"async\" aria-describedby=\"caption-attachment-32596\" class=\" wp-image-32596\" alt=\"masodik_08\" src=\"https:\/\/ujkafe.website\/wp-content\/uploads\/2014\/07\/masodik_08.jpg\" width=\"617\" height=\"417\" srcset=\"https:\/\/ujkafe.website\/wp-content\/uploads\/2014\/07\/masodik_08.jpg 1028w, https:\/\/ujkafe.website\/wp-content\/uploads\/2014\/07\/masodik_08-300x202.jpg 300w, https:\/\/ujkafe.website\/wp-content\/uploads\/2014\/07\/masodik_08-1024x692.jpg 1024w\" sizes=\"auto, (max-width: 617px) 100vw, 617px\" \/><\/a><p id=\"caption-attachment-32596\" class=\"wp-caption-text\">Fiatal arcok a fesztiv\u00e1l zenekar utols\u00f3 sor\u00e1ban<\/p><\/div>\n<div id=\"attachment_32598\" style=\"width: 627px\" class=\"wp-caption alignnone\"><a href=\"https:\/\/ujkafe.website\/wp-content\/uploads\/2014\/07\/masodik_091.jpg\"><img loading=\"lazy\" decoding=\"async\" aria-describedby=\"caption-attachment-32598\" class=\" wp-image-32598\" alt=\"masodik_09\" src=\"https:\/\/ujkafe.website\/wp-content\/uploads\/2014\/07\/masodik_091.jpg\" width=\"617\" height=\"412\" srcset=\"https:\/\/ujkafe.website\/wp-content\/uploads\/2014\/07\/masodik_091.jpg 1028w, https:\/\/ujkafe.website\/wp-content\/uploads\/2014\/07\/masodik_091-300x200.jpg 300w, https:\/\/ujkafe.website\/wp-content\/uploads\/2014\/07\/masodik_091-1024x684.jpg 1024w\" sizes=\"auto, (max-width: 617px) 100vw, 617px\" \/><\/a><p id=\"caption-attachment-32598\" class=\"wp-caption-text\">M\u0171\u00e9lvez\u0151 k\u00f6z\u00f6ns\u00e9g \u00e9s &#8211; j\u00f3 \u00e9jszak\u00e1t, gyerekek!<\/p><\/div>\n<div id=\"attachment_32593\" style=\"width: 627px\" class=\"wp-caption alignnone\"><a href=\"https:\/\/ujkafe.website\/wp-content\/uploads\/2014\/07\/masodik_05.jpg\"><img loading=\"lazy\" decoding=\"async\" aria-describedby=\"caption-attachment-32593\" class=\" wp-image-32593\" alt=\"masodik_05\" src=\"https:\/\/ujkafe.website\/wp-content\/uploads\/2014\/07\/masodik_05.jpg\" width=\"617\" height=\"403\" srcset=\"https:\/\/ujkafe.website\/wp-content\/uploads\/2014\/07\/masodik_05.jpg 1028w, https:\/\/ujkafe.website\/wp-content\/uploads\/2014\/07\/masodik_05-300x195.jpg 300w, https:\/\/ujkafe.website\/wp-content\/uploads\/2014\/07\/masodik_05-1024x668.jpg 1024w\" sizes=\"auto, (max-width: 617px) 100vw, 617px\" \/><\/a><p id=\"caption-attachment-32593\" class=\"wp-caption-text\">A kolozsv\u00e1ri Transylvania Barokk Egy\u00fcttes francia koncertje a Reform\u00e1tus Templomban<\/p><\/div>\n","protected":false},"excerpt":{"rendered":"<p>M\u00e1sodik nap \/j\u00falius 11. \/ \u00c1d\u00e1m Gyula fot\u00f3riportja<\/p>\n","protected":false},"author":3,"featured_media":0,"comment_status":"open","ping_status":"open","sticky":false,"template":"","format":"standard","meta":{"_monsterinsights_skip_tracking":false,"_monsterinsights_sitenote_active":false,"_monsterinsights_sitenote_note":"","_monsterinsights_sitenote_category":0,"ngg_post_thumbnail":0,"footnotes":""},"categories":[5],"tags":[],"class_list":["post-32585","post","type-post","status-publish","format-standard","hentry","category-foto"],"_links":{"self":[{"href":"https:\/\/ujkafe.website\/index.php?rest_route=\/wp\/v2\/posts\/32585","targetHints":{"allow":["GET"]}}],"collection":[{"href":"https:\/\/ujkafe.website\/index.php?rest_route=\/wp\/v2\/posts"}],"about":[{"href":"https:\/\/ujkafe.website\/index.php?rest_route=\/wp\/v2\/types\/post"}],"author":[{"embeddable":true,"href":"https:\/\/ujkafe.website\/index.php?rest_route=\/wp\/v2\/users\/3"}],"replies":[{"embeddable":true,"href":"https:\/\/ujkafe.website\/index.php?rest_route=%2Fwp%2Fv2%2Fcomments&post=32585"}],"version-history":[{"count":0,"href":"https:\/\/ujkafe.website\/index.php?rest_route=\/wp\/v2\/posts\/32585\/revisions"}],"wp:attachment":[{"href":"https:\/\/ujkafe.website\/index.php?rest_route=%2Fwp%2Fv2%2Fmedia&parent=32585"}],"wp:term":[{"taxonomy":"category","embeddable":true,"href":"https:\/\/ujkafe.website\/index.php?rest_route=%2Fwp%2Fv2%2Fcategories&post=32585"},{"taxonomy":"post_tag","embeddable":true,"href":"https:\/\/ujkafe.website\/index.php?rest_route=%2Fwp%2Fv2%2Ftags&post=32585"}],"curies":[{"name":"wp","href":"https:\/\/api.w.org\/{rel}","templated":true}]}}