
{"id":32679,"date":"2014-07-14T15:31:53","date_gmt":"2014-07-14T15:31:53","guid":{"rendered":"https:\/\/ujkafe.website\/?p=32679"},"modified":"2014-07-14T15:35:15","modified_gmt":"2014-07-14T15:35:15","slug":"csikszeredai-regizene-fesztival-2014-4","status":"publish","type":"post","link":"https:\/\/ujkafe.website\/?p=32679","title":{"rendered":"Cs\u00edkszeredai R\u00e9gizene Fesztiv\u00e1l 2014"},"content":{"rendered":"<h2><strong>Negyedik (utols\u00f3) nap \/ j\u00falius 13 \/ \u00c1d\u00e1m Gyula fot\u00f3riportja<\/strong><\/h2>\n<div id=\"attachment_32680\" style=\"width: 627px\" class=\"wp-caption alignnone\"><a href=\"https:\/\/ujkafe.website\/wp-content\/uploads\/2014\/07\/negyedik_01.jpg\"><img loading=\"lazy\" decoding=\"async\" aria-describedby=\"caption-attachment-32680\" class=\" wp-image-32680\" alt=\"negyedik_01\" src=\"https:\/\/ujkafe.website\/wp-content\/uploads\/2014\/07\/negyedik_01.jpg\" width=\"617\" height=\"412\" srcset=\"https:\/\/ujkafe.website\/wp-content\/uploads\/2014\/07\/negyedik_01.jpg 1028w, https:\/\/ujkafe.website\/wp-content\/uploads\/2014\/07\/negyedik_01-300x200.jpg 300w, https:\/\/ujkafe.website\/wp-content\/uploads\/2014\/07\/negyedik_01-1024x684.jpg 1024w\" sizes=\"auto, (max-width: 617px) 100vw, 617px\" \/><\/a><p id=\"caption-attachment-32680\" class=\"wp-caption-text\">Vas\u00e1rnap este, a VB-d\u00f6nt\u0151 idej\u00e9n a fesztiv\u00e1l rajong\u00f3i renesz\u00e1nsz t\u00e1nch\u00e1zban m\u00falatt\u00e1k az id\u0151t<\/p><\/div>\n<p><!--more--><\/p>\n<div id=\"attachment_32681\" style=\"width: 627px\" class=\"wp-caption alignnone\"><a href=\"https:\/\/ujkafe.website\/wp-content\/uploads\/2014\/07\/negyedik_02.jpg\"><img loading=\"lazy\" decoding=\"async\" aria-describedby=\"caption-attachment-32681\" class=\" wp-image-32681\" alt=\"negyedik_02\" src=\"https:\/\/ujkafe.website\/wp-content\/uploads\/2014\/07\/negyedik_02.jpg\" width=\"617\" height=\"353\" srcset=\"https:\/\/ujkafe.website\/wp-content\/uploads\/2014\/07\/negyedik_02.jpg 1028w, https:\/\/ujkafe.website\/wp-content\/uploads\/2014\/07\/negyedik_02-300x171.jpg 300w, https:\/\/ujkafe.website\/wp-content\/uploads\/2014\/07\/negyedik_02-1024x585.jpg 1024w\" sizes=\"auto, (max-width: 617px) 100vw, 617px\" \/><\/a><p id=\"caption-attachment-32681\" class=\"wp-caption-text\">A vas\u00e1rnapi m\u0171sort a Balkan Baroque Band ind\u00edtotta &#8211; sz\u00e1mos cs\u00edkszeredai zen\u00e9sszel. Barokk oper\u00e1k dallamai hangzottak f\u00f6l&#8230;<\/p><\/div>\n<div id=\"attachment_32682\" style=\"width: 627px\" class=\"wp-caption alignnone\"><a href=\"https:\/\/ujkafe.website\/wp-content\/uploads\/2014\/07\/negyedik_03.jpg\"><img loading=\"lazy\" decoding=\"async\" aria-describedby=\"caption-attachment-32682\" class=\" wp-image-32682\" alt=\"negyedik_03\" src=\"https:\/\/ujkafe.website\/wp-content\/uploads\/2014\/07\/negyedik_03.jpg\" width=\"617\" height=\"377\" srcset=\"https:\/\/ujkafe.website\/wp-content\/uploads\/2014\/07\/negyedik_03.jpg 1028w, https:\/\/ujkafe.website\/wp-content\/uploads\/2014\/07\/negyedik_03-300x183.jpg 300w, https:\/\/ujkafe.website\/wp-content\/uploads\/2014\/07\/negyedik_03-1024x625.jpg 1024w\" sizes=\"auto, (max-width: 617px) 100vw, 617px\" \/><\/a><p id=\"caption-attachment-32682\" class=\"wp-caption-text\">A fesztiv\u00e1l f\u00e9nypontja: a p\u00e1rizsi La Fenice egy\u00fcttes. Ronsard versekre \u00edrt zen\u00e9t j\u00e1tszottak<\/p><\/div>\n<div id=\"attachment_32683\" style=\"width: 627px\" class=\"wp-caption alignnone\"><a href=\"https:\/\/ujkafe.website\/wp-content\/uploads\/2014\/07\/negyedik_04.jpg\"><img loading=\"lazy\" decoding=\"async\" aria-describedby=\"caption-attachment-32683\" class=\" wp-image-32683\" alt=\"negyedik_04\" src=\"https:\/\/ujkafe.website\/wp-content\/uploads\/2014\/07\/negyedik_04.jpg\" width=\"617\" height=\"412\" srcset=\"https:\/\/ujkafe.website\/wp-content\/uploads\/2014\/07\/negyedik_04.jpg 1028w, https:\/\/ujkafe.website\/wp-content\/uploads\/2014\/07\/negyedik_04-300x200.jpg 300w, https:\/\/ujkafe.website\/wp-content\/uploads\/2014\/07\/negyedik_04-1024x684.jpg 1024w\" sizes=\"auto, (max-width: 617px) 100vw, 617px\" \/><\/a><p id=\"caption-attachment-32683\" class=\"wp-caption-text\">La Fenice<\/p><\/div>\n<div id=\"attachment_32684\" style=\"width: 629px\" class=\"wp-caption alignnone\"><a href=\"https:\/\/ujkafe.website\/wp-content\/uploads\/2014\/07\/negyedik_05.jpg\"><img loading=\"lazy\" decoding=\"async\" aria-describedby=\"caption-attachment-32684\" class=\" wp-image-32684\" alt=\"negyedik_05\" src=\"https:\/\/ujkafe.website\/wp-content\/uploads\/2014\/07\/negyedik_05.jpg\" width=\"619\" height=\"415\" srcset=\"https:\/\/ujkafe.website\/wp-content\/uploads\/2014\/07\/negyedik_05.jpg 1032w, https:\/\/ujkafe.website\/wp-content\/uploads\/2014\/07\/negyedik_05-300x200.jpg 300w, https:\/\/ujkafe.website\/wp-content\/uploads\/2014\/07\/negyedik_05-1024x685.jpg 1024w\" sizes=\"auto, (max-width: 619px) 100vw, 619px\" \/><\/a><p id=\"caption-attachment-32684\" class=\"wp-caption-text\">\u00c1ll a b\u00e1l a t\u00e1nch\u00e1zban&#8230;<\/p><\/div>\n<div id=\"attachment_32685\" style=\"width: 627px\" class=\"wp-caption alignnone\"><a href=\"https:\/\/ujkafe.website\/wp-content\/uploads\/2014\/07\/negyedik_06.jpg\"><img loading=\"lazy\" decoding=\"async\" aria-describedby=\"caption-attachment-32685\" class=\" wp-image-32685\" alt=\"negyedik_06\" src=\"https:\/\/ujkafe.website\/wp-content\/uploads\/2014\/07\/negyedik_06.jpg\" width=\"617\" height=\"412\" srcset=\"https:\/\/ujkafe.website\/wp-content\/uploads\/2014\/07\/negyedik_06.jpg 1028w, https:\/\/ujkafe.website\/wp-content\/uploads\/2014\/07\/negyedik_06-300x200.jpg 300w, https:\/\/ujkafe.website\/wp-content\/uploads\/2014\/07\/negyedik_06-1024x684.jpg 1024w\" sizes=\"auto, (max-width: 617px) 100vw, 617px\" \/><\/a><p id=\"caption-attachment-32685\" class=\"wp-caption-text\">Az el\u0151ad\u00e1s v\u00e9ge<\/p><\/div>\n<p>&nbsp;<\/p>\n","protected":false},"excerpt":{"rendered":"<p>Negyedik (utols\u00f3) nap \/ j\u00falius 13 \/ \u00c1d\u00e1m Gyula fot\u00f3riportja<\/p>\n","protected":false},"author":3,"featured_media":0,"comment_status":"open","ping_status":"open","sticky":false,"template":"","format":"standard","meta":{"_monsterinsights_skip_tracking":false,"_monsterinsights_sitenote_active":false,"_monsterinsights_sitenote_note":"","_monsterinsights_sitenote_category":0,"ngg_post_thumbnail":0,"footnotes":""},"categories":[5],"tags":[],"class_list":["post-32679","post","type-post","status-publish","format-standard","hentry","category-foto"],"_links":{"self":[{"href":"https:\/\/ujkafe.website\/index.php?rest_route=\/wp\/v2\/posts\/32679","targetHints":{"allow":["GET"]}}],"collection":[{"href":"https:\/\/ujkafe.website\/index.php?rest_route=\/wp\/v2\/posts"}],"about":[{"href":"https:\/\/ujkafe.website\/index.php?rest_route=\/wp\/v2\/types\/post"}],"author":[{"embeddable":true,"href":"https:\/\/ujkafe.website\/index.php?rest_route=\/wp\/v2\/users\/3"}],"replies":[{"embeddable":true,"href":"https:\/\/ujkafe.website\/index.php?rest_route=%2Fwp%2Fv2%2Fcomments&post=32679"}],"version-history":[{"count":0,"href":"https:\/\/ujkafe.website\/index.php?rest_route=\/wp\/v2\/posts\/32679\/revisions"}],"wp:attachment":[{"href":"https:\/\/ujkafe.website\/index.php?rest_route=%2Fwp%2Fv2%2Fmedia&parent=32679"}],"wp:term":[{"taxonomy":"category","embeddable":true,"href":"https:\/\/ujkafe.website\/index.php?rest_route=%2Fwp%2Fv2%2Fcategories&post=32679"},{"taxonomy":"post_tag","embeddable":true,"href":"https:\/\/ujkafe.website\/index.php?rest_route=%2Fwp%2Fv2%2Ftags&post=32679"}],"curies":[{"name":"wp","href":"https:\/\/api.w.org\/{rel}","templated":true}]}}