
{"id":32972,"date":"2014-07-26T03:17:03","date_gmt":"2014-07-26T03:17:03","guid":{"rendered":"https:\/\/ujkafe.website\/?p=32972"},"modified":"2014-07-26T03:18:01","modified_gmt":"2014-07-26T03:18:01","slug":"adam-gyula-ezer-szekely-leany-csoportkep-2014","status":"publish","type":"post","link":"https:\/\/ujkafe.website\/?p=32972","title":{"rendered":"\u00c1d\u00e1m Gyula: Ezer sz\u00e9kely le\u00e1ny &#8211; csoportk\u00e9p (2014)"},"content":{"rendered":"<div id=\"attachment_32973\" style=\"width: 627px\" class=\"wp-caption alignnone\"><a href=\"https:\/\/ujkafe.website\/wp-content\/uploads\/2014\/07\/ezerszekely_14_a.jpg\"><img loading=\"lazy\" decoding=\"async\" aria-describedby=\"caption-attachment-32973\" class=\" wp-image-32973\" alt=\"ezerszekely_14_a\" src=\"https:\/\/ujkafe.website\/wp-content\/uploads\/2014\/07\/ezerszekely_14_a.jpg\" width=\"617\" height=\"394\" srcset=\"https:\/\/ujkafe.website\/wp-content\/uploads\/2014\/07\/ezerszekely_14_a.jpg 1028w, https:\/\/ujkafe.website\/wp-content\/uploads\/2014\/07\/ezerszekely_14_a-300x191.jpg 300w, https:\/\/ujkafe.website\/wp-content\/uploads\/2014\/07\/ezerszekely_14_a-1024x654.jpg 1024w\" sizes=\"auto, (max-width: 617px) 100vw, 617px\" \/><\/a><p id=\"caption-attachment-32973\" class=\"wp-caption-text\">Tot\u00e1lk\u00e9pben&#8230;<\/p><\/div>\n<p><!--more--><\/p>\n<div id=\"attachment_32974\" style=\"width: 627px\" class=\"wp-caption alignnone\"><a href=\"https:\/\/ujkafe.website\/wp-content\/uploads\/2014\/07\/ezerszekely_14_b.jpg\"><img loading=\"lazy\" decoding=\"async\" aria-describedby=\"caption-attachment-32974\" class=\" wp-image-32974\" alt=\"ezerszekely_14_b\" src=\"https:\/\/ujkafe.website\/wp-content\/uploads\/2014\/07\/ezerszekely_14_b.jpg\" width=\"617\" height=\"372\" srcset=\"https:\/\/ujkafe.website\/wp-content\/uploads\/2014\/07\/ezerszekely_14_b.jpg 1028w, https:\/\/ujkafe.website\/wp-content\/uploads\/2014\/07\/ezerszekely_14_b-300x180.jpg 300w, https:\/\/ujkafe.website\/wp-content\/uploads\/2014\/07\/ezerszekely_14_b-1024x617.jpg 1024w\" sizes=\"auto, (max-width: 617px) 100vw, 617px\" \/><\/a><p id=\"caption-attachment-32974\" class=\"wp-caption-text\">&#8230;\u00e9s k\u00f6zel\u00edtve.<\/p><\/div>\n<p><!--more--><\/p>\n","protected":false},"excerpt":{"rendered":"","protected":false},"author":3,"featured_media":0,"comment_status":"open","ping_status":"open","sticky":false,"template":"","format":"standard","meta":{"_monsterinsights_skip_tracking":false,"_monsterinsights_sitenote_active":false,"_monsterinsights_sitenote_note":"","_monsterinsights_sitenote_category":0,"ngg_post_thumbnail":0,"footnotes":""},"categories":[5],"tags":[],"class_list":["post-32972","post","type-post","status-publish","format-standard","hentry","category-foto"],"_links":{"self":[{"href":"https:\/\/ujkafe.website\/index.php?rest_route=\/wp\/v2\/posts\/32972","targetHints":{"allow":["GET"]}}],"collection":[{"href":"https:\/\/ujkafe.website\/index.php?rest_route=\/wp\/v2\/posts"}],"about":[{"href":"https:\/\/ujkafe.website\/index.php?rest_route=\/wp\/v2\/types\/post"}],"author":[{"embeddable":true,"href":"https:\/\/ujkafe.website\/index.php?rest_route=\/wp\/v2\/users\/3"}],"replies":[{"embeddable":true,"href":"https:\/\/ujkafe.website\/index.php?rest_route=%2Fwp%2Fv2%2Fcomments&post=32972"}],"version-history":[{"count":0,"href":"https:\/\/ujkafe.website\/index.php?rest_route=\/wp\/v2\/posts\/32972\/revisions"}],"wp:attachment":[{"href":"https:\/\/ujkafe.website\/index.php?rest_route=%2Fwp%2Fv2%2Fmedia&parent=32972"}],"wp:term":[{"taxonomy":"category","embeddable":true,"href":"https:\/\/ujkafe.website\/index.php?rest_route=%2Fwp%2Fv2%2Fcategories&post=32972"},{"taxonomy":"post_tag","embeddable":true,"href":"https:\/\/ujkafe.website\/index.php?rest_route=%2Fwp%2Fv2%2Ftags&post=32972"}],"curies":[{"name":"wp","href":"https:\/\/api.w.org\/{rel}","templated":true}]}}