
{"id":33014,"date":"2014-07-27T05:45:47","date_gmt":"2014-07-27T05:45:47","guid":{"rendered":"https:\/\/ujkafe.website\/?p=33014"},"modified":"2014-07-27T05:50:30","modified_gmt":"2014-07-27T05:50:30","slug":"szaz-ev-nagy-haboru-elesettek-takarodoja","status":"publish","type":"post","link":"https:\/\/ujkafe.website\/?p=33014","title":{"rendered":"Sz\u00e1z \u00e9v &#8211; nagy h\u00e1bor\u00fa: Elesettek takarod\u00f3ja"},"content":{"rendered":"<h2><strong>Il Silenzio \/ J\u00f3 \u00e9jt<\/strong><\/h2>\n<p><a href=\"https:\/\/ujkafe.website\/wp-content\/uploads\/2014\/07\/ilsilenzio1.jpg\"><img loading=\"lazy\" decoding=\"async\" class=\"alignnone size-full wp-image-33017\" alt=\"ilsilenzio\" src=\"https:\/\/ujkafe.website\/wp-content\/uploads\/2014\/07\/ilsilenzio1.jpg\" width=\"618\" height=\"459\" srcset=\"https:\/\/ujkafe.website\/wp-content\/uploads\/2014\/07\/ilsilenzio1.jpg 618w, https:\/\/ujkafe.website\/wp-content\/uploads\/2014\/07\/ilsilenzio1-300x222.jpg 300w\" sizes=\"auto, (max-width: 618px) 100vw, 618px\" \/><\/a><\/p>\n<p>Ma, j\u00falius 27-\u00e9n vil\u00e1gszerte egy id\u0151ben sz\u00f3laltatj\u00e1k meg neves trombit\u00e1sok a h\u00edres katonai takarod\u00f3, az Il Silenzio dallamait az els\u0151 vil\u00e1gh\u00e1bor\u00fa kit\u00f6r\u00e9s\u00e9nek sz\u00e1zadik \u00e9vfordul\u00f3ja alkalm\u00e1b\u00f3l. A kezdem\u00e9nyez\u00e9s az olasz minisztereln\u00f6ks\u00e9gt\u0151l sz\u00e1rmazik, mely a hajdani hadvisel\u0151 felek mindegyik\u00e9t felk\u00e9rte, hogy \u00edgy tisztelegjenek k\u00f6z\u00f6sen az elesettek eml\u00e9ke el\u0151tt. Biztos r\u00e9szv\u00e9tel\u00e9t jelezte t\u00f6bbek k\u00f6z\u00f6tt Anglia, Portug\u00e1lia, Rom\u00e1nia, Szerbia, Szlov\u00e1kia, Szlov\u00e9nia, az Egyes\u00fclt \u00c1llamok \u00e9s term\u00e9szetesen Magyarorsz\u00e1g is. <!--more-->A szervez\u0151k Magyarorsz\u00e1gr\u00f3l a fiatal dzsessz-trombit\u00e1st, Ko\u00f3s-Hut\u00e1s \u00c1ront k\u00e9rt\u00e9k fel, hogy j\u00e1tssza el a k\u00f6zismert mel\u00f3di\u00e1t. \u201eA katonas\u00e1gban m\u00e1r r\u00e9g\u00f3ta j\u00e1tszott takarod\u00f3 dallam\u00e1ra Nini Rosso olasz trombit\u00e1s szerzett darabot 1965-ben, Hollandia felszabadul\u00e1s\u00e1nak 20. \u00e9vfordul\u00f3j\u00e1n. Ezt a vil\u00e1gh\u00edr\u0171v\u00e9 v\u00e1lt verzi\u00f3t j\u00e1tszom el j\u00falius 27-\u00e9n a budai V\u00e1r Savoyai terasz\u00e1n&#8221; &#8211; nyilatkozta a fiatal zen\u00e9sz.<\/p>\n<p>Al\u00e1bb a dal sz\u00f6veg\u00e9nek magyar ford\u00edt\u00e1s\u00e1t k\u00f6z\u00f6lj\u00fck &#8211; \u00fagy, ahogy azt Kov\u00e1cs Kati \u00e9nekelte.<\/p>\n<p>J\u00f3 \u00e9jt, b\u00facs\u00fazom, takarod\u00f3, takarod\u00f3<br \/>\nK\u00f6nnyes a csend, hol van a sz\u00f3<br \/>\nIndulni kell takarod\u00f3, takarod\u00f3, takarod\u00f3.<\/p>\n<p>Most m\u00e1r csak p\u00e1r h\u00f3nap van ezt kib\u00edrom<br \/>\nGy\u0171r\u0171det megtartom, m\u00e1snak nem adom.<br \/>\nMeg v\u00e1rlak k\u00e9rned sem kell<br \/>\nSz\u00edvemben nincs m\u00e1snak hely.<\/p>\n<p>J\u00f3 \u00e9jt b\u00facs\u00fazom, sz\u00e9p \u00e1lmokat<br \/>\nL\u00e9gy j\u00f3<\/p>\n<p>\/A v\u00e9g\u00e9ig csak p\u00e1r h\u00f3nap van<br \/>\nEzt tal\u00e1n kib\u00edrod<br \/>\nH\u0171s\u00e9ggel megv\u00e1rlak, ha te is akarod\/<\/p>\n<p>K\u00eds\u00e9rlek \u00e1lmodban minden utadon<br \/>\nH\u0171s\u00e9ggel meg v\u00e1rlak, mert \u00edgy akarom<br \/>\nL\u00e1tod, hogy k\u00e9rned sem kell<br \/>\nSz\u00edvemben nincs m\u00e1snak hely.<\/p>\n<p>J\u00f3 \u00e9jt b\u00facs\u00fazom, sz\u00e9p \u00e1lmokat<br \/>\nL\u00e9gy j\u00f3<\/p>\n<p><em>[ahogy Kov\u00e1cs Kati \u00e9nekelte]<\/em><\/p>\n","protected":false},"excerpt":{"rendered":"<p>Il Silenzio \/ J\u00f3 \u00e9jt Ma, j\u00falius 27-\u00e9n vil\u00e1gszerte egy id\u0151ben sz\u00f3laltatj\u00e1k meg neves trombit\u00e1sok a h\u00edres katonai takarod\u00f3, az Il Silenzio dallamait az els\u0151 vil\u00e1gh\u00e1bor\u00fa kit\u00f6r\u00e9s\u00e9nek sz\u00e1zadik \u00e9vfordul\u00f3ja alkalm\u00e1b\u00f3l. A kezdem\u00e9nyez\u00e9s az olasz minisztereln\u00f6ks\u00e9gt\u0151l sz\u00e1rmazik, mely a hajdani hadvisel\u0151 felek mindegyik\u00e9t felk\u00e9rte, hogy \u00edgy tisztelegjenek k\u00f6z\u00f6sen az elesettek eml\u00e9ke el\u0151tt. Biztos r\u00e9szv\u00e9tel\u00e9t jelezte t\u00f6bbek [&hellip;]<\/p>\n","protected":false},"author":3,"featured_media":0,"comment_status":"open","ping_status":"open","sticky":false,"template":"","format":"standard","meta":{"_monsterinsights_skip_tracking":false,"_monsterinsights_sitenote_active":false,"_monsterinsights_sitenote_note":"","_monsterinsights_sitenote_category":0,"ngg_post_thumbnail":0,"footnotes":""},"categories":[28,8,137],"tags":[],"class_list":["post-33014","post","type-post","status-publish","format-standard","hentry","category-dal","category-hir","category-szaz-ev-nagy-haboru"],"_links":{"self":[{"href":"https:\/\/ujkafe.website\/index.php?rest_route=\/wp\/v2\/posts\/33014","targetHints":{"allow":["GET"]}}],"collection":[{"href":"https:\/\/ujkafe.website\/index.php?rest_route=\/wp\/v2\/posts"}],"about":[{"href":"https:\/\/ujkafe.website\/index.php?rest_route=\/wp\/v2\/types\/post"}],"author":[{"embeddable":true,"href":"https:\/\/ujkafe.website\/index.php?rest_route=\/wp\/v2\/users\/3"}],"replies":[{"embeddable":true,"href":"https:\/\/ujkafe.website\/index.php?rest_route=%2Fwp%2Fv2%2Fcomments&post=33014"}],"version-history":[{"count":0,"href":"https:\/\/ujkafe.website\/index.php?rest_route=\/wp\/v2\/posts\/33014\/revisions"}],"wp:attachment":[{"href":"https:\/\/ujkafe.website\/index.php?rest_route=%2Fwp%2Fv2%2Fmedia&parent=33014"}],"wp:term":[{"taxonomy":"category","embeddable":true,"href":"https:\/\/ujkafe.website\/index.php?rest_route=%2Fwp%2Fv2%2Fcategories&post=33014"},{"taxonomy":"post_tag","embeddable":true,"href":"https:\/\/ujkafe.website\/index.php?rest_route=%2Fwp%2Fv2%2Ftags&post=33014"}],"curies":[{"name":"wp","href":"https:\/\/api.w.org\/{rel}","templated":true}]}}