
{"id":35209,"date":"2014-10-03T05:29:52","date_gmt":"2014-10-03T05:29:52","guid":{"rendered":"https:\/\/ujkafe.website\/?p=35209"},"modified":"2014-10-03T05:39:38","modified_gmt":"2014-10-03T05:39:38","slug":"vancso-zoltan-foto-filmjei","status":"publish","type":"post","link":"https:\/\/ujkafe.website\/?p=35209","title":{"rendered":"Vancs\u00f3 Zolt\u00e1n fot\u00f3-filmjei"},"content":{"rendered":"<div id=\"attachment_35216\" style=\"width: 633px\" class=\"wp-caption alignnone\"><a href=\"https:\/\/ujkafe.website\/wp-content\/uploads\/2014\/10\/1_allofilmek_vancso1.jpg\"><img loading=\"lazy\" decoding=\"async\" aria-describedby=\"caption-attachment-35216\" class=\" wp-image-35216\" alt=\"1_allofilmek_vancso\" src=\"https:\/\/ujkafe.website\/wp-content\/uploads\/2014\/10\/1_allofilmek_vancso1.jpg\" width=\"623\" height=\"424\" srcset=\"https:\/\/ujkafe.website\/wp-content\/uploads\/2014\/10\/1_allofilmek_vancso1.jpg 890w, https:\/\/ujkafe.website\/wp-content\/uploads\/2014\/10\/1_allofilmek_vancso1-300x203.jpg 300w\" sizes=\"auto, (max-width: 623px) 100vw, 623px\" \/><\/a><p id=\"caption-attachment-35216\" class=\"wp-caption-text\">1. \u00c1ll\u00f3filmek<\/p><\/div>\n<p>F\u00e1radhatatlan \u00faj\u00edt\u00e1sair\u00f3l (is) nevezetes a magyar fotogr\u00e1fia egyik jeles, jelenkori k\u00e9pvisel\u0151je, a Budapesten \u00e9l\u0151 Vancs\u00f3 Zolt\u00e1n. Bemutat\u00e1s\u00e1r\u00f3l mindig saj\u00e1t maga gondoskodik, ritka k\u00f6r\u00fcltekint\u00e9ssel \u00e9s \u00edzl\u00e9ssel. H\u00edrlevelei maguk is fel\u00e9lrnek egy-egy kis kompoz\u00edci\u00f3val&#8230;<!--more--><\/p>\n<p>Legut\u00f3bb arr\u00f3l \u00e9rtes\u00edtette bar\u00e1tait, tisztel\u0151it &#8211; egy sz\u00f3val: a nagyk\u00f6z\u00f6ns\u00e9get, hogy \u00f6t, eg\u00e9sz est\u00e9s slide show vet\u00edt\u00e9ssel &#8211; gyakorlatilag ugyanannyi fot\u00f3-filmmel &#8211; mutatja be eddigi munk\u00e1ss\u00e1g\u00e1nak legszebb darabjait. A vet\u00edt\u00e9seket a jelenleg el\u00e9rhet\u0151 legnagyobb, 4K &#8211; Ultra HD felbont\u00e1sban \u00e9lvezhetj\u00fck, amelyeket a szerz\u0151 szem\u00e9lyes bevezet\u0151i tesznek m\u00e9g szem\u00e9lyesebb\u00e9, eml\u00e9kezetesebb\u00e9.<\/p>\n<p><em>\u201eVancs\u00f3 fekete-feh\u00e9r m\u0171v\u00e9szete a vehemens olasz avantg\u00e1rd, a metafizikus fest\u0151k \u00e9s a formabont\u00f3 sz\u00fcrrealist\u00e1k ismeret\u00e9r\u0151l tan\u00faskodik, vagy azokkal rokon\u00edthat\u00f3.\u201d<\/em> &#8211; \u00e1ll\u00edtja r\u00f3la Mark\u00f3ja Csilla, m\u0171v\u00e9szett\u00f6rt\u00e9n\u00e9sz.<\/p>\n<p><em>&#8222;Van, aki a dokumentarista fotogr\u00e1fust l\u00e1tja benne, s van, aki m\u0171veiben a hat\u00e1r\u00e1t l\u00e1tja fotogr\u00e1fia \u00e9s k\u00e9pz\u0151m\u0171v\u00e9szet k\u00f6z\u00f6tt. Azonban mindk\u00e9t csoport egybehangz\u00f3 v\u00e9lem\u00e9nye, hogy amiket teremt, azok a magyar fotogr\u00e1fia progressz\u00edv alkot\u00e1sai, id\u0151t\u00e1ll\u00f3 \u00e9rt\u00e9kei.\u201d<\/em> Ez meg Baki P\u00e9ter, fot\u00f3m\u00fazeol\u00f3gus v\u00e9lem\u00e9nye a m\u0171v\u00e9szr\u0151l.<\/p>\n<p>Hogy mindez mennyire igaz, err\u0151l \u00e9v okt\u00f3ber 29-november 26 k\u00f6z\u00f6tt, minden szerd\u00e1n este 20 \u00f3rakor (budapesti id\u0151) meggy\u0151z\u0151dhet\u00fcnk a B\u00e9csi \u00fat 154 alatt tal\u00e1lhat\u00f3 Euro-Center Moziban.<\/p>\n<p>\u00cdzel\u00edt\u0151\u00fcl a prom\u00f3ci\u00f3s anyag alapj\u00e1n, mindegyik sorozatb\u00f3l egy-egy k\u00e9ppel illusztr\u00e1ljuk megh\u00edv\u00f3nk sz\u00f6veg\u00e9t. <strong>(K\u00e1f\u00e9 f\u0151nix)<\/strong><\/p>\n<div id=\"attachment_35218\" style=\"width: 634px\" class=\"wp-caption alignnone\"><a href=\"https:\/\/ujkafe.website\/wp-content\/uploads\/2014\/10\/2vancsozoltan_szandektalan_feny1.jpg\"><img loading=\"lazy\" decoding=\"async\" aria-describedby=\"caption-attachment-35218\" class=\" wp-image-35218\" alt=\"2vancsozoltan_szandektalan_feny\" src=\"https:\/\/ujkafe.website\/wp-content\/uploads\/2014\/10\/2vancsozoltan_szandektalan_feny1.jpg\" width=\"624\" height=\"422\" srcset=\"https:\/\/ujkafe.website\/wp-content\/uploads\/2014\/10\/2vancsozoltan_szandektalan_feny1.jpg 891w, https:\/\/ujkafe.website\/wp-content\/uploads\/2014\/10\/2vancsozoltan_szandektalan_feny1-300x203.jpg 300w\" sizes=\"auto, (max-width: 624px) 100vw, 624px\" \/><\/a><p id=\"caption-attachment-35218\" class=\"wp-caption-text\">2. Sz\u00e1nd\u00e9ktalan f\u00e9ny<\/p><\/div>\n<div id=\"attachment_35219\" style=\"width: 635px\" class=\"wp-caption alignnone\"><a href=\"https:\/\/ujkafe.website\/wp-content\/uploads\/2014\/10\/3nemletesorokkevalosagkozott_vancso1.jpg\"><img loading=\"lazy\" decoding=\"async\" aria-describedby=\"caption-attachment-35219\" class=\" wp-image-35219\" alt=\"3nemletesorokkevalosagkozott_vancso\" src=\"https:\/\/ujkafe.website\/wp-content\/uploads\/2014\/10\/3nemletesorokkevalosagkozott_vancso1.jpg\" width=\"625\" height=\"426\" srcset=\"https:\/\/ujkafe.website\/wp-content\/uploads\/2014\/10\/3nemletesorokkevalosagkozott_vancso1.jpg 893w, https:\/\/ujkafe.website\/wp-content\/uploads\/2014\/10\/3nemletesorokkevalosagkozott_vancso1-300x204.jpg 300w\" sizes=\"auto, (max-width: 625px) 100vw, 625px\" \/><\/a><p id=\"caption-attachment-35219\" class=\"wp-caption-text\">3. Neml\u00e9t \u00e9s \u00f6r\u00f6kk\u00e9val\u00f3s\u00e1g k\u00f6z\u00f6tt<\/p><\/div>\n<div id=\"attachment_35220\" style=\"width: 636px\" class=\"wp-caption alignnone\"><a href=\"https:\/\/ujkafe.website\/wp-content\/uploads\/2014\/10\/4alomvolgy_vancso1.jpg\"><img loading=\"lazy\" decoding=\"async\" aria-describedby=\"caption-attachment-35220\" class=\" wp-image-35220\" alt=\"4alomvolgy_vancso\" src=\"https:\/\/ujkafe.website\/wp-content\/uploads\/2014\/10\/4alomvolgy_vancso1.jpg\" width=\"626\" height=\"422\" srcset=\"https:\/\/ujkafe.website\/wp-content\/uploads\/2014\/10\/4alomvolgy_vancso1.jpg 894w, https:\/\/ujkafe.website\/wp-content\/uploads\/2014\/10\/4alomvolgy_vancso1-300x202.jpg 300w\" sizes=\"auto, (max-width: 626px) 100vw, 626px\" \/><\/a><p id=\"caption-attachment-35220\" class=\"wp-caption-text\">4. \u00c1lomv\u00f6lgy<\/p><\/div>\n<div id=\"attachment_35221\" style=\"width: 634px\" class=\"wp-caption alignnone\"><a href=\"https:\/\/ujkafe.website\/wp-content\/uploads\/2014\/10\/5vancso_world1.jpg\"><img loading=\"lazy\" decoding=\"async\" aria-describedby=\"caption-attachment-35221\" class=\" wp-image-35221\" alt=\"5vancso_world\" src=\"https:\/\/ujkafe.website\/wp-content\/uploads\/2014\/10\/5vancso_world1.jpg\" width=\"624\" height=\"421\" srcset=\"https:\/\/ujkafe.website\/wp-content\/uploads\/2014\/10\/5vancso_world1.jpg 891w, https:\/\/ujkafe.website\/wp-content\/uploads\/2014\/10\/5vancso_world1-300x202.jpg 300w\" sizes=\"auto, (max-width: 624px) 100vw, 624px\" \/><\/a><p id=\"caption-attachment-35221\" class=\"wp-caption-text\">5. Vancs\u00f3-world \/ The Peter Gabriel<\/p><\/div>\n<p>&nbsp;<\/p>\n","protected":false},"excerpt":{"rendered":"<p>F\u00e1radhatatlan \u00faj\u00edt\u00e1sair\u00f3l (is) nevezetes a magyar fotogr\u00e1fia egyik jeles, jelenkori k\u00e9pvisel\u0151je, a Budapesten \u00e9l\u0151 Vancs\u00f3 Zolt\u00e1n. Bemutat\u00e1s\u00e1r\u00f3l mindig saj\u00e1t maga gondoskodik, ritka k\u00f6r\u00fcltekint\u00e9ssel \u00e9s \u00edzl\u00e9ssel. H\u00edrlevelei maguk is fel\u00e9lrnek egy-egy kis kompoz\u00edci\u00f3val&#8230;<\/p>\n","protected":false},"author":3,"featured_media":0,"comment_status":"open","ping_status":"open","sticky":false,"template":"","format":"standard","meta":{"_monsterinsights_skip_tracking":false,"_monsterinsights_sitenote_active":false,"_monsterinsights_sitenote_note":"","_monsterinsights_sitenote_category":0,"ngg_post_thumbnail":0,"footnotes":""},"categories":[5],"tags":[],"class_list":["post-35209","post","type-post","status-publish","format-standard","hentry","category-foto"],"_links":{"self":[{"href":"https:\/\/ujkafe.website\/index.php?rest_route=\/wp\/v2\/posts\/35209","targetHints":{"allow":["GET"]}}],"collection":[{"href":"https:\/\/ujkafe.website\/index.php?rest_route=\/wp\/v2\/posts"}],"about":[{"href":"https:\/\/ujkafe.website\/index.php?rest_route=\/wp\/v2\/types\/post"}],"author":[{"embeddable":true,"href":"https:\/\/ujkafe.website\/index.php?rest_route=\/wp\/v2\/users\/3"}],"replies":[{"embeddable":true,"href":"https:\/\/ujkafe.website\/index.php?rest_route=%2Fwp%2Fv2%2Fcomments&post=35209"}],"version-history":[{"count":0,"href":"https:\/\/ujkafe.website\/index.php?rest_route=\/wp\/v2\/posts\/35209\/revisions"}],"wp:attachment":[{"href":"https:\/\/ujkafe.website\/index.php?rest_route=%2Fwp%2Fv2%2Fmedia&parent=35209"}],"wp:term":[{"taxonomy":"category","embeddable":true,"href":"https:\/\/ujkafe.website\/index.php?rest_route=%2Fwp%2Fv2%2Fcategories&post=35209"},{"taxonomy":"post_tag","embeddable":true,"href":"https:\/\/ujkafe.website\/index.php?rest_route=%2Fwp%2Fv2%2Ftags&post=35209"}],"curies":[{"name":"wp","href":"https:\/\/api.w.org\/{rel}","templated":true}]}}