
{"id":35458,"date":"2014-10-12T08:08:24","date_gmt":"2014-10-12T08:08:24","guid":{"rendered":"https:\/\/ujkafe.website\/?p=35458"},"modified":"2014-10-13T11:48:13","modified_gmt":"2014-10-13T11:48:13","slug":"kolcsonsorok-pero-zubac","status":"publish","type":"post","link":"https:\/\/ujkafe.website\/?p=35458","title":{"rendered":"K\u00f6lcs\u00f6nsorok: Pero Zubac"},"content":{"rendered":"<h2><strong>Moszt\u00e1ri es\u0151k \u2013 Mostarske kise<\/strong><\/h2>\n<p>Egyszer, \u0151sszel, Moszt\u00e1rban szerettem egy T\u00fcnd\u00e9t,<br \/>\n\u00f3, ha tudn\u00e1m, hol szendereg, kinek a mell\u00e9n,<br \/>\nfej\u00e9t venn\u00e9m, fej\u00e9t venn\u00e9m,<br \/>\n\u00f3, ha tudn\u00e1m, kit\u0151l kapja a cs\u00f3kokat<br \/>\nfogait kivern\u00e9m, fogait kivern\u00e9m,<br \/>\n\u00f3, ha tudn\u00e1m, a gy\u00f6m\u00f6lcs\u00f6t, a m\u00e9g \u00e9retlent<br \/>\nki sz\u00fcreteli bennem.<!--more--><\/p>\n<p>Mondogattam, k\u00f6ly\u00f6k vagy, csitri vagy,<br \/>\nmindenf\u00e9l\u00e9t \u00f6sszehordtam.<br \/>\n\u00c9s s\u00edrt a karjaim k\u00f6zt, b\u00e1ntott\u00e1k szavaim,<br \/>\nmondogattam, angyal vagy, \u00f6rd\u00f6g vagy,<br \/>\ntested \u00e9rett, mi\u00e9rt j\u00e1tszod a sz\u00fczet,<br \/>\n\u00e9s Moszt\u00e1r felett eg\u00e9sz \u00e9jjel valami<br \/>\nk\u00e9k es\u0151 esett.<\/p>\n<p>Elt\u0171nt a nap, elt\u0171ntek a madarak, minden elt\u0171nt.<br \/>\nK\u00e9rdezte, van-e b\u00e1ty\u00e1m, mit tanulok,<br \/>\nhorv\u00e1t vagyok-e, szeretem-e Rilk\u00e9t,<br \/>\nmindenf\u00e9l\u00e9t k\u00e9rdezett.<br \/>\nK\u00e9rdezte, mindenkivel \u00edgy viselkedn\u00e9k-e,<br \/>\nIsten ments,<br \/>\nhalkan k\u00e9rdezte, szeretem-e,<br \/>\n\u00e9s Moszt\u00e1r felett valami k\u00e9k es\u0151 esett,<br \/>\nmagasztosan feh\u00e9r volt a szoba s\u00f6t\u00e9tj\u00e9n<br \/>\nde nem akarta,<br \/>\nnem akarta vagy nem merte,<br \/>\naz \u00f6rd\u00f6g sem tudhatja.<\/p>\n<p>Az \u0151sz, az ablaksz\u00e1rnyon a b\u00e1gyadt \u0151sz<br \/>\naz \u0151 mad\u00e1r-szemei, \u0151zike-combjai,<br \/>\nszem\u00f6lcse volt, szem\u00f6lcse volt,<br \/>\nmeg nem mondhatom,<br \/>\nszem\u00f6lcse volt, lila, alig l\u00e1that\u00f3,<br \/>\nvagy csak nekem t\u0171nt \u00fagy.<br \/>\nK\u00e9rdezte, horv\u00e1t vagyok-e, van-e bar\u00e1tn\u0151m,<br \/>\nszeretem-e Rilk\u00e9t \u2013 mindenf\u00e9l\u00e9t k\u00e9rdezett,<br \/>\naz ablakon az es\u0151cseppek kopog\u00e1sa gyerekkorom<br \/>\nkar\u00e1csonyi hangulat\u00e1t id\u00e9zte,<br \/>\naz Als\u00f3v\u00e1ros felett csendes \u00e9ji dal lebbent,<br \/>\nTe, Szulejm\u00e1n, felnevelt any\u00e1d.<\/p>\n<p>Sz\u00e9tter\u00edtette \u00e9veit a parkett\u00e1n.<br \/>\nTel\u00edtett ajkai az \u00e9rett \u0151szibarackot,<br \/>\nmellei a kiskuty\u00e1k meleg\u00e9t id\u00e9zt\u00e9k.<br \/>\nMondogattam but\u00e1cska vagy, bek\u00e9pzet vagy,<br \/>\nT\u00fcnde, T\u00fcnde, tudod-e, az atom korszaka van,<br \/>\nDe Gaulle, Gagarin \u00e9s marhas\u00e1gok,<br \/>\nmindenf\u00e9l\u00e9t \u00f6sszehordtam,<br \/>\ncsak s\u00edrt, csak s\u00edrt.<\/p>\n<p>Elvezettem a R\u00e9zverde utc\u00e1ba, cukr\u00e1szd\u00e1kba,<br \/>\nmindenhov\u00e1 vezettem,<br \/>\nbarlangokban rejtegettem, g\u00f3r\u00e9ba vittem,<br \/>\na hidak alatt b\u00faj\u00f3csk\u00e1ztunk, a Neretva csik\u00f3,<br \/>\na r\u00e9gi h\u00edd alatt Crnyanszkit id\u00e9ztem,<br \/>\ngy\u00f6ny\u00f6r\u0171, suttogta, gy\u00f6ny\u00f6r\u0171.<\/p>\n<p>T\u00e9rdeit rajzoltam a nedves homokba,<br \/>\nnevetett, az els\u0151 liliomok tisztas\u00e1ga sug\u00e1rzott<br \/>\nvid\u00e1m nevet\u00e9s\u00e9b\u0151l,<br \/>\na mecsetekbe vezettem, Karadzsoz-b\u00e9g halott, mi\u00f3ta halott<br \/>\na s\u00falyos t\u00fcrb\u00e9 alatt;<br \/>\nSantity s\u00edrj\u00e1ra vir\u00e1got vitt,<br \/>\nelpityeredett, mint \u00e1ltal\u00e1ban a n\u0151k,<br \/>\nmindenhov\u00e1 vezettem.<\/p>\n<p>Ez a mostani ny\u00e1r, ez valami eg\u00e9szen m\u00e1s,<br \/>\nverseket \u00edrogatok,<br \/>\negy napilapban f\u00e9l has\u00e1b Pero Zubacnak j\u00e1r<br \/>\n\u00e9s semmi t\u00f6bb,<br \/>\nakkor Moszt\u00e1r felett eg\u00e9sz \u00e9jjel<br \/>\nk\u00e9k es\u0151 esett,<br \/>\nmagasztosan feh\u00e9r volt a szoba s\u00f6t\u00e9tj\u00e9n,<br \/>\nde nem akarta,<br \/>\nnem akarta, vagy nem merte,<br \/>\naz \u00f6rd\u00f6g sem tudhatja.<\/p>\n<p>Se azt az eget, se azokat a fellegeket, se a h\u00e1ztet\u0151ket,<br \/>\na halv\u00e1ny napot \u2013 Moszt\u00e1r felett a ki\u00e9hezett fi\u00fat<br \/>\nk\u00e9ptelen vagyok feledni,<br \/>\nse hajtincseit, kicsiny szam\u00f3ca-nyelv\u00e9t,<br \/>\nnevet\u00e9s\u00e9t mely olykor \u00e1tkozottul s\u00e9rt\u0151 volt;<br \/>\na Feh\u00e9r Domb k\u00e1poln\u00e1j\u00e1ban azt az im\u00e1t,<br \/>\nIsten hatalmas, \u00e1ll\u00edtotta, t\u00fal\u00e9l minket;<br \/>\nse a s\u00falyos, k\u00e9k es\u0151t,<br \/>\n\u00f3 term\u00e9ketlen \u0151sz, az \u0151 \u0151sze\u2026<\/p>\n<p>Besz\u00e9lt a filmekr\u0151l, James Dean-r\u0151l,<br \/>\nsokmindenr\u0151l besz\u00e9lt,<br \/>\nszomork\u00e1san, kicsit s\u00edrdog\u00e1lva a Karenyin-dinaszti\u00e1r\u00f3l;<br \/>\nmondta, Cyde Griffiths a hangy\u00e1t se<br \/>\ntudn\u00e1 eltaposni,<br \/>\nnevettem \u2013 \u0151 gyilkos, gyerek vagy;<br \/>\nazt az utc\u00e1t se, azokat az \u00fajs\u00e1g\u00e1r\u00fasokat se a napilap<br \/>\nutols\u00f3 kiad\u00e1s\u00e1val, azt a kirakatban l\u00e9v\u0151 f\u00e9ligfonnyadt<br \/>\nsz\u0151l\u0151t se tudom elfelejteni,<br \/>\nazt a Moszt\u00e1r feletti keser\u0171<br \/>\n\u0151szt se,<br \/>\nazt az es\u0151t,<br \/>\neg\u00e9sz \u00e9jjel cs\u00f3kolt, \u00f6lelt,<br \/>\nesk\u00fcsz\u00f6m, semmi t\u00f6bbet,<br \/>\nsemmi m\u00e1st nem tett\u00fcnk.<\/p>\n<p>J\u00f6ttek az \u00fajabb nyarak, j\u00f6ttek az \u00fajabb es\u0151k,<br \/>\negyetlen egy lev\u00e9l Ljubljan\u00e1b\u00f3l,<br \/>\nmi\u00e9rt onnan,<br \/>\na j\u00e1rd\u00e1ra hullott leveleket se, azokat a napokat se<br \/>\nnem b\u00edrom, nem tudom<br \/>\nkit\u00f6r\u00f6lni.<\/p>\n<p>\u00cdrt, k\u00e9rdezi mit csin\u00e1lok, hogyan \u00e9lek,<br \/>\nvan-e bar\u00e1tn\u0151m,<br \/>\negy\u00e1ltal\u00e1n gondolok-e r\u00e1, arra az \u0151szre<br \/>\naz es\u0151re,<br \/>\nazt \u00edrja, Istenre esk\u00fcdve, nem v\u00e1ltozott,<br \/>\nugyanolyan,<br \/>\nhiggyek neki, kacagjak<br \/>\nKrisztust r\u00e9gren, nagyon r\u00e9gen el\u00e1tkoztam,<br \/>\n\u00e9s t\u00fals\u00e1gosan nem is \u00e9rdekel,<br \/>\nesk\u00fcd\u00f6zve, esk\u00fc n\u00e9lk\u00fcl,<br \/>\nm\u00e1sk\u00e9nt nem lehet, k\u00e1r hazudni.<\/p>\n<p>Besz\u00e9ltem neki Lermontovr\u00f3l, Chagallr\u00f3l,<br \/>\nsok mindenr\u0151l besz\u00e9ltem,<br \/>\nkopott Zweig k\u00f6nyvet cipelt mag\u00e1val,<br \/>\nd\u00e9lut\u00e1n olvasgatta,<br \/>\nhaj\u00e1ban volt a rejtett ny\u00e1r, a napsug\u00e1r,<br \/>\ncs\u00f6ppnyi tenger,<br \/>\naz els\u0151 \u00e9jjel a b\u0151re is mintha s\u00f3s lett volna,<br \/>\nhalak szunnyadtak ereiben;<br \/>\nnevett\u00fcnk, b\u00e1mulva a h\u00eddr\u00f3l cigarett\u00e1\u00e9rt<br \/>\nugr\u00e1ndoz\u00f3 gyerekeket,<br \/>\nnevett\u00fcnk, elm\u00falt a ny\u00e1r, \u0151k meg ugr\u00e1lnak \u2013 persze gyerekek,<br \/>\nmondta: \u00e9let\u00fckbe ker\u00fclhet, t\u00fcd\u0151gyullad\u00e1st kaphatnak&#8230;<\/p>\n<p>Azut\u00e1n j\u00f6ttek a hallgat\u00e1s percei, hosszan, nagyon hosszan,<br \/>\nszabadon kalandozhattak gondolataim,<br \/>\nmegfejthettem Spinoz\u00e1t,<br \/>\n\u00f3r\u00e1khosszat nyugodtam<br \/>\nb\u00e1m\u00e9szkodhattam,<br \/>\nkavicsokat dob\u00e1lhattam,<br \/>\nel is mehettem ak\u00e1rhov\u00e1, valahov\u00e1 messzire,<br \/>\nmeg is halhattam volna \u00f6l\u00e9ben, mag\u00e1nyosan,<br \/>\nelhagyatottan,<br \/>\nmad\u00e1rr\u00e1, v\u00edzz\u00e9, szikl\u00e1v\u00e1 is v\u00e1ltozhattam<br \/>\nvolna,<br \/>\ncsaponghattam\u2026<\/p>\n<p>Hossz\u00fa, t\u00f6r\u00e9keny, halv\u00e1ny ujjai voltak, de f\u00fcrg\u00e9k,<br \/>\nb\u00faj\u00f3csk\u00e1ztunk \u00e9s katicabogarat j\u00e1tszottunk,<br \/>\nT\u00fcnde, gyere el\u0151, a szikla m\u00f6g\u00f6tt vagy,<br \/>\nnem vagyok vak,<br \/>\nne bolond\u00edts, gyere, ne csintalankodj,<br \/>\nelfenekellek;<br \/>\nmikor \u0151 keresett \u2013 a foly\u00f3 medr\u00e9be is<br \/>\nrejt\u0151zhettem \u2013 megtal\u00e1lt volna,<br \/>\nazt mondta, r\u00f6gt\u00f6n r\u00e1m\u00e9rez,<br \/>\nj\u00f3l ismer.<br \/>\nSosem hittem neki,<br \/>\nval\u00f3sz\u00edn\u0171 kukucsk\u00e1lt ujjai k\u00f6z\u00fcl.<br \/>\nSzerette a geszteny\u00e9t, a Rond\u00f3n v\u00e1s\u00e1roltuk,<br \/>\nfelvitte a szob\u00e1ba, c\u00e9rn\u00e1ra f\u0171zte,<br \/>\nszerette a r\u00f3zs\u00e1kat, azon az \u0151sz\u00f6n, el\u00e1rasztottam,<br \/>\ndobozba gy\u0171jt\u00f6tte a hervadtakat.<\/p>\n<p>K\u00e9rdeztem, mi a v\u00e9lem\u00e9nye a vil\u00e1gr\u00f3l,<br \/>\nhisz-e a kommunizmusban, cser\u00e9lne-e<br \/>\nNatasa Rosztovval, \u00f6ssze-vissza k\u00e9rdezgettem,<br \/>\nolykor egy\u00fcgy\u0171en, hogyne tudtam volna;<br \/>\nk\u00e9rdeztem, szeretne-e egy kisfi\u00fat,<br \/>\nmondjuk sz\u0151k\u00e9t,<br \/>\nsz\u00f6kdelt m\u00e1moros \u00f6r\u00f6m\u00e9ben \u2013 igen, igen,<br \/>\nazut\u00e1n, egyszerre, nagyon szomor\u00fa lett,<br \/>\nhalott gy\u00fcm\u00f6lccs\u00e9 v\u00e1lt:<br \/>\nnem \u00e9s nem, n\u00e9zd csak, t\u00e1n a Jupiterr\u0151l<br \/>\ncs\u00f6ppent ide,<br \/>\nki az a Pero Zubac, hogy pont \u0151<br \/>\nnem valaki m\u00e1s,<br \/>\n\u00e1, dehogy, mintha legal\u00e1bbis Brando lenne<br \/>\nvagy valaki eff\u00e9le.<\/p>\n<p>Mondogattam, buta vagy, okos vagy,<br \/>\n\u00f6rd\u00f6g vagy, angyal vagy,<br \/>\nmindenf\u00e9l\u00e9t \u00f6sszehordtam.<br \/>\nSemmit sem hitt el.<br \/>\nTi f\u00e9rfiak sz\u00fcletett hazugok vagytok,<br \/>\nzsiv\u00e1nyok vagytok,<br \/>\nsokmindent mondott.<br \/>\n\u00c9s Moszt\u00e1r felett valami k\u00e9k es\u0151 esett\u2026<\/p>\n<p>T\u00e9nyleg szerettem T\u00fcnd\u00e9t,<br \/>\negy \u0151sz\u00f6n,<br \/>\n\u00f3, ha tudn\u00e1m, hol szendereg, kinek a mell\u00e9n,<br \/>\nfej\u00e9t venn\u00e9m, fej\u00e9t venn\u00e9m,<br \/>\n\u00f3, ha tudn\u00e1m, kit\u0151l kapja a cs\u00f3kokat<br \/>\nfogait kivern\u00e9m, fogait kivern\u00e9m,<br \/>\n\u00f3, ha tudn\u00e1m, a gy\u00fcm\u00f6lcs\u00f6t, a m\u00e9g \u00e9retlent,<br \/>\nki sz\u00fcreteli bennem.<\/p>\n<p><em>(1965. okt\u00f3ber 8.)<\/em><\/p>\n<p><strong>Ford\u00edtotta: Feh\u00e9r Ill\u00e9s<\/strong><br \/>\n<em>U Mostaru sam voleo neku Svetlanu jedne jeseni,<\/em><br \/>\n<em>jao kad bih znao sa kim sada spava,<\/em><br \/>\n<em>ne bi joj glava, ne bi joj glava,<\/em><br \/>\n<em>jao kad bih znao ko je sada ljubi,<\/em><br \/>\n<em>ne bi mu zubi, ne bi mu zubi,<\/em><br \/>\n<em>jao kad bih znao ko to u meni bere kajsije<\/em><br \/>\n<em>jo\u0161 nedozrele.<\/em><\/p>\n<p><em>Govorio sam joj ti si deri\u0161te, ti si balavica,<\/em><br \/>\n<em>sve sam joj govorio.<\/em><br \/>\n<em>I plakala je na moje ruke, na moje re\u010di,<\/em><br \/>\n<em>govorio sam joj ti si an\u0111eo, ti si \u0111avo,<\/em><br \/>\n<em>telo ti zdravo \u0161to se pravi\u0161 svetica,<\/em><br \/>\n<em>a padale su svu no\u0107 neke modre ki\u0161e<\/em><br \/>\n<em>nad Mostarom.<\/em><\/p>\n<p><em>Nije bilo sunca, nije bilo ptica, ni\u010deg nije bilo.<\/em><br \/>\n<em>Pitala me je imam li brata, \u0161ta studiram,<\/em><br \/>\n<em>jesam li Hrvat, volim li Rilkea,<\/em><br \/>\n<em>sve me je pitala.<\/em><br \/>\n<em>Pitala me je da li bih mogao sa svakom tako<\/em><br \/>\n<em>sa\u010duvaj Bo\u017ee,<\/em><br \/>\n<em>da li je volim, tiho je pitala,<\/em><br \/>\n<em>a padale su nad Mostarom neke modre ki\u0161e,<\/em><br \/>\n<em>ona je bila rasko\u0161no bela u sobnoj tmini<\/em><br \/>\n<em>al&#8217; nije htela to da \u010dini,<\/em><br \/>\n<em>nije htela il&#8217; nije smela,<\/em><br \/>\n<em>vrag bi joj znao.<\/em><\/p>\n<p><em>Jesen je, ta mrtva jesen na oknima<\/em><br \/>\n<em>njene o\u010di ptica, njena bedra srna,<\/em><br \/>\n<em>imala je mlade\u017e, mlade\u017e je imala,<\/em><br \/>\n<em>ne smem da ka\u017eem,<\/em><br \/>\n<em>imala je mlade\u017e, mali ljubi\u010dast,<\/em><br \/>\n<em>ili mi se \u010dini.<\/em><br \/>\n<em>Pitala me je da li sam Hrvat, imam li devojku,<\/em><br \/>\n<em>volim li Rilkea &#8211; sve me je pitala,<\/em><br \/>\n<em>a na oknu su ko bo\u017ei\u0107ni zvon\u010di\u0107i moga detinjstva<\/em><br \/>\n<em>zvonile kapi<\/em><br \/>\n<em>i no\u0107na pesma tekla tihano niz Donju Mahalu,<\/em><br \/>\n<em>Ej, Sulejmana othranila majka.<\/em><\/p>\n<p><em>Ona je prostrla svoje godine po parketu.<\/em><br \/>\n<em>Njene su usne bile pune kao zrele breskve,<\/em><br \/>\n<em>njene su dojke bile tople ko mali psi\u0107i.<\/em><br \/>\n<em>Govorio sam joj da je glupava, da se pravi va\u017ena,<\/em><br \/>\n<em>Svetlana, Svetlana, zna\u0161 li ti da je atomski vek,<\/em><br \/>\n<em>De Gol, Gagarin i koje\u0161tarije,<\/em><br \/>\n<em>sve sam Joj govorio,<\/em><br \/>\n<em>ona je plakala, ona je plakala.<\/em><\/p>\n<p><em>Vodio sam je po Kujund\u017eiluku, po a\u0161\u010dinicama,<\/em><br \/>\n<em>svuda sam je vodio,<\/em><br \/>\n<em>u pe\u0107ine je skrivao, na \u010dardak je nosio,<\/em><br \/>\n<em>pod mostovima se igrali \u017emurke, Neretva \u017edrebica,<\/em><br \/>\n<em>pod starim mostom Crnjanskog joj govorio,<\/em><br \/>\n<em>\u0161to je divan, \u0161aputala je, \u0161to je divan.<\/em><\/p>\n<p><em>Kolena joj crtao u vla\u017enom pesku,<\/em><br \/>\n<em>smejala se tako vedro, tako nevino,<\/em><br \/>\n<em>ko prvi ljiljani,<\/em><br \/>\n<em>u d\u017eamije je vodio, Kara\u0111oz-beg mrtav, premrtav<\/em><br \/>\n<em>pod te\u0161kim turbetom;<\/em><br \/>\n<em>na grob \u0160anti\u0107ev cve\u0107e je odnela,<\/em><br \/>\n<em>malo plakala, kao i sve \u017eene,<\/em><br \/>\n<em>svuda sam je vodio.<\/em><\/p>\n<p><em>Sada je ovo leto, sad sam sasvim drugi,<\/em><br \/>\n<em>pi\u0161em neke pesme,<\/em><br \/>\n<em>u jednom listu pola stupca za Peru Zupca<\/em><br \/>\n<em>i ni\u0161ta vi\u0161e,<\/em><br \/>\n<em>a padale su svu no\u0107 nad Mostarom neke<\/em><br \/>\n<em>modre ki\u0161e,<\/em><br \/>\n<em>ona je bila rasko\u0161no bela u sobnoj tmini<\/em><br \/>\n<em>al&#8217; nije htela to da \u010dini,<\/em><br \/>\n<em>nije htela, il&#8217; nije smela,<\/em><br \/>\n<em>vrag bi joj znao.<\/em><\/p>\n<p><em>Ni ono nebo, ni ono obla\u010dje, ni one krovove,<\/em><br \/>\n<em>bledunjavo sunce &#8211; izgladnelog de\u010daka nad Mostarom<\/em><br \/>\n<em>ne umem zaboraviti,<\/em><br \/>\n<em>ni njenu kosu, njen mali jezik kao jagodu,<\/em><br \/>\n<em>njen smeh \u0161to je umeo zaboleti kao kletva;<\/em><br \/>\n<em>onu molitvu u kapeli na Bijelom Bregu,<\/em><br \/>\n<em>Bog je veliki, govorila je, nad\u017eive\u0107e nas;<\/em><br \/>\n<em>ni one te\u0161ke, modre ki\u0161e,<\/em><br \/>\n<em>o jesen besplodna, njena jesen&#8230;<\/em><\/p>\n<p><em>Govorila je o filmovima, o D\u017eemsu Dinu,<\/em><br \/>\n<em>sve je govorila,<\/em><br \/>\n<em>malo tu\u017eno, malo pla\u010dljivo o Karenjini;<\/em><br \/>\n<em>govorila je Klajd Grifits ne bi umeo ni<\/em><br \/>\n<em>mrava zgaziti,<\/em><br \/>\n<em>smejao sam se &#8211; on je ubica, ti si dete;<\/em><br \/>\n<em>ni one ulice, one prodavce poslednjeg izdanja<\/em><br \/>\n<em>&#8222;Oslobo\u0111enja&#8221;, ni ono gro\u017e\u0111e polusvelo<\/em><br \/>\n<em>u izlozima ne umem zaboraviti,<\/em><br \/>\n<em>onu besplodnu gorku jesen nad<\/em><br \/>\n<em>Mostarom,<\/em><br \/>\n<em>one ki\u0161e,<\/em><br \/>\n<em>ljubila me je po cele no\u0107i, grlila me<\/em><br \/>\n<em>i ni\u0161ta vi\u0161e, majke mi,<\/em><br \/>\n<em>ni\u0161ta drugo nismo.<\/em><\/p>\n<p><em>Posle su opet bila leta, posle su opet bile ki\u0161e,<\/em><br \/>\n<em>jedno jedino malo pismo iz Ljubljane,<\/em><br \/>\n<em>otkuda tamo,<\/em><br \/>\n<em>ni ono li\u0161\u0107e po trotoarima, ni one dane,<\/em><br \/>\n<em>ja vi\u0161e ne mogu, ja vi\u0161e ne umem<\/em><br \/>\n<em>izbrisati.<\/em><\/p>\n<p><em>Pi\u0161e mi, pita me \u0161ta radim, kako \u017eivim,<\/em><br \/>\n<em>imam li devojku,<\/em><br \/>\n<em>da li ikad pomislim na nju, na onu jesen,<\/em><br \/>\n<em>na one ki\u0161e,<\/em><br \/>\n<em>ona je i sad, ka\u017ee, ista, kune se Bogom<\/em><br \/>\n<em>potpuno ista,<\/em><br \/>\n<em>da joj verujem, da se smejem<\/em><br \/>\n<em>davno sam, davno, prokleo Hrista<\/em><br \/>\n<em>a i do nje mi ba\u0161 nije stalo,<\/em><br \/>\n<em>klela se, ne klela,<\/em><br \/>\n<em>mora se tako, ne vrede la\u017ei.<\/em><\/p>\n<p><em>Govorio sam joj o Ljermontovu, o \u0160agalu,<\/em><br \/>\n<em>sve sam joj govorio,<\/em><br \/>\n<em>vukla je sa sobom neku staru Cvajgovu knjigu,<\/em><br \/>\n<em>\u010ditala popodne,<\/em><br \/>\n<em>u kosi joj bilo zapretano leto, \u017eutilo sunca,<\/em><br \/>\n<em>malo mora,<\/em><br \/>\n<em>prve joj no\u0107i i ko\u017ea bila pomalo slana,<\/em><br \/>\n<em>ribe zaspale u njenoj krvi;<\/em><br \/>\n<em>smejali smo se de\u010dacima \u0161to ska\u010du<\/em><br \/>\n<em>s mosta za cigarete,<\/em><br \/>\n<em>smejali se jer nije leto, a oni ska\u010du &#8211; ba\u0161 su deca,<\/em><br \/>\n<em>govorila je: mogu umreti, mogu dobiti upalu plu\u0107a&#8230;<\/em><\/p>\n<p><em>Onda su dolazile njene \u0107utnje, duge, preduge,<\/em><br \/>\n<em>mogao sam slobodno misliti o svemu,<\/em><br \/>\n<em>razbistriti Spinozu,<\/em><br \/>\n<em>sate i sate mogao sam komotno gledati<\/em><br \/>\n<em>druge,<\/em><br \/>\n<em>bacati oblutke dole, niz stenje,<\/em><br \/>\n<em>mogao sam sasvim oti\u0107i nekud, oti\u0107i daleko,<\/em><br \/>\n<em>mogao sam umreti onako sam u njenom krilu,<\/em><br \/>\n<em>samlji od sviju,<\/em><br \/>\n<em>mogao sam se pretvoriti u pticu, u vodu,<\/em><br \/>\n<em>u stenu,<\/em><br \/>\n<em>sve sam mogao&#8230;<\/em><\/p>\n<p><em>Prste je imala duga\u010dke, krhke, beskrvne a hitre,<\/em><br \/>\n<em>igrali smo se buba-mara i skrivalice,<\/em><br \/>\n<em>Svetlana iza\u0111i, eto te pod stenom,<\/em><br \/>\n<em>nisam valjda \u0107orav,<\/em><br \/>\n<em>nisam ja blesav, hajde, \u0161ta se kani\u0161,<\/em><br \/>\n<em>dobi\u0107e\u0161 batine;<\/em><br \/>\n<em>kad je ona tra\u017eila &#8211; mogao sam pobe\u0107i<\/em><br \/>\n<em>u samu reku &#8211; na\u0161la bi me,<\/em><br \/>\n<em>namiri\u0161e me, ka\u017ee, odmah,<\/em><br \/>\n<em>pozna me dobro.<\/em><br \/>\n<em>Nisam joj nikad verovao,<\/em><br \/>\n<em>valjda je stalno \u0107urila kroz prste.<\/em><br \/>\n<em>Volela je kestenje, kupili smo ga po Rondou,<\/em><br \/>\n<em>nosila ga u sobu, ve\u0161ala o kon\u010di\u0107e,<\/em><br \/>\n<em>volela je ru\u017ee, one jesenje, ja sam joj donosio,<\/em><br \/>\n<em>kad svenu stavljala ih je u neku kutiju.<\/em><\/p>\n<p><em>Pitao sam je \u0161ta misli o ovom svetu,<\/em><br \/>\n<em>veruje li u komunizam, da li bi se menjala<\/em><br \/>\n<em>za Nata\u0161u Rostovu, sva\u0161ta sam je pitao,<\/em><br \/>\n<em>ponekad glupo, znam ja to i te kako;<\/em><br \/>\n<em>pitao sam je da li bi volela malog sina,<\/em><br \/>\n<em>recimo plavog,<\/em><br \/>\n<em>skakala je od ushi\u0107enja &#8211; ho\u0107e, ho\u0107e,<\/em><br \/>\n<em>a onda, najednom, padala je u neke tuge<\/em><br \/>\n<em>ko mrtvo vo\u0107e:<\/em><br \/>\n<em>ne sme i ne sme, vidi ti njega, kao da je ona<\/em><br \/>\n<em>pala s Jupitera,<\/em><br \/>\n<em>ko je to, recimo, Zubac Pera, pa da ba\u0161 on<\/em><br \/>\n<em>a ne neko drugi,<\/em><br \/>\n<em>taman posla, kao da je on u najmanju ruku<\/em><br \/>\n<em>Brando ili takvi.<\/em><\/p>\n<p><em>Govorio sam joj ti si glupa, ti si pametna,<\/em><br \/>\n<em>ti si \u0111avo, ti si an\u0111eo,<\/em><br \/>\n<em>sve sam joj govorio.<\/em><br \/>\n<em>Ni\u0161ta mi nije verovala.<\/em><br \/>\n<em>Vi ste mu\u0161karci ro\u0111eni la\u017eovi,<\/em><br \/>\n<em>vi ste hulje,<\/em><br \/>\n<em>sva\u0161ta je govorila.<\/em><br \/>\n<em>A padale su nad Mostarom neke modre ki\u0161e&#8230;<\/em><\/p>\n<p><em>Stvarno sam voleo tu Svetlanu<\/em><br \/>\n<em>jedne jeseni,<\/em><br \/>\n<em>jao, kad bih znao sa kim sada spava,<\/em><br \/>\n<em>ne bi mu glava, ne bi mu glava,<\/em><br \/>\n<em>jao, kad bih znao ko je sada ljubi,<\/em><br \/>\n<em>ne bi mu zubi, ne bi mu zubi,<\/em><br \/>\n<em>jao, kad bih znao ko to u meni<\/em><br \/>\n<em>bere kajsije, jo\u0161 nedozrele.<\/em><\/p>\n<p><em>(8. oktobar 1965.)<\/em><\/p>\n<p><a href=\"http:\/\/feherilles.blogspot.ro\/\"><strong>Forr\u00e1s: Ez\u00fcst h\u00edd &#8211; Srebrni most<\/strong><\/a><\/p>\n<h2><strong>Interj\u00fa Feh\u00e9r Ill\u00e9ssel (1)<\/strong><\/h2>\n<p><em>Feh\u00e9r Ill\u00e9s nagyon elfoglalt ember. Azon t\u00fal, ami munk\u00e1j\u00e1b\u00f3l nyilv\u00e1nval\u00f3an l\u00e1tszik, a blogja naponta friss\u00fcl. Teh\u00e1t naponta minimum egy ford\u00edt\u00e1ssal elk\u00e9sz\u00fcl &#8211; vagy a magyar k\u00f6lt\u00e9szetb\u0151l, vagy a d\u00e9lszl\u00e1v irodalomb\u00f3l. Ez\u00e9rt a vele tervezett interj\u00fat most id\u0151ben elapr\u00f3zzuk, s \u00fagy d\u00f6nt\u00f6tt\u00fcnk, hogy valah\u00e1nyszor k\u00f6zl\u00fcnk t\u0151le egy-egy ford\u00edt\u00e1st, feltesz\u00fcnk egy \u00fajabb k\u00e9rd\u00e9st, v\u00e1lasz\u00e1t pedig a ford\u00edt\u00e1s\u00e1val egy\u00fctt k\u00f6z\u00f6lj\u00fck.<\/em><br \/>\n<strong><em>Feh\u00e9r Ill\u00e9s jelezte, hogy az els\u0151k\u00e9nt bemutatott Pero Zubacnak van egy sz\u00e1m\u00e1ra igen kedves verse, a Mostarske kise &#8211; Moszt\u00e1ri es\u0151k, amit f\u00f6lt\u00e9tlen\u00fcl szeretne a K\u00e1f\u00e9 f\u0151nix olvas\u00f3inak figyelm\u00e9be aj\u00e1nlani. Most megk\u00e9rdezz\u00fck: mi\u00e9rt?<\/em><\/strong><\/p>\n<p>Feh\u00e9r Ill\u00e9s: \u2013 Hogy mi minden f\u00e9r 24 n\u00e9gy \u00f3r\u00e1ba, az k\u00fcl\u00f6n mese. Maradjunk annyiban \u2013 meghalni sincs id\u0151m. Az olvas\u00f3t viszont a k\u00f6lt\u00e9szet \u00e9rdekli \u2013 maradjunk a k\u00f6lt\u00e9szetn\u00e9l m\u00e9g akkor is, ha biok\u00e9mikus vagyok. Hogy egy biok\u00e9mikus, \u00e1ll\u00edt\u00f3lag tudom\u00e1nyos munk\u00e1s, minden k\u00f6telezetts\u00e9ge mellett szabad idej\u00e9nek egy r\u00e9sz\u00e9t mi\u00e9rt \u00e1ldozza olyan munk\u00e1ra mint a m\u0171ford\u00edt\u00e1s, mely eleve sikertelens\u00e9gre \u00edt\u00e9ltetett?<br \/>\nAtt\u00f3l kezdve, hogy meg\u00e9rtettem a sz\u00fcsziphoszi legenda val\u00f3di \u00e9rtelm\u00e9t, a t\u00f6rekv\u0151 embert jellemezve gyakran folyamodok Hillary-hoz. Mikor a neves alpinist\u00e1t megk\u00e9rdezt\u00e9k, mi\u00e9rt indult el a Mount Everest megh\u00f3d\u00edt\u00e1s\u00e1ra, csak ennyit mondott: &#8221; Mert ott van! &#8221;<br \/>\nMoszt\u00e1ri es\u0151k&#8230; Pero Zubacnak k\u00e9ts\u00e9gtelen\u00fcl a legismertebb, legszebb verse. Egyik kort\u00e1rs ismer\u0151s\u00f6m, elolvasva ford\u00edt\u00e1somat, megjegyezte: k\u00f6sz\u00f6n\u00f6m a szerb\u00fcl nem tud\u00f3 olvas\u00f3k nev\u00e9ben. Mi viszont ezen a versen n\u0151tt\u00fcnk fel.<br \/>\n1972-ben \u201eker\u00fclt kezembe\u201d a vers \u2013 akkor m\u00e1r bosny\u00e1kf\u00f6ld\u00f6n \u00e9ltem. \u00c9s egy Svetlan\u00e1nak kezdtem udvarolni. Fura egy Svetlana volt, az idill nem sok\u00e1ig tartott, de a verssorok sz\u00e1momra m\u00e9g mindig ig\u00e9z\u0151ek.<br \/>\nA k\u00f6lt\u0151 nem is Moszt\u00e1rban, hanem \u00dajvid\u00e9ken \u00edrta, Svetlana (T\u00fcnde) pedig m\u00e9g csak nem is l\u00e9tezett. Err\u0151l \u00edgy vallott Zubac:<br \/>\n&#8211; Azt sem tudom, hogyan jutott eszembe ez a n\u00e9v. \u00dajvid\u00e9ken \u00edrtam, az egyetemista \u00e9veim alatt felgy\u0171lt \u00e9rz\u00e9sek k\u00eds\u00e9rtettek. Egy \u00e9jjel, a Ifj\u00fas\u00e1gi Szervezet irod\u00e1j\u00e1ban hoztam \u00f6ssze, a Sug\u00e1r\u00faton, amit akkor Tito marsallnak h\u00edvtak, ma Mihajlo Pupin. Egyetlen p\u00e9ld\u00e1nyban g\u00e9peltem, mert nem tal\u00e1ltam indig\u00f3t. M\u00e9g az \u00e9jjel bor\u00edt\u00e9kba tettem \u00e9s reggel Z\u00e1gr\u00e1bba post\u00e1ztam. Ha v\u00e9letlen\u00fcl elveszett volna, ebb\u0151l semmi sem marad.<br \/>\nAmi a ford\u00edt\u00e1st illeti: t\u00f6k\u00e9letes ford\u00edt\u00e1s nem l\u00e9tezik. Ez sem az. A szerb nyelvben h\u00e1rom nem l\u00e9tezik. \u00c9s ebben a versben a k\u00f6lt\u0151 hihetetlen finoms\u00e1ggal alkalmazza a nyelv saj\u00e1toss\u00e1gait. Az els\u0151 szakasz n\u00e9h\u00e1ny sora t\u00f6bbsz\u00f6r ism\u00e9tl\u0151dik:<\/p>\n<p><em>jao kad bih znao sa kim sada spava,<\/em><br \/>\n<em>ne bi joj glava, ne bi joj glava,<\/em><br \/>\n<em>jao kad bih znao ko je sada ljubi,<\/em><br \/>\n<em>ne bi mu zubi, ne bi mu zubi,<\/em><\/p>\n<p><em>\u00f3, ha tudn\u00e1m, hol szendereg, kinek a mell\u00e9n,<\/em><br \/>\n<em>fej\u00e9t venn\u00e9m, fej\u00e9t venn\u00e9m,<\/em><br \/>\n<em>\u00f3, ha tudn\u00e1m, kit\u0151l kapja a cs\u00f3kokat<\/em><br \/>\n<em>fogait kivern\u00e9m, fogait kivern\u00e9m,<\/em><\/p>\n<p>Az eredeti sz\u00f6vegben az els\u0151 k\u00e9t sor n\u0151nem\u0171, teh\u00e1t egy\u00e9rtelm\u0171en a l\u00e1ny fej\u00e9t venn\u00e9, a harmadik sor h\u00edmnem\u0171, a fi\u00fa fogait vern\u00e9 ki. T\u00f6bbsz\u00f6ri olvas\u00e1s ut\u00e1n sem \u00e9rzem, hogy ezt az \u00e1rnyalatot hi\u00e1nytalanul vissza tudtam-e adni.<\/p>\n<p>*<br \/>\n<em>K\u00f6vetkez\u0151 k\u00e9rd\u00e9s\u00fcnk \u2013 egy k\u00f6vetkez\u0151 alkalommal.<\/em><\/p>\n","protected":false},"excerpt":{"rendered":"<p>Moszt\u00e1ri es\u0151k \u2013 Mostarske kise Egyszer, \u0151sszel, Moszt\u00e1rban szerettem egy T\u00fcnd\u00e9t, \u00f3, ha tudn\u00e1m, hol szendereg, kinek a mell\u00e9n, fej\u00e9t venn\u00e9m, fej\u00e9t venn\u00e9m, \u00f3, ha tudn\u00e1m, kit\u0151l kapja a cs\u00f3kokat fogait kivern\u00e9m, fogait kivern\u00e9m, \u00f3, ha tudn\u00e1m, a gy\u00f6m\u00f6lcs\u00f6t, a m\u00e9g \u00e9retlent ki sz\u00fcreteli bennem.<\/p>\n","protected":false},"author":3,"featured_media":0,"comment_status":"open","ping_status":"open","sticky":false,"template":"","format":"standard","meta":{"_monsterinsights_skip_tracking":false,"_monsterinsights_sitenote_active":false,"_monsterinsights_sitenote_note":"","_monsterinsights_sitenote_category":0,"ngg_post_thumbnail":0,"footnotes":""},"categories":[122,4],"tags":[],"class_list":["post-35458","post","type-post","status-publish","format-standard","hentry","category-interju","category-vers"],"_links":{"self":[{"href":"https:\/\/ujkafe.website\/index.php?rest_route=\/wp\/v2\/posts\/35458","targetHints":{"allow":["GET"]}}],"collection":[{"href":"https:\/\/ujkafe.website\/index.php?rest_route=\/wp\/v2\/posts"}],"about":[{"href":"https:\/\/ujkafe.website\/index.php?rest_route=\/wp\/v2\/types\/post"}],"author":[{"embeddable":true,"href":"https:\/\/ujkafe.website\/index.php?rest_route=\/wp\/v2\/users\/3"}],"replies":[{"embeddable":true,"href":"https:\/\/ujkafe.website\/index.php?rest_route=%2Fwp%2Fv2%2Fcomments&post=35458"}],"version-history":[{"count":0,"href":"https:\/\/ujkafe.website\/index.php?rest_route=\/wp\/v2\/posts\/35458\/revisions"}],"wp:attachment":[{"href":"https:\/\/ujkafe.website\/index.php?rest_route=%2Fwp%2Fv2%2Fmedia&parent=35458"}],"wp:term":[{"taxonomy":"category","embeddable":true,"href":"https:\/\/ujkafe.website\/index.php?rest_route=%2Fwp%2Fv2%2Fcategories&post=35458"},{"taxonomy":"post_tag","embeddable":true,"href":"https:\/\/ujkafe.website\/index.php?rest_route=%2Fwp%2Fv2%2Ftags&post=35458"}],"curies":[{"name":"wp","href":"https:\/\/api.w.org\/{rel}","templated":true}]}}