
{"id":35999,"date":"2014-11-07T06:38:44","date_gmt":"2014-11-07T06:38:44","guid":{"rendered":"https:\/\/ujkafe.website\/?p=35999"},"modified":"2014-11-07T06:47:16","modified_gmt":"2014-11-07T06:47:16","slug":"cseke-peter-felig-kesz-pokol-aggtelek-2014","status":"publish","type":"post","link":"https:\/\/ujkafe.website\/?p=35999","title":{"rendered":"Cseke P\u00e9ter: F\u00e9lig k\u00e9sz pokol (Aggtelek, 2014)"},"content":{"rendered":"<p><a href=\"https:\/\/ujkafe.website\/wp-content\/uploads\/2014\/11\/aggtelek.jpg\"><img loading=\"lazy\" decoding=\"async\" class=\"alignnone  wp-image-36000\" alt=\"aggtelek\" src=\"https:\/\/ujkafe.website\/wp-content\/uploads\/2014\/11\/aggtelek.jpg\" width=\"614\" height=\"409\" srcset=\"https:\/\/ujkafe.website\/wp-content\/uploads\/2014\/11\/aggtelek.jpg 1024w, https:\/\/ujkafe.website\/wp-content\/uploads\/2014\/11\/aggtelek-300x199.jpg 300w\" sizes=\"auto, (max-width: 614px) 100vw, 614px\" \/><\/a><\/p>\n<p><em>&#8222;Aggtelekre \u00e9rv\u00e9n, vezet\u0151t hivattam, s f\u00e1kly\u00e1kkal ell\u00e1tva magunkat, elindul\u00e1nk a barlangba, melyet Baradl\u00e1nak neveznek ottan, s mely mindj\u00e1rt a falu mellett van. A k\u00e1lvinista rektor k\u00fcnn \u00e1csorgott a h\u00e1z el\u0151tt; vezet\u0151m megh\u00edv\u00e1s\u00e1ra \u0151 is hozz\u00e1nk szeg\u0151d\u00f6tt. Bement\u00fcnk.<!--more-->\u00a0Oh, ti sz\u0171kkebl\u00fc emberek, kik mindenben, \u00f6r\u00f6kk\u00e9 szab\u00e1lyokat kerestek \u00e9s \u00e1llittok, jertek ide \u00e9s boruljatok t\u00e9rdre a szab\u00e1lytalans\u00e1g remeke el\u0151tt!\u00a0S mi az a szab\u00e1ly? semmi m\u00e1s, mint a s\u00e1nta k\u00f6z\u00e9pszer\u0171s\u00e9g mank\u00f3ja.\u00a0Sok\u00e1 t\u00fcn\u0151dtem: mint eredhetett e barlang?\u00a0\u00c9s kital\u00e1ltam.\u00a0Mikor a mennyorsz\u00e1gb\u00f3l kiebrudalt\u00e1k a p\u00e1rtos angyalokat, itt kezdt\u00e9k j\u00f6vend\u0151beli lak\u00e1sukat, a poklot, \u00e1sni; azonban itt nem boldogulv\u00e1n, m\u00e1sfel\u00e9 fordultak. K\u00e9pzelhetni, mint f\u00e1radtak a szeg\u00e9ny \u00f6rd\u00f6g\u00f6k e sikeretlen munk\u00e1ban, izzads\u00e1guk m\u00e9g most is csepeg e f\u00e9lig k\u00e9sz pokol oldalair\u00f3l \u00e9s tetej\u00e9r\u0151l. &#8222;<strong> (Pet\u0151fi S\u00e1ndor: Uti jegyzetek, 1845)<\/strong><\/em><\/p>\n<p><a href=\"https:\/\/ujkafe.website\/wp-content\/uploads\/2014\/11\/aggtelek2.jpg\"><img loading=\"lazy\" decoding=\"async\" class=\"alignnone  wp-image-36004\" alt=\"aggtelek2\" src=\"https:\/\/ujkafe.website\/wp-content\/uploads\/2014\/11\/aggtelek2.jpg\" width=\"617\" height=\"411\" srcset=\"https:\/\/ujkafe.website\/wp-content\/uploads\/2014\/11\/aggtelek2.jpg 1028w, https:\/\/ujkafe.website\/wp-content\/uploads\/2014\/11\/aggtelek2-300x199.jpg 300w, https:\/\/ujkafe.website\/wp-content\/uploads\/2014\/11\/aggtelek2-1024x682.jpg 1024w\" sizes=\"auto, (max-width: 617px) 100vw, 617px\" \/><\/a> <a href=\"https:\/\/ujkafe.website\/wp-content\/uploads\/2014\/11\/aggtelek3.jpg\"><img loading=\"lazy\" decoding=\"async\" class=\"alignnone  wp-image-36005\" alt=\"aggtelek3\" src=\"https:\/\/ujkafe.website\/wp-content\/uploads\/2014\/11\/aggtelek3.jpg\" width=\"617\" height=\"411\" srcset=\"https:\/\/ujkafe.website\/wp-content\/uploads\/2014\/11\/aggtelek3.jpg 1028w, https:\/\/ujkafe.website\/wp-content\/uploads\/2014\/11\/aggtelek3-300x199.jpg 300w, https:\/\/ujkafe.website\/wp-content\/uploads\/2014\/11\/aggtelek3-1024x682.jpg 1024w\" sizes=\"auto, (max-width: 617px) 100vw, 617px\" \/><\/a> <a href=\"https:\/\/ujkafe.website\/wp-content\/uploads\/2014\/11\/aggtelek4.jpg\"><img loading=\"lazy\" decoding=\"async\" class=\"alignnone  wp-image-36006\" alt=\"aggtelek4\" src=\"https:\/\/ujkafe.website\/wp-content\/uploads\/2014\/11\/aggtelek4.jpg\" width=\"617\" height=\"411\" srcset=\"https:\/\/ujkafe.website\/wp-content\/uploads\/2014\/11\/aggtelek4.jpg 1028w, https:\/\/ujkafe.website\/wp-content\/uploads\/2014\/11\/aggtelek4-300x199.jpg 300w, https:\/\/ujkafe.website\/wp-content\/uploads\/2014\/11\/aggtelek4-1024x682.jpg 1024w\" sizes=\"auto, (max-width: 617px) 100vw, 617px\" \/><\/a><\/p>\n","protected":false},"excerpt":{"rendered":"<p>&#8222;Aggtelekre \u00e9rv\u00e9n, vezet\u0151t hivattam, s f\u00e1kly\u00e1kkal ell\u00e1tva magunkat, elindul\u00e1nk a barlangba, melyet Baradl\u00e1nak neveznek ottan, s mely mindj\u00e1rt a falu mellett van. A k\u00e1lvinista rektor k\u00fcnn \u00e1csorgott a h\u00e1z el\u0151tt; vezet\u0151m megh\u00edv\u00e1s\u00e1ra \u0151 is hozz\u00e1nk szeg\u0151d\u00f6tt. Bement\u00fcnk.<\/p>\n","protected":false},"author":3,"featured_media":0,"comment_status":"open","ping_status":"open","sticky":false,"template":"","format":"standard","meta":{"_monsterinsights_skip_tracking":false,"_monsterinsights_sitenote_active":false,"_monsterinsights_sitenote_note":"","_monsterinsights_sitenote_category":0,"ngg_post_thumbnail":0,"footnotes":""},"categories":[5],"tags":[],"class_list":["post-35999","post","type-post","status-publish","format-standard","hentry","category-foto"],"_links":{"self":[{"href":"https:\/\/ujkafe.website\/index.php?rest_route=\/wp\/v2\/posts\/35999","targetHints":{"allow":["GET"]}}],"collection":[{"href":"https:\/\/ujkafe.website\/index.php?rest_route=\/wp\/v2\/posts"}],"about":[{"href":"https:\/\/ujkafe.website\/index.php?rest_route=\/wp\/v2\/types\/post"}],"author":[{"embeddable":true,"href":"https:\/\/ujkafe.website\/index.php?rest_route=\/wp\/v2\/users\/3"}],"replies":[{"embeddable":true,"href":"https:\/\/ujkafe.website\/index.php?rest_route=%2Fwp%2Fv2%2Fcomments&post=35999"}],"version-history":[{"count":0,"href":"https:\/\/ujkafe.website\/index.php?rest_route=\/wp\/v2\/posts\/35999\/revisions"}],"wp:attachment":[{"href":"https:\/\/ujkafe.website\/index.php?rest_route=%2Fwp%2Fv2%2Fmedia&parent=35999"}],"wp:term":[{"taxonomy":"category","embeddable":true,"href":"https:\/\/ujkafe.website\/index.php?rest_route=%2Fwp%2Fv2%2Fcategories&post=35999"},{"taxonomy":"post_tag","embeddable":true,"href":"https:\/\/ujkafe.website\/index.php?rest_route=%2Fwp%2Fv2%2Ftags&post=35999"}],"curies":[{"name":"wp","href":"https:\/\/api.w.org\/{rel}","templated":true}]}}