
{"id":37336,"date":"2014-12-24T07:46:11","date_gmt":"2014-12-24T07:46:11","guid":{"rendered":"https:\/\/ujkafe.website\/?p=37336"},"modified":"2014-12-24T07:46:11","modified_gmt":"2014-12-24T07:46:11","slug":"vancso-zoltan-unnepi-udvozlete","status":"publish","type":"post","link":"https:\/\/ujkafe.website\/?p=37336","title":{"rendered":"Vancs\u00f3 Zolt\u00e1n \u00fcnnepi \u00fcdv\u00f6zlete"},"content":{"rendered":"<p><a href=\"https:\/\/ujkafe.website\/wp-content\/uploads\/2014\/12\/vancso.jpg\"><img loading=\"lazy\" decoding=\"async\" class=\"alignnone  wp-image-37337\" alt=\"vancso\" src=\"https:\/\/ujkafe.website\/wp-content\/uploads\/2014\/12\/vancso.jpg\" width=\"630\" height=\"420\" srcset=\"https:\/\/ujkafe.website\/wp-content\/uploads\/2014\/12\/vancso.jpg 900w, https:\/\/ujkafe.website\/wp-content\/uploads\/2014\/12\/vancso-300x200.jpg 300w\" sizes=\"auto, (max-width: 630px) 100vw, 630px\" \/><\/a><\/p>\n<p>&nbsp;<\/p>\n<p>Kedves K\u00f6z\u00f6ns\u00e9gem!<\/p>\n<p>Ez\u00faton szeretn\u00e9m megk\u00f6sz\u00f6nni eg\u00e9sz \u00e9ves figyelmeteket, \u00e9s hogy tal\u00e1lkozhattam Veletek vet\u00edt\u00e9seimen, ki\u00e1ll\u00edt\u00e1saimon, vagy \u00e9pp a legut\u00f3bbi Ny\u00edlt Napom alkalm\u00e1val.<!--more--><\/p>\n<p>\u00cdgy december v\u00e9g\u00e9n \u00f6r\u00f6mmel jelenthetem ki, hogy 2014 \u00e9letem szakmailag legizgalmasabb \u00e9ve: 10 mozis vet\u00edt\u00e9ssel, 2 ki\u00e1ll\u00edt\u00e1ssal \u00e9s egy k\u00f6nyvbemutat\u00f3val a h\u00e1tam m\u00f6g\u00f6tt. De ami m\u00e9g enn\u00e9l is fontosabb, hogy az idei \u00e9v kijel\u00f6lte sz\u00e1momra azt az utat, amit r\u00e9g\u00f3ta kerestem, megtal\u00e1lva alkot\u00e1saim bemutat\u00e1s\u00e1nak legt\u00f6k\u00e9letesebb m\u00f3dj\u00e1t \u2014 az idein\u00e9l is intenz\u00edvebb \u00e9vek \u00edg\u00e9ret\u00e9vel.<\/p>\n<p>A j\u00f6v\u0151ben \u2014 ahogyan ezt m\u00e1r kor\u00e1bban beharangoztam \u2014 Budapest kultur\u00e1lis \u00e9let\u00e9b\u0151l ugyan l\u00e1tv\u00e1nyosan kivonom magam, de csak az\u00e9rt, hogy m\u00e1shol \u2014 vid\u00e9ki v\u00e1rosokban, k\u00fclf\u00f6ld\u00f6n, k\u00f6zel s t\u00e1vol \u2014 felbukkanjak, \u00e9s min\u00e9l t\u00f6bb helyen prezent\u00e1lhassam mindazt, amit eddig a f\u0151v\u00e1rosi k\u00f6z\u00f6ns\u00e9g l\u00e1thatott t\u0151lem.<\/p>\n<p>K\u00edv\u00e1nok bels\u0151 izgalmakkal teli k\u00e9sz\u00fcl\u0151d\u00e9st, min\u00e9l nyugodtabb \u00fcnnepeket, valamint az \u00faj \u00e9vre lelkes\u00edt\u0151 terveket \u00e9s ezekhez kitart\u00e1st, eg\u00e9szs\u00e9get \u00e9s boldog, tartalmas h\u00e9tk\u00f6znapokat!<\/p>\n<p style=\"padding-left: 420px;\"><em>Szeretettel,<\/em><\/p>\n<p style=\"padding-left: 420px;\"><em>Zolt\u00e1n<\/em><\/p>\n","protected":false},"excerpt":{"rendered":"<p>&nbsp; Kedves K\u00f6z\u00f6ns\u00e9gem! Ez\u00faton szeretn\u00e9m megk\u00f6sz\u00f6nni eg\u00e9sz \u00e9ves figyelmeteket, \u00e9s hogy tal\u00e1lkozhattam Veletek vet\u00edt\u00e9seimen, ki\u00e1ll\u00edt\u00e1saimon, vagy \u00e9pp a legut\u00f3bbi Ny\u00edlt Napom alkalm\u00e1val.<\/p>\n","protected":false},"author":3,"featured_media":0,"comment_status":"open","ping_status":"open","sticky":false,"template":"","format":"standard","meta":{"_monsterinsights_skip_tracking":false,"_monsterinsights_sitenote_active":false,"_monsterinsights_sitenote_note":"","_monsterinsights_sitenote_category":0,"ngg_post_thumbnail":0,"footnotes":""},"categories":[5],"tags":[],"class_list":["post-37336","post","type-post","status-publish","format-standard","hentry","category-foto"],"_links":{"self":[{"href":"https:\/\/ujkafe.website\/index.php?rest_route=\/wp\/v2\/posts\/37336","targetHints":{"allow":["GET"]}}],"collection":[{"href":"https:\/\/ujkafe.website\/index.php?rest_route=\/wp\/v2\/posts"}],"about":[{"href":"https:\/\/ujkafe.website\/index.php?rest_route=\/wp\/v2\/types\/post"}],"author":[{"embeddable":true,"href":"https:\/\/ujkafe.website\/index.php?rest_route=\/wp\/v2\/users\/3"}],"replies":[{"embeddable":true,"href":"https:\/\/ujkafe.website\/index.php?rest_route=%2Fwp%2Fv2%2Fcomments&post=37336"}],"version-history":[{"count":0,"href":"https:\/\/ujkafe.website\/index.php?rest_route=\/wp\/v2\/posts\/37336\/revisions"}],"wp:attachment":[{"href":"https:\/\/ujkafe.website\/index.php?rest_route=%2Fwp%2Fv2%2Fmedia&parent=37336"}],"wp:term":[{"taxonomy":"category","embeddable":true,"href":"https:\/\/ujkafe.website\/index.php?rest_route=%2Fwp%2Fv2%2Fcategories&post=37336"},{"taxonomy":"post_tag","embeddable":true,"href":"https:\/\/ujkafe.website\/index.php?rest_route=%2Fwp%2Fv2%2Ftags&post=37336"}],"curies":[{"name":"wp","href":"https:\/\/api.w.org\/{rel}","templated":true}]}}