
{"id":3795,"date":"2010-08-30T14:04:05","date_gmt":"2010-08-30T14:04:05","guid":{"rendered":"https:\/\/ujkafe.website\/?p=3795"},"modified":"2010-08-30T14:04:05","modified_gmt":"2010-08-30T14:04:05","slug":"retro-vita-szabadszajusag-vagy-finomkodas","status":"publish","type":"post","link":"https:\/\/ujkafe.website\/?p=3795","title":{"rendered":"Retro-vita: Szabadsz\u00e1j\u00fas\u00e1g vagy finomkod\u00e1s?"},"content":{"rendered":"<p>Hat \u00e9vvel ezel\u0151tt (2004-ben) izgalmas vita indult meg az akkor m\u00e9g m\u0171k\u00f6d\u0151 Rom\u00e1niai Magyar Sz\u00f3 Sz\u00ednk\u00e9p mell\u00e9klet\u00e9nek has\u00e1bjain. A vita p\u00e1r h\u00e9t lefut\u00e1sa ut\u00e1n, teljes mellsz\u00e9less\u00e9ggel \u00e1tk\u00f6lt\u00f6z\u00f6tt az akkor m\u00e9g szint\u00e9n l\u00e9tez\u0151 K\u00e1f\u00e9 port\u00e1lra, ahol terjedelmi \u00e9s id\u0151beli korl\u00e1toz\u00e1s n\u00e9lk\u00fcl, perg\u0151bb ritmusban lehetett szembes\u00edteni az egym\u00e1snak ellentmond\u00f3, egym\u00e1ssal vit\u00e1ba sz\u00e1ll\u00f3 vagy monologiz\u00e1l\u00f3 v\u00e9lem\u00e9nyeket &#8211; arr\u00f3l, hogy meddig \u00e9rdemes\/lehet\/illik\/szabad elmenni a nyelvi szabadoss\u00e1gban az irodalom \u00e9s a m\u00e9dia megnyilv\u00e1nul\u00e1si ter\u00fcletein.<!--more--><\/p>\n<p>K\u00e9s\u0151bb a Sz\u00ednk\u00e9p-mell\u00e9klet, \u00e1tengedve a terepet a K\u00e1f\u00e9nak, h\u0171s\u00e9gesen besz\u00e1molt mindarr\u00f3l, ami a port\u00e1lra a lap k\u00e9t megjelen\u00e9se k\u00f6z\u00f6tt felker\u00fclt. Tudatos, j\u00f3l ir\u00e1ny\u00edtott \u00f6sszj\u00e1t\u00e9k folyt a k\u00e9t m\u00e9diaf\u00f3rum k\u00f6z\u00f6tt, amire kor\u00e1bban \u00e9s k\u00e9s\u0151bben is ker\u00fclt p\u00e9lda. \u00dagy tal\u00e1ltuk, hogy a m\u00faland\u00f3s\u00e1g s\u00fcllyeszt\u0151je \u00e1ltal elnyelt RMSZ \u00e9s K\u00e1f\u00e9 ilyen-olyan arch\u00edvumokban fellelt dokumentumai alapj\u00e1n \u00e9rdemes lesz \u00fajra\u00e9lni\/\u00fajraj\u00e1tszani a vit\u00e1t, amelynek a v\u00e9g\u00e9n ak\u00e1r f\u00f6l is \u00e9ledhet, \u00faj elemekkel b\u0151v\u00fclhet a v\u00e9lem\u00e9nycsere &#8211; abban a szellemben, ahogy a K\u00e1f\u00e9 f\u0151nix is k\u00e9pes volt fel\u00e9leszteni v\u00e9gzetes sors\u00fa el\u0151dje legjobb hagyom\u00e1nyait.<\/p>\n<p>A k\u00f6vetkez\u0151kben l\u00e9p\u00e9senk\u00e9nt adagolva, val\u00f3s idej\u0171 k\u00f6zl\u00e9s r\u00e9v\u00e9n napr\u00f3l napra lep\u00f6rgetj\u00fck azt a m\u00faltba veszett, \u00e1m ma is id\u0151szer\u0171, cs\u00f6ppet sem \u00e9rdektelen vit\u00e1t. Menet k\u00f6zben lehet ugyan egyes k\u00f6zlem\u00e9nyeket kommentezni, de az \u00e9rdemi hozz\u00e1sz\u00f3l\u00e1sokat k\u00e9rj\u00fck a retro-vita v\u00e9g\u00e9re tartogatni.<\/p>\n<p>*<\/p>\n<p style=\"text-align: center;\"><strong><em>VIT\u00c1RA FEL!<br \/>\nMi\u00e9rt \u00e9s mikor (ne) finomkodjunk az irodalmi sz\u00f6vegben?<\/em><\/strong><\/p>\n<p>Id\u00e9zhetn\u00e9nk az \u00f6r\u00f6kz\u00f6ld sl\u00e1ger refr\u00e9nj\u00e9t: Mindenki m\u00e1sk\u00e9pp csin\u00e1lja. \u00c9s m\u00e1sk\u00e9pp v\u00e9li \u2013 tehetj\u00fck hozz\u00e1. Van, aki p\u00e9ld\u00e1ul \u00edgy (term\u00e9szetesen egyszer\u0171s\u00edtve): az irodalom maga az \u00e9let. Az \u00e9let pedig \u2013 t\u00f6bb\u00e9-kev\u00e9sb\u00e9 \u2013 irodalom. Ekk\u00e9nt viselkedik n\u00e9ha mindkett\u0151, oda-vissza ir\u00e1nyban. Mik\u00f6zben mindkett\u0151 soksz\u00edn\u0171, amint mi magunk, szerz\u0151k, olvas\u00f3k sem vagyunk egyform\u00e1k: ez adja egy\u00e9nis\u00e9g\u00fcnk saj\u00e1tos jelleg\u00e9t.<\/p>\n<p>M\u00e1svalaki min\u0151s\u00edtheti \u00edgy a sz\u00e9pirodalmi sz\u00f6vegben el\u0151fordul\u00f3, (nevezz\u00fck most \u00edgy) szokatlanabb szavakat, esetleg elsz\u00f6rnyedve: ez irodalom? Viszont van, aki ennek l\u00e1tt\u00e1n felujjong: ez irodalom! Merthogy sokf\u00e9l\u00e9k vagyunk, t\u00f6bbf\u00e9lek\u00e9ppen \u00e9rtelmez\u00fcnk \u2013 a gy\u00f6ny\u00f6rk\u00f6dtet\u0151 v\u00e1ltozatoss\u00e1g jegy\u00e9ben.<\/p>\n<p>Persze, a dolgok idev\u00e1g\u00f3 \u00e1ll\u00e1sa nem \u00e9pp ennyire egy\u00e9rtelm\u0171. Minden azon m\u00falik, hogy nyelv\u00fcnk szavait \u2013 mindegyiket \u2013 mik\u00e9nt \u00e9s milyen c\u00e9lb\u00f3l haszn\u00e1ljuk, k\u00fcl\u00f6nf\u00e9le besz\u00e9dhelyzetekben. A t\u00e9ma \u00f6r\u00f6k, ugyanakkor v\u00e1ltoz\u00f3, az id\u0151k j\u00f6v\u00e9se-men\u00e9se ment\u00e9n. Ez\u00e9rt kerest\u00fcnk meg a fenti, c\u00edmbeli k\u00e9rd\u00e9ssel t\u00f6bb kort\u00e1rs, erd\u00e9lyi \u00e9s magyarorsz\u00e1gi magyar \u00edr\u00f3t, k\u00f6lt\u0151t, irodalom\u00e9rt\u0151t. (&#8230;)<\/p>\n<p>Kezdem\u00e9nyez\u00e9s\u00fcnk k\u00e9t, id\u0151ben egym\u00e1st\u00f3l t\u00e1voli, felvet\u00e9sben azonban rokon\u00edthat\u00f3, \u00f6ssze\u00e1ll\u00edt\u00e1sunk keret\u00e9ben szint\u00e9n fellelhet\u0151 sz\u00f6veget vett alapul. Az egyik a felvil\u00e1gosod\u00e1s nonkonformista \u00edr\u00f3ja \u00e9s filoz\u00f3fusa, Diderot egyik m\u0171v\u00e9b\u0151l sz\u00e1rmaz\u00f3 r\u00e9szlet (szerz\u0151j\u00e9nek egyik gondolata \u2013 \u201eA k\u00e9telked\u00e9s (vagy hitetlens\u00e9g) az els\u0151 l\u00e9p\u00e9s a filoz\u00f3fia fel\u00e9&#8221; \u2013 szeml\u00e9letes gondolkod\u00e1sm\u00f3dj\u00e1ra n\u00e9zve), bizony\u00edtand\u00f3: az irodalmi sz\u00f3kincs milyens\u00e9ge r\u00e9gt\u0151l fogva, n\u00e9ha mell\u00e9kesen, n\u00e9ha pedig hangs\u00falyosan foglalkoztatja a m\u00fbvelt k\u00f6zv\u00e9lem\u00e9nyt. A m\u00e1sik sz\u00f6veg kort\u00e1rs v\u00e9tet\u00e9s\u0171, szerz\u0151je, Vakarcs Szil\u00e1rd a jelenlegi sz\u00e9pirodalom egyik aktu\u00e1lis probl\u00e9m\u00e1ja kapcs\u00e1n t\u0171n\u0151dik el. (&#8230;)<\/p>\n<p>Teh\u00e1t, kedves olvas\u00f3ink: milyen szavakkal sz\u00f3ljon hozz\u00e1nk a (sz\u00e9p)irodalom? Sz\u00e9pekkel? Cs\u00fany\u00e1kkal? Mi a sz\u00e9p \u00e9s mi a cs\u00fanya ezen a t\u00e9ren?&#8230;<\/p>\n<p style=\"text-align: right;\"><strong><em>Szonda Szabolcs<\/em><\/strong><\/p>\n<p>*<\/p>\n<p><strong>Mindenmindegy Jakab meg a gazd\u00e1ja<\/strong><\/p>\n<p><em>(r\u00e9szlet)<\/em><\/p>\n<p>Pedig te olvasod Suetoniust, s nem kifog\u00e1solsz benne semmit. Catullust, Martialist, Horatiust, Juvenalist, Petroniust, La Fontaine-t \u00e9s m\u00e9g sok m\u00e1s szerz\u0151t olvasva, mi\u00e9rt nem r\u00e1ncolod a homlokod? Mi\u00e9rt nem mondod Senec\u00e1nak, a sztoikusnak: \u00abUgyan mire j\u00f3 nekem, ha tudom, hogy rabszolg\u00e1d mik\u00e9nt fajtalankodott a homor\u00fa t\u00fckr\u00f6k k\u00f6z\u00f6tt?\u00bb. Csak a holt szerz\u0151k ir\u00e1nt vagy eln\u00e9z\u0151? Ha egy kicsit elgondolkodol ezen a r\u00e9szrehajl\u00e1son, menten r\u00e1j\u00f6ssz, hogy hib\u00e1s elv sz\u00fclem\u00e9nye. Ha romlatlan vagy, \u00fagysem olvasod m\u0171vem, ha meg romlott, h\u00e1t semmi hat\u00e1ssal nem lesz r\u00e1d. (\u2026)<\/p>\n<p>Ha m\u00fbvem j\u00f3, \u00f6r\u00f6mmel olvasod, ha meg rossz, h\u00e1t mit sem \u00e1rt. \u00c1rtalmatlanabb k\u00f6nyv nincs a vil\u00e1gon, mint a rossz k\u00f6nyv. Engem nagyon mulattat, hogy a s\u00fcletlens\u00e9geidet le\u00edrhatom, \u00fagy, hogy kital\u00e1lt h\u0151s\u00f6kre fogom; nevetek s\u00fcletlens\u00e9geiden; t\u00e9ged meg felbosszant a k\u00f6nyvem. Olvas\u00f3, hadd mondjam meg \u0151szint\u00e9n: kett\u0151nk k\u00f6z\u00fcl nem \u00e9n, hanem te vagy a rossz ember. (\u2026)<\/p>\n<p>Ba\u2026, mint a lenyergelt szam\u00e1r, de hagyd, hogy \u00e9n ki is mondjam; \u00e1tengedem neked a cselekv\u00e9st, de hagyd meg nekem a sz\u00f3t. Nagy b\u00fcszk\u00e9n kimondod, hogy \u00f6lni, rabolni, csalni, amazt meg csak \u00fagy a fogad k\u00f6z\u00f6tt mormolod. Tal\u00e1n azt k\u00e9pzeled, hogy min\u00e9l kevesebbet mondasz ki ezekb\u0151l az \u00e1ll\u00edt\u00f3lagos szem\u00e9rmetlens\u00e9gekb\u0151l, ann\u00e1l t\u00f6bb marad meg a gondolataidban? \u00c9s mit \u00e1rtott nektek a nemz\u00e9s oly term\u00e9szetes, sz\u00fcks\u00e9ges \u00e9s helyes aktusa, hogy azt k\u00e9pzelitek, nem szabad kimondani, mert beszennyezi sz\u00e1tokat, szemeteket, f\u00fcleteket? Nagyon rendj\u00e9n van az, hogy a besz\u00e9dben \u00e9s \u00edr\u00e1sban legkev\u00e9sb\u00e9 haszn\u00e1latos, legelhallgatottabb szavak a legjobban tudottak, a leg\u00e1ltal\u00e1nosabban ismertek; bizony, ez \u00edgy van, p\u00e9ld\u00e1ul a futuo (latinul: k\u00f6z\u00f6s\u00fcl \u2013 ford. megj.) kifejez\u00e9s \u00e9ppen olyan k\u00f6zismert, mint az a sz\u00f3, hogy keny\u00e9r; minden kor, minden nyelvj\u00e1r\u00e1s ismeri, ezernyi szinonim\u00e1ja van minden nyelvben, ki is nyomtatt\u00e1k minden nyelven, de ki nem mondj\u00e1k, nem kap hangot, \u00e9l\u0151 form\u00e1t; \u00e9s az a nem, mely legink\u00e1bb gyakorolja, az hallgat r\u00f3la legink\u00e1bb.<\/p>\n<p style=\"text-align: right;\"><strong><em>Diderot <\/em><\/strong><\/p>\n<p style=\"text-align: right;\">(Bart\u00f3cz Ilona ford\u00edt\u00e1sa)<\/p>\n<p style=\"text-align: center;\"><a href=\"https:\/\/ujkafe.website\/wp-content\/uploads\/2010\/08\/jakab_s_ura_512.jpg\"><img loading=\"lazy\" decoding=\"async\" class=\"size-full wp-image-3796 aligncenter\" title=\"jakab_s_ura_512\" src=\"https:\/\/ujkafe.website\/wp-content\/uploads\/2010\/08\/jakab_s_ura_512.jpg\" alt=\"\" width=\"277\" height=\"410\" srcset=\"https:\/\/ujkafe.website\/wp-content\/uploads\/2010\/08\/jakab_s_ura_512.jpg 346w, https:\/\/ujkafe.website\/wp-content\/uploads\/2010\/08\/jakab_s_ura_512-202x300.jpg 202w\" sizes=\"auto, (max-width: 277px) 100vw, 277px\" \/><\/a><\/p>\n<p><strong>A sz\u00f6veg hatalma<\/strong><\/p>\n<p>A jelenkori irodalom \u00fatkeres\u0151 fejl\u0151d\u00e9se ezt is mag\u00e1val hozta: a sz\u00e9p, \u00e9rz\u00e9kletes k\u00f6lt\u0151i k\u00e9pek lassan beker\u00fclnek a szem\u00e9tl\u00e1d\u00e1ba. A fiatal olvas\u00f3kat ink\u00e1bb a k\u00f6zvetlen, egyenes, brut\u00e1lis besz\u00e9d \u00e9rdekli, \u00e9s ennek k\u00f6vetkezt\u00e9ben a kiad\u00f3k is el\u0151szeretettel nyomj\u00e1k finom feh\u00e9r lapokra az \u00faj, agressz\u00edv sorokat. Az \u00e1tszellem\u00fclt, hossz\u00fa mondatok, lelket olvaszt\u00f3 felh\u00edv\u00e1sok imm\u00e1r a m\u00falt\u00e9i. Itt ink\u00e1bb tetsz\u0151leges tartalommal megt\u00f6lthet\u0151 parancsszavak, sehova sem mutat\u00f3 kezek, ideges ujjak hadon\u00e1sznak a semmibe. A vil\u00e1g nem egys\u00edk\u00fa, ez\u00e9rt nem is ir\u00e1ny\u00edtanak sehova, legfennebb csak \u00e9lm\u00e9nyt akarnak szerezni-okozni. De ez nem minden, m\u00e1r maga a szerz\u0151 is meghalt, mivel a posztmodern ut\u00e1n a szellem nagyjai is beker\u00fcltek a t\u00f6rt\u00e9nelem nagy m\u00fazeum\u00e1ba, a jelenkor eleg\u00e1ns hullad\u00e9kgy\u0171jt\u0151j\u00e9be, ahonnan alkalmank\u00e9nt sz\u00e9pen el\u0151h\u00fazhatjuk \u0151ket \u00e9s egy seperc t\u00f6r\u00fclget\u00e9ssel meglebbenthetj\u00fck alakjaikat a nemzet fiai el\u0151tt, majd ugyan\u00fagy visszahelyezz\u00fck \u0151ket oda, finoman, de hat\u00e1rozottan. Higgy\u00e9k el, olyan ez, mint a romlott orvoss\u00e1g, amelyiken m\u00e9g csillog ugyan a cukorm\u00e1z, de bel\u00fcl, ahol a l\u00e9nyeg hever, ott m\u00e1r nem hatnak az \u00f6sszetev\u0151k, esetleg vissz\u00e1s eredm\u00e9nyt hoznak (mondjuk, kin\u0151 t\u0151le a fej\u00fcnk\u00f6n egy piros kakastar\u00e9j).<\/p>\n<p>Igen, a szerz\u0151t lassan elb\u00facs\u00faztatjuk, az \u00e9rtelmis\u00e9gi embert n\u00e9vtelens\u00e9gbe burkol\u00f3, \u00e9lettelen orvoss\u00e1gk\u00e9nt hat\u00f3, \u00f6nmag\u00e1t \u00e1t nem gondol\u00f3, \u00f6nt\u00f6rv\u00e9ny\u0171, felel\u0151ss\u00e9gre, p\u00e1rharcra ki nem h\u00edvhat\u00f3 instanci\u00e1v\u00e1 v\u00e1ltoztatja a piac, a politika, mit tudom \u00e9n, ki, valaki, ak\u00e1rki. Senki. A pirula, ugye, mag\u00e1t\u00f3l megy be a gyomorba. (\u00c9s mindez a politik\u00e1ban is.) Milyen k\u00e9ts\u00e9gbeejt\u0151, hogy mondanival\u00f3 hi\u00e1ny\u00e1ban testhez\u00e1ll\u00f3 kereteket haj\u00edtanak oda a n\u00e9pnek (cirkusz \u00e9s keny\u00e9r mindig kellett), \u00e9s azokat mindenki a maga m\u00f3dj\u00e1n gy\u00farja \u00e1t, teszi-veszi, \u00e9s jobb esetben azt hiszi, hogy amit \u00e9ppen m\u0171vel, az senkinek sem \u00e1rt, az puszta m\u0171v\u00e9szet, alkot\u00f3 elm\u00e9j\u00e9nek Kolumbusz-toj\u00e1sa. Holott az \u00e9let nem csup\u00e1n irodalom (olykor az is). A neh\u00e9z sz\u00f3val: kibernetikus, k\u00f6nnyed\u00e9n-magyarul: sz\u00e1m\u00edt\u00f3g\u00e9p \u00e1ltal megtervezett, virtu\u00e1lisan \u00e9rz\u00e9ketlen ember korszaka tal\u00e1n m\u00e9g nem j\u00f6tt el, \u00e9s \u00e9n ezt nem is akarom, m\u00e9g akkor sem, ha ezt senki sem veszi komolyan, m\u00e9g ha a szerz\u0151t mint fogalmat a t\u00fcrelmetlen olvas\u00f3 m\u00e1r r\u00e9g\u00f3ta kiny\u00edrta is, akkor sem.<\/p>\n<p style=\"text-align: right;\"><strong><em>Vakarcs Szil\u00e1rd<\/em><\/strong><\/p>\n<p style=\"text-align: right;\">(Folytatjuk)<\/p>\n","protected":false},"excerpt":{"rendered":"<p>Hat \u00e9vvel ezel\u0151tt (2004-ben) izgalmas vita indult meg az akkor m\u00e9g m\u0171k\u00f6d\u0151 Rom\u00e1niai Magyar Sz\u00f3 Sz\u00ednk\u00e9p mell\u00e9klet\u00e9nek has\u00e1bjain. A vita p\u00e1r h\u00e9t lefut\u00e1sa ut\u00e1n, teljes mellsz\u00e9less\u00e9ggel \u00e1tk\u00f6lt\u00f6z\u00f6tt az akkor m\u00e9g szint\u00e9n l\u00e9tez\u0151 K\u00e1f\u00e9 port\u00e1lra, ahol terjedelmi \u00e9s id\u0151beli korl\u00e1toz\u00e1s n\u00e9lk\u00fcl, perg\u0151bb ritmusban lehetett szembes\u00edteni az egym\u00e1snak ellentmond\u00f3, egym\u00e1ssal vit\u00e1ba sz\u00e1ll\u00f3 vagy monologiz\u00e1l\u00f3 v\u00e9lem\u00e9nyeket &#8211; arr\u00f3l, [&hellip;]<\/p>\n","protected":false},"author":3,"featured_media":0,"comment_status":"open","ping_status":"open","sticky":false,"template":"","format":"standard","meta":{"_monsterinsights_skip_tracking":false,"_monsterinsights_sitenote_active":false,"_monsterinsights_sitenote_note":"","_monsterinsights_sitenote_category":0,"ngg_post_thumbnail":0,"footnotes":""},"categories":[14,16],"tags":[],"class_list":["post-3795","post","type-post","status-publish","format-standard","hentry","category-a-regi-kafebol","category-bongeszde"],"_links":{"self":[{"href":"https:\/\/ujkafe.website\/index.php?rest_route=\/wp\/v2\/posts\/3795","targetHints":{"allow":["GET"]}}],"collection":[{"href":"https:\/\/ujkafe.website\/index.php?rest_route=\/wp\/v2\/posts"}],"about":[{"href":"https:\/\/ujkafe.website\/index.php?rest_route=\/wp\/v2\/types\/post"}],"author":[{"embeddable":true,"href":"https:\/\/ujkafe.website\/index.php?rest_route=\/wp\/v2\/users\/3"}],"replies":[{"embeddable":true,"href":"https:\/\/ujkafe.website\/index.php?rest_route=%2Fwp%2Fv2%2Fcomments&post=3795"}],"version-history":[{"count":0,"href":"https:\/\/ujkafe.website\/index.php?rest_route=\/wp\/v2\/posts\/3795\/revisions"}],"wp:attachment":[{"href":"https:\/\/ujkafe.website\/index.php?rest_route=%2Fwp%2Fv2%2Fmedia&parent=3795"}],"wp:term":[{"taxonomy":"category","embeddable":true,"href":"https:\/\/ujkafe.website\/index.php?rest_route=%2Fwp%2Fv2%2Fcategories&post=3795"},{"taxonomy":"post_tag","embeddable":true,"href":"https:\/\/ujkafe.website\/index.php?rest_route=%2Fwp%2Fv2%2Ftags&post=3795"}],"curies":[{"name":"wp","href":"https:\/\/api.w.org\/{rel}","templated":true}]}}