
{"id":37978,"date":"2015-01-14T06:29:18","date_gmt":"2015-01-14T06:29:18","guid":{"rendered":"https:\/\/ujkafe.website\/?p=37978"},"modified":"2015-01-14T06:29:18","modified_gmt":"2015-01-14T06:29:18","slug":"versek-a-falon","status":"publish","type":"post","link":"https:\/\/ujkafe.website\/?p=37978","title":{"rendered":"Vers(ek) a falon"},"content":{"rendered":"<p><a href=\"https:\/\/ujkafe.website\/wp-content\/uploads\/2015\/01\/bdk-szentendre2011.jpg\"><img loading=\"lazy\" decoding=\"async\" class=\"alignnone  wp-image-37979\" alt=\"bdk-szentendre2011\" src=\"https:\/\/ujkafe.website\/wp-content\/uploads\/2015\/01\/bdk-szentendre2011.jpg\" width=\"630\" height=\"423\" srcset=\"https:\/\/ujkafe.website\/wp-content\/uploads\/2015\/01\/bdk-szentendre2011.jpg 900w, https:\/\/ujkafe.website\/wp-content\/uploads\/2015\/01\/bdk-szentendre2011-300x201.jpg 300w\" sizes=\"auto, (max-width: 630px) 100vw, 630px\" \/><\/a><\/p>\n<p><strong>Balla D. K\u00e1roly<\/strong> (egyszer\u0171bben: BDK) bar\u00e1tunk egy ideje falakat keres, amelyekre fel\u00edrhatja verseit. Err\u0151l blogj\u00e1ban t\u00f6bb \u00e9rdekes bizonylatot &#8211; mint\u00e1t &#8211; is tal\u00e1lhatunk, s ha nem is \u00faj m\u0171fajjal tal\u00e1lkozunk k\u00eds\u00e9rleteiben, azok mindenk\u00e9ppen kreat\u00edvak \u00e9s kell\u0151en j\u00e1t\u00e9kosak.<!--more--><\/p>\n<p>A<a href=\"http:\/\/bdk.blog.hu\/tags\/vers_a_falon\"> <em>Vers a falon<\/em> c\u00edm\u0171 rovatban<\/a> l\u00e1that\u00f3 fot\u00f3kon az a k\u00f6z\u00f6s, hogy valamennyi k\u00f6z\u00e9ppontj\u00e1ban egy ak\u00e1rmilyen &#8211; de a maga nem\u00e9ben j\u00f3l meghat\u00e1rozott &#8211; falfel\u00fclet \u00e1ll, amelyen r\u00f6vid versek, t\u00f6bbnyire haikuk sz\u00f6vege \u00e1ll fel\u00edrva, illeszked\u0151 harm\u00f3ni\u00e1ban a fal text\u00far\u00e1j\u00e1val, a fot\u00f3 hangulat\u00e1val.<\/p>\n<p>P\u00e9ldak\u00e9nt \u00e1lljon itt az, amit eleve a sz\u00f6veg f\u00f6l\u00e9 emelt\u00fcnk, s amit mi a legkifejez\u0151bbnek tartunk, a megfelel\u0151 magyar\u00e1zattal:<\/p>\n<p><strong>Megval\u00f3sul\u00e1s<\/strong><\/p>\n<p><em>Egy l\u00e9p\u00e9sre vagy<\/em><br \/>\n<em>a megval\u00f3sul\u00e1st\u00f3l.<\/em><br \/>\n<em>M\u00e1r m\u00f6g\u00e9d ker\u00fclt<\/em><\/p>\n<p><em>Eredetileg haiku, itt kicsit elt\u00f6rdelve \u00e9s megrong\u00e1l\u00f3dva. Szentendre, 2011.<\/em><\/p>\n<p>BDK ugyanakkor tov\u00e1bb l\u00e9pne: ha akad v\u00e1llalkoz\u00f3 szellem\u0171 j\u00e1tsz\u00f3t\u00e1rs, aki megfelel\u0151 fot\u00f3kkal ell\u00e1tn\u00e1, hajland\u00f3 lenne haikukat \u00edrni k\u00fcl\u00f6nb\u00f6z\u0151, lefot\u00f3zott t\u0171zfal-fel\u00fcletekre, illetve helyet adni m\u00e1sok hasonl\u00f3 k\u00eds\u00e9rleteinek.<a href=\"http:\/\/ungparty.net\/blog\/2015\/01\/06\/kuldj-tuzfalat-irok-ra-haikut\/\"><em><strong> Err\u0151l itt olvashatunk.<\/strong><\/em><\/a><\/p>\n<p>Projektjeit ismertet\u0151 level\u00e9t ezzel a megjegyz\u00e9ssel z\u00e1rja:<\/p>\n<p><em>Fontosnak gondolom ezt:<\/em><br \/>\n<em>&#8222;a m\u0171v\u00e9szet val\u00f3s\u00e1g\u00e1br\u00e1zol\u00f3 \u00e9s\/vagy fikci\u00f3teremt\u0151 jelleg\u00e9vel kapcsolatos, firtat\u00f3 sz\u00e1nd\u00e9k\u00fa k\u00e9rd\u00e9sek vagy sz\u00f3ba se ker\u00fcltek, vagy sorra f\u00fcgg\u0151ben maradtak: ebb\u0151l azt a k\u00f6vetkeztet\u00e9st vontam le, hogy blogom l\u00e1togat\u00f3i pontosan \u00e9rtik, mi k\u00e9pezi ennek a sorozatnak a l\u00e9nyegi r\u00e9sz\u00e9t, \u00e9s mi az, ami felett nagyvonal\u00faan el lehet siklani. Legyen ez \u00edgy ezent\u00fal is&#8221;<\/em><\/p>\n","protected":false},"excerpt":{"rendered":"<p>Balla D. K\u00e1roly (egyszer\u0171bben: BDK) bar\u00e1tunk egy ideje falakat keres, amelyekre fel\u00edrhatja verseit. Err\u0151l blogj\u00e1ban t\u00f6bb \u00e9rdekes bizonylatot &#8211; mint\u00e1t &#8211; is tal\u00e1lhatunk, s ha nem is \u00faj m\u0171fajjal tal\u00e1lkozunk k\u00eds\u00e9rleteiben, azok mindenk\u00e9ppen kreat\u00edvak \u00e9s kell\u0151en j\u00e1t\u00e9kosak.<\/p>\n","protected":false},"author":3,"featured_media":0,"comment_status":"open","ping_status":"open","sticky":false,"template":"","format":"standard","meta":{"_monsterinsights_skip_tracking":false,"_monsterinsights_sitenote_active":false,"_monsterinsights_sitenote_note":"","_monsterinsights_sitenote_category":0,"ngg_post_thumbnail":0,"footnotes":""},"categories":[5,4],"tags":[],"class_list":["post-37978","post","type-post","status-publish","format-standard","hentry","category-foto","category-vers"],"_links":{"self":[{"href":"https:\/\/ujkafe.website\/index.php?rest_route=\/wp\/v2\/posts\/37978","targetHints":{"allow":["GET"]}}],"collection":[{"href":"https:\/\/ujkafe.website\/index.php?rest_route=\/wp\/v2\/posts"}],"about":[{"href":"https:\/\/ujkafe.website\/index.php?rest_route=\/wp\/v2\/types\/post"}],"author":[{"embeddable":true,"href":"https:\/\/ujkafe.website\/index.php?rest_route=\/wp\/v2\/users\/3"}],"replies":[{"embeddable":true,"href":"https:\/\/ujkafe.website\/index.php?rest_route=%2Fwp%2Fv2%2Fcomments&post=37978"}],"version-history":[{"count":0,"href":"https:\/\/ujkafe.website\/index.php?rest_route=\/wp\/v2\/posts\/37978\/revisions"}],"wp:attachment":[{"href":"https:\/\/ujkafe.website\/index.php?rest_route=%2Fwp%2Fv2%2Fmedia&parent=37978"}],"wp:term":[{"taxonomy":"category","embeddable":true,"href":"https:\/\/ujkafe.website\/index.php?rest_route=%2Fwp%2Fv2%2Fcategories&post=37978"},{"taxonomy":"post_tag","embeddable":true,"href":"https:\/\/ujkafe.website\/index.php?rest_route=%2Fwp%2Fv2%2Ftags&post=37978"}],"curies":[{"name":"wp","href":"https:\/\/api.w.org\/{rel}","templated":true}]}}