
{"id":38155,"date":"2015-01-20T10:27:34","date_gmt":"2015-01-20T10:27:34","guid":{"rendered":"https:\/\/ujkafe.website\/?p=38155"},"modified":"2015-01-20T10:27:47","modified_gmt":"2015-01-20T10:27:47","slug":"sajtofoto-2014-muosz-nagydij-beli-balazs","status":"publish","type":"post","link":"https:\/\/ujkafe.website\/?p=38155","title":{"rendered":"Sajt\u00f3fot\u00f3 2014: M\u00daOSZ nagyd\u00edj &#8211; B\u00e9li Bal\u00e1zs"},"content":{"rendered":"<p><a href=\"https:\/\/ujkafe.website\/wp-content\/uploads\/2015\/01\/01.jpg\"><img loading=\"lazy\" decoding=\"async\" class=\"alignnone  wp-image-38156\" alt=\"01\" src=\"https:\/\/ujkafe.website\/wp-content\/uploads\/2015\/01\/01.jpg\" width=\"614\" height=\"410\" srcset=\"https:\/\/ujkafe.website\/wp-content\/uploads\/2015\/01\/01.jpg 1024w, https:\/\/ujkafe.website\/wp-content\/uploads\/2015\/01\/01-300x200.jpg 300w\" sizes=\"auto, (max-width: 614px) 100vw, 614px\" \/><\/a><\/p>\n<p>D\u00edjnyertes sorozata: <strong>\u00daton Eur\u00f3p\u00e1ba<\/strong>. A\u00a0<a href=\"http:\/\/www.sajto-foto.hu\/\">http:\/\/www.sajto-foto.hu\/<\/a> honlap nyom\u00e1n a sorozat n\u00e9h\u00e1ny darabj\u00e1t l\u00e1thgatjuk, amelyek alapj\u00e1n fogalmat alkothatunk a 2006-t\u00f3l a Magyar H\u00edrlapn\u00e1l p\u00e1ly\u00e1t kezd\u0151, jelenleg a Barik\u00e1d hetilapn\u00e1l fot\u00f3z\u00f3 szerz\u0151 tehets\u00e9g\u00e9r\u0151l.<!--more--><\/p>\n<p><a href=\"https:\/\/ujkafe.website\/wp-content\/uploads\/2015\/01\/03.jpg\"><img loading=\"lazy\" decoding=\"async\" class=\"alignnone  wp-image-38157\" alt=\"03\" src=\"https:\/\/ujkafe.website\/wp-content\/uploads\/2015\/01\/03.jpg\" width=\"614\" height=\"410\" srcset=\"https:\/\/ujkafe.website\/wp-content\/uploads\/2015\/01\/03.jpg 1024w, https:\/\/ujkafe.website\/wp-content\/uploads\/2015\/01\/03-300x200.jpg 300w\" sizes=\"auto, (max-width: 614px) 100vw, 614px\" \/><\/a> <a href=\"https:\/\/ujkafe.website\/wp-content\/uploads\/2015\/01\/05.jpg\"><img loading=\"lazy\" decoding=\"async\" class=\"alignnone  wp-image-38158\" alt=\"05\" src=\"https:\/\/ujkafe.website\/wp-content\/uploads\/2015\/01\/05.jpg\" width=\"614\" height=\"410\" srcset=\"https:\/\/ujkafe.website\/wp-content\/uploads\/2015\/01\/05.jpg 1024w, https:\/\/ujkafe.website\/wp-content\/uploads\/2015\/01\/05-300x200.jpg 300w\" sizes=\"auto, (max-width: 614px) 100vw, 614px\" \/><\/a> <a href=\"https:\/\/ujkafe.website\/wp-content\/uploads\/2015\/01\/06.jpg\"><img loading=\"lazy\" decoding=\"async\" class=\"alignnone  wp-image-38159\" alt=\"06\" src=\"https:\/\/ujkafe.website\/wp-content\/uploads\/2015\/01\/06.jpg\" width=\"614\" height=\"410\" srcset=\"https:\/\/ujkafe.website\/wp-content\/uploads\/2015\/01\/06.jpg 1024w, https:\/\/ujkafe.website\/wp-content\/uploads\/2015\/01\/06-300x200.jpg 300w\" sizes=\"auto, (max-width: 614px) 100vw, 614px\" \/><\/a> <a href=\"https:\/\/ujkafe.website\/wp-content\/uploads\/2015\/01\/08.jpg\"><img loading=\"lazy\" decoding=\"async\" class=\"alignnone  wp-image-38160\" alt=\"08\" src=\"https:\/\/ujkafe.website\/wp-content\/uploads\/2015\/01\/08.jpg\" width=\"614\" height=\"410\" srcset=\"https:\/\/ujkafe.website\/wp-content\/uploads\/2015\/01\/08.jpg 1024w, https:\/\/ujkafe.website\/wp-content\/uploads\/2015\/01\/08-300x200.jpg 300w\" sizes=\"auto, (max-width: 614px) 100vw, 614px\" \/><\/a> <a href=\"https:\/\/ujkafe.website\/wp-content\/uploads\/2015\/01\/09.jpg\"><img loading=\"lazy\" decoding=\"async\" class=\"alignnone  wp-image-38161\" alt=\"09\" src=\"https:\/\/ujkafe.website\/wp-content\/uploads\/2015\/01\/09.jpg\" width=\"614\" height=\"410\" srcset=\"https:\/\/ujkafe.website\/wp-content\/uploads\/2015\/01\/09.jpg 1024w, https:\/\/ujkafe.website\/wp-content\/uploads\/2015\/01\/09-300x200.jpg 300w\" sizes=\"auto, (max-width: 614px) 100vw, 614px\" \/><\/a><\/p>\n<p>&nbsp;<\/p>\n<p><strong>A sorozat le\u00edr\u00e1sa:\u00a0<\/strong><\/p>\n<p><em>2013-hoz k\u00e9pest k\u00e9t \u00e9s f\u00e9lszeres\u00e9re n\u0151tt az Eur\u00f3p\u00e1ba \u00e9rkez\u0151 illeg\u00e1lis bev\u00e1ndorl\u00f3k sz\u00e1ma, t\u00f6bb mint negyedmilli\u00f3 menek\u00fclt pr\u00f3b\u00e1lt meg az EU hat\u00e1rain kereszt\u00fcl Nyugat-Eur\u00f3p\u00e1ba eljutni. Magyarorsz\u00e1g sz\u00e1m\u00e1ra a magyar-szerb hat\u00e1ron \u00e1t \u00e9rkez\u0151 migr\u00e1nsok okozz\u00e1k a legnagyobb probl\u00e1m\u00e1t. Tavaly k\u00f6zel 30 ezer, t\u00f6bbnyire sz\u00edr, afg\u00e1n, koszov\u00f3i alb\u00e1n menek\u00fclt sz\u00f6k\u00f6tt \u00e1t a d\u00e9li hat\u00e1rszakaszokon. \u00c1sotthalom k\u00fclter\u00fcletein mez\u0151\u0151r\u00f6k \u00e9s polg\u00e1r\u0151r\u00f6k seg\u00edtik a rend\u0151rs\u00e9g munk\u00e1j\u00e1t, ki\u00e9rkez\u00e9s\u00fckig feltart\u00f3ztatj\u00e1k a migr\u00e1nsokat. Magyarorsz\u00e1gnak az EU tags\u00e1gb\u00f3l fakad\u00f3an be kell fogadnia ezeket az embereket men\u00fcltst\u00e1tuszuk elb\u00edr\u00e1l\u00e1s\u00e1ig, erre az id\u0151re szabad kij\u00e1r\u00e1s\u00fa menek\u00fcltt\u00e1borokban helyezik el \u0151ket, ahonnan legt\u00f6bben r\u00f6vid id\u0151n bel\u00fcl tov\u00e1bb utaznak Nyugat-Eur\u00f3pa fel\u00e9.<\/em><\/p>\n","protected":false},"excerpt":{"rendered":"<p>D\u00edjnyertes sorozata: \u00daton Eur\u00f3p\u00e1ba. A\u00a0http:\/\/www.sajto-foto.hu\/ honlap nyom\u00e1n a sorozat n\u00e9h\u00e1ny darabj\u00e1t l\u00e1thgatjuk, amelyek alapj\u00e1n fogalmat alkothatunk a 2006-t\u00f3l a Magyar H\u00edrlapn\u00e1l p\u00e1ly\u00e1t kezd\u0151, jelenleg a Barik\u00e1d hetilapn\u00e1l fot\u00f3z\u00f3 szerz\u0151 tehets\u00e9g\u00e9r\u0151l.<\/p>\n","protected":false},"author":3,"featured_media":0,"comment_status":"open","ping_status":"open","sticky":false,"template":"","format":"standard","meta":{"_monsterinsights_skip_tracking":false,"_monsterinsights_sitenote_active":false,"_monsterinsights_sitenote_note":"","_monsterinsights_sitenote_category":0,"ngg_post_thumbnail":0,"footnotes":""},"categories":[5],"tags":[],"class_list":["post-38155","post","type-post","status-publish","format-standard","hentry","category-foto"],"_links":{"self":[{"href":"https:\/\/ujkafe.website\/index.php?rest_route=\/wp\/v2\/posts\/38155","targetHints":{"allow":["GET"]}}],"collection":[{"href":"https:\/\/ujkafe.website\/index.php?rest_route=\/wp\/v2\/posts"}],"about":[{"href":"https:\/\/ujkafe.website\/index.php?rest_route=\/wp\/v2\/types\/post"}],"author":[{"embeddable":true,"href":"https:\/\/ujkafe.website\/index.php?rest_route=\/wp\/v2\/users\/3"}],"replies":[{"embeddable":true,"href":"https:\/\/ujkafe.website\/index.php?rest_route=%2Fwp%2Fv2%2Fcomments&post=38155"}],"version-history":[{"count":0,"href":"https:\/\/ujkafe.website\/index.php?rest_route=\/wp\/v2\/posts\/38155\/revisions"}],"wp:attachment":[{"href":"https:\/\/ujkafe.website\/index.php?rest_route=%2Fwp%2Fv2%2Fmedia&parent=38155"}],"wp:term":[{"taxonomy":"category","embeddable":true,"href":"https:\/\/ujkafe.website\/index.php?rest_route=%2Fwp%2Fv2%2Fcategories&post=38155"},{"taxonomy":"post_tag","embeddable":true,"href":"https:\/\/ujkafe.website\/index.php?rest_route=%2Fwp%2Fv2%2Ftags&post=38155"}],"curies":[{"name":"wp","href":"https:\/\/api.w.org\/{rel}","templated":true}]}}