
{"id":38182,"date":"2015-01-21T06:10:48","date_gmt":"2015-01-21T06:10:48","guid":{"rendered":"https:\/\/ujkafe.website\/?p=38182"},"modified":"2015-01-21T06:13:21","modified_gmt":"2015-01-21T06:13:21","slug":"sajtofoto-2014-kulondijak-balazs-attila","status":"publish","type":"post","link":"https:\/\/ujkafe.website\/?p=38182","title":{"rendered":"Sajt\u00f3fot\u00f3 2014: k\u00fcl\u00f6nd\u00edjak &#8211; Bal\u00e1zs Attila"},"content":{"rendered":"<div id=\"attachment_38183\" style=\"width: 639px\" class=\"wp-caption alignnone\"><a href=\"https:\/\/ujkafe.website\/wp-content\/uploads\/2015\/01\/lovasiskola.jpg\"><img loading=\"lazy\" decoding=\"async\" aria-describedby=\"caption-attachment-38183\" class=\"size-full wp-image-38183\" alt=\"lovasiskola\" src=\"https:\/\/ujkafe.website\/wp-content\/uploads\/2015\/01\/lovasiskola.jpg\" width=\"629\" height=\"629\" srcset=\"https:\/\/ujkafe.website\/wp-content\/uploads\/2015\/01\/lovasiskola.jpg 629w, https:\/\/ujkafe.website\/wp-content\/uploads\/2015\/01\/lovasiskola-150x150.jpg 150w, https:\/\/ujkafe.website\/wp-content\/uploads\/2015\/01\/lovasiskola-300x300.jpg 300w\" sizes=\"auto, (max-width: 629px) 100vw, 629px\" \/><\/a><p id=\"caption-attachment-38183\" class=\"wp-caption-text\">Lovasiskola *<br \/>A megy\u00e9kben dolgoz\u00f3, legjobb teljes\u00edtm\u00e9nyt ny\u00fajt\u00f3 fot\u00f3riporter D\u00edj<br \/>Andr\u00e9 Kert\u00e9sz Nagyd\u00edj<\/p><\/div>\n<p>A bemutatkoz\u00e1sb\u00f3l: &#8222;Bal\u00e1zs Attila vagyok, 1969-ben sz\u00fclettem Ny\u00edregyh\u00e1z\u00e1n, fot\u00f3z\u00e1ssal 1987 \u00f3ta foglalkozom. Tanulm\u00e1nyaim: 1991 B\u00e1lint Gy\u00f6rgy \u00dajs\u00e1g\u00edr\u00f3 Akad\u00e9mia fot\u00f3riporter oklev\u00e9l Budapest 1993 Bessenyei Gy\u00f6rgy Tan\u00e1rk\u00e9pz\u0151 F\u0151iskola f\u00f6ldrajz tan\u00e1ri oklev\u00e9l Ny\u00edregyh\u00e1za Munkahelyek: 1989-t\u0151l 2008-ig a Kelet-Magyarorsz\u00e1g c\u00edm\u0171 napilap fot\u00f3riporter munkat\u00e1rsa. 1993-t\u00f3l az MTI k\u00fcls\u0151s tud\u00f3s\u00edt\u00f3ja. 2008-t\u00f3l az MTI szerz\u0151d\u00e9ses fot\u00f3riportere vagyok.&#8221;<\/p>\n","protected":false},"excerpt":{"rendered":"<p>A bemutatkoz\u00e1sb\u00f3l: &#8222;Bal\u00e1zs Attila vagyok, 1969-ben sz\u00fclettem Ny\u00edregyh\u00e1z\u00e1n, fot\u00f3z\u00e1ssal 1987 \u00f3ta foglalkozom. Tanulm\u00e1nyaim: 1991 B\u00e1lint Gy\u00f6rgy \u00dajs\u00e1g\u00edr\u00f3 Akad\u00e9mia fot\u00f3riporter oklev\u00e9l Budapest 1993 Bessenyei Gy\u00f6rgy Tan\u00e1rk\u00e9pz\u0151 F\u0151iskola f\u00f6ldrajz tan\u00e1ri oklev\u00e9l Ny\u00edregyh\u00e1za Munkahelyek: 1989-t\u0151l 2008-ig a Kelet-Magyarorsz\u00e1g c\u00edm\u0171 napilap fot\u00f3riporter munkat\u00e1rsa. 1993-t\u00f3l az MTI k\u00fcls\u0151s tud\u00f3s\u00edt\u00f3ja. 2008-t\u00f3l az MTI szerz\u0151d\u00e9ses fot\u00f3riportere vagyok.&#8221;<\/p>\n","protected":false},"author":3,"featured_media":0,"comment_status":"open","ping_status":"open","sticky":false,"template":"","format":"standard","meta":{"_monsterinsights_skip_tracking":false,"_monsterinsights_sitenote_active":false,"_monsterinsights_sitenote_note":"","_monsterinsights_sitenote_category":0,"ngg_post_thumbnail":0,"footnotes":""},"categories":[5],"tags":[],"class_list":["post-38182","post","type-post","status-publish","format-standard","hentry","category-foto"],"_links":{"self":[{"href":"https:\/\/ujkafe.website\/index.php?rest_route=\/wp\/v2\/posts\/38182","targetHints":{"allow":["GET"]}}],"collection":[{"href":"https:\/\/ujkafe.website\/index.php?rest_route=\/wp\/v2\/posts"}],"about":[{"href":"https:\/\/ujkafe.website\/index.php?rest_route=\/wp\/v2\/types\/post"}],"author":[{"embeddable":true,"href":"https:\/\/ujkafe.website\/index.php?rest_route=\/wp\/v2\/users\/3"}],"replies":[{"embeddable":true,"href":"https:\/\/ujkafe.website\/index.php?rest_route=%2Fwp%2Fv2%2Fcomments&post=38182"}],"version-history":[{"count":0,"href":"https:\/\/ujkafe.website\/index.php?rest_route=\/wp\/v2\/posts\/38182\/revisions"}],"wp:attachment":[{"href":"https:\/\/ujkafe.website\/index.php?rest_route=%2Fwp%2Fv2%2Fmedia&parent=38182"}],"wp:term":[{"taxonomy":"category","embeddable":true,"href":"https:\/\/ujkafe.website\/index.php?rest_route=%2Fwp%2Fv2%2Fcategories&post=38182"},{"taxonomy":"post_tag","embeddable":true,"href":"https:\/\/ujkafe.website\/index.php?rest_route=%2Fwp%2Fv2%2Ftags&post=38182"}],"curies":[{"name":"wp","href":"https:\/\/api.w.org\/{rel}","templated":true}]}}