
{"id":38190,"date":"2015-01-21T06:44:28","date_gmt":"2015-01-21T06:44:28","guid":{"rendered":"https:\/\/ujkafe.website\/?p=38190"},"modified":"2015-01-21T06:49:04","modified_gmt":"2015-01-21T06:49:04","slug":"sajtofoto-2014-munkacsi-marton-dij-hajdu-d-andras","status":"publish","type":"post","link":"https:\/\/ujkafe.website\/?p=38190","title":{"rendered":"Sajt\u00f3fot\u00f3 2014: Munk\u00e1csi M\u00e1rton d\u00edj &#8211; Hajd\u00fa D. Andr\u00e1s"},"content":{"rendered":"<div id=\"attachment_38191\" style=\"width: 624px\" class=\"wp-caption alignnone\"><a href=\"https:\/\/ujkafe.website\/wp-content\/uploads\/2015\/01\/lyuko_01.jpg\"><img loading=\"lazy\" decoding=\"async\" aria-describedby=\"caption-attachment-38191\" class=\" wp-image-38191\" alt=\"lyuko_01\" src=\"https:\/\/ujkafe.website\/wp-content\/uploads\/2015\/01\/lyuko_01.jpg\" width=\"614\" height=\"410\" srcset=\"https:\/\/ujkafe.website\/wp-content\/uploads\/2015\/01\/lyuko_01.jpg 1024w, https:\/\/ujkafe.website\/wp-content\/uploads\/2015\/01\/lyuko_01-300x200.jpg 300w\" sizes=\"auto, (max-width: 614px) 100vw, 614px\" \/><\/a><p id=\"caption-attachment-38191\" class=\"wp-caption-text\">Ak\u00e1r n\u00e9gyk\u00e9zl\u00e1b cs\u00faszva is, de fel kell hozni a vizet (k\u00e9pek egy sorozatb\u00f3l)<\/p><\/div>\n<p>T\u00f6bbsz\u00f6r\u00f6s sajt\u00f3fot\u00f3-d\u00edjas fot\u00f3s \u00e9s multim\u00e9dia k\u00e9sz\u00edt\u0151. Elhivatott dokumentarista fot\u00f3s, tan\u00e1r, szabad\u00fasz\u00f3 fot\u00f3riporter.<!--more--><a href=\"https:\/\/ujkafe.website\/wp-content\/uploads\/2015\/01\/lyuko_02.jpg\"><img loading=\"lazy\" decoding=\"async\" class=\"alignnone  wp-image-38192\" alt=\"lyuko_02\" src=\"https:\/\/ujkafe.website\/wp-content\/uploads\/2015\/01\/lyuko_02.jpg\" width=\"614\" height=\"410\" srcset=\"https:\/\/ujkafe.website\/wp-content\/uploads\/2015\/01\/lyuko_02.jpg 1024w, https:\/\/ujkafe.website\/wp-content\/uploads\/2015\/01\/lyuko_02-300x200.jpg 300w\" sizes=\"auto, (max-width: 614px) 100vw, 614px\" \/><\/a> <a href=\"https:\/\/ujkafe.website\/wp-content\/uploads\/2015\/01\/lyuko_04.jpg\"><img loading=\"lazy\" decoding=\"async\" class=\"alignnone  wp-image-38193\" alt=\"lyuko_04\" src=\"https:\/\/ujkafe.website\/wp-content\/uploads\/2015\/01\/lyuko_04.jpg\" width=\"614\" height=\"410\" srcset=\"https:\/\/ujkafe.website\/wp-content\/uploads\/2015\/01\/lyuko_04.jpg 1024w, https:\/\/ujkafe.website\/wp-content\/uploads\/2015\/01\/lyuko_04-300x200.jpg 300w\" sizes=\"auto, (max-width: 614px) 100vw, 614px\" \/><\/a><\/p>\n","protected":false},"excerpt":{"rendered":"<p>T\u00f6bbsz\u00f6r\u00f6s sajt\u00f3fot\u00f3-d\u00edjas fot\u00f3s \u00e9s multim\u00e9dia k\u00e9sz\u00edt\u0151. Elhivatott dokumentarista fot\u00f3s, tan\u00e1r, szabad\u00fasz\u00f3 fot\u00f3riporter.<\/p>\n","protected":false},"author":3,"featured_media":0,"comment_status":"open","ping_status":"open","sticky":false,"template":"","format":"standard","meta":{"_monsterinsights_skip_tracking":false,"_monsterinsights_sitenote_active":false,"_monsterinsights_sitenote_note":"","_monsterinsights_sitenote_category":0,"ngg_post_thumbnail":0,"footnotes":""},"categories":[5],"tags":[],"class_list":["post-38190","post","type-post","status-publish","format-standard","hentry","category-foto"],"_links":{"self":[{"href":"https:\/\/ujkafe.website\/index.php?rest_route=\/wp\/v2\/posts\/38190","targetHints":{"allow":["GET"]}}],"collection":[{"href":"https:\/\/ujkafe.website\/index.php?rest_route=\/wp\/v2\/posts"}],"about":[{"href":"https:\/\/ujkafe.website\/index.php?rest_route=\/wp\/v2\/types\/post"}],"author":[{"embeddable":true,"href":"https:\/\/ujkafe.website\/index.php?rest_route=\/wp\/v2\/users\/3"}],"replies":[{"embeddable":true,"href":"https:\/\/ujkafe.website\/index.php?rest_route=%2Fwp%2Fv2%2Fcomments&post=38190"}],"version-history":[{"count":0,"href":"https:\/\/ujkafe.website\/index.php?rest_route=\/wp\/v2\/posts\/38190\/revisions"}],"wp:attachment":[{"href":"https:\/\/ujkafe.website\/index.php?rest_route=%2Fwp%2Fv2%2Fmedia&parent=38190"}],"wp:term":[{"taxonomy":"category","embeddable":true,"href":"https:\/\/ujkafe.website\/index.php?rest_route=%2Fwp%2Fv2%2Fcategories&post=38190"},{"taxonomy":"post_tag","embeddable":true,"href":"https:\/\/ujkafe.website\/index.php?rest_route=%2Fwp%2Fv2%2Ftags&post=38190"}],"curies":[{"name":"wp","href":"https:\/\/api.w.org\/{rel}","templated":true}]}}