
{"id":3823,"date":"2010-08-31T17:59:39","date_gmt":"2010-08-31T17:59:39","guid":{"rendered":"https:\/\/ujkafe.website\/?p=3823"},"modified":"2010-08-31T17:59:39","modified_gmt":"2010-08-31T17:59:39","slug":"retro-vita-jo-rossz-stb","status":"publish","type":"post","link":"https:\/\/ujkafe.website\/?p=3823","title":{"rendered":"Retro-vita: J\u00f3, rossz stb."},"content":{"rendered":"<p>Otthon nem haszn\u00e1ltunk cs\u00fanya szavakat. Ezek szerint vannak cs\u00fanya szavak. \u00c9s sz\u00e9p szavak, most nem a Kosztol\u00e1nyi-f\u00e9le f\u00fclolajat \u00e9rtve ez alatt: a sz\u00e9p valamik\u00e9nt a mor\u00e1l szf\u00e9r\u00e1j\u00e1ba cs\u00faszik. Jelent\u0151s am\u00fagy is a cs\u00faszk\u00e1l\u00e1s-bizonytalankod\u00e1s, s\u0151t cs\u00fasztat\u00e1s, s\u0151t. Hazudoz\u00e1s. Hipokr\u00edzis, sz\u00f3val, m\u00e1r bocs, de szar az eg\u00e9sz. J\u00f3k vannak \u00e9s rosszak, rendes-becs\u00fcletes szavak meg f\u00faj, de rond\u00e1k, <!--more-->\u00e9s hogy mi micsoda, azt &#8222;\u00e9n&#8221; mondom meg, hatalmi sz\u00f3val, ilyen egyszer\u0171 a vil\u00e1g, dichot\u00f3mi\u00e1k h\u00e1l\u00f3zata, magam is \u00edgy tanultam. Ekk\u00e9nt szocializ\u00e1l\u00f3dik a gyerek, eur\u00f3pai kult\u00fark\u00f6r, kereszt\u00e9ny k\u00f6z\u00e9poszt\u00e1ly, van n\u00e9mi deklassz\u00e1l\u00f3d\u00e1s ugyan, \u00e1m az csak meglep\u0151en enyh\u00e9n sz\u00f3l bele. Valamelyest belesz\u00f3l, mert az iskol\u00e1ban, m\u00e1r az \u00f3vod\u00e1ban is keveredsz a prolikkal, hurcolod haza \u00e1rtatlan, kerek szemekkel a tanultakat. Az \u00f3v\u00f3n\u00e9ni kurva. \u00c9s l\u00e1tod nagyany\u00e1d hihetetlen elt\u00e1tott sz\u00e1j\u00e1t. Ap\u00e1mt\u00f3l soha k\u00e1romkod\u00e1st nem hallottam. Semmit, teh\u00e1t nulla h\u00fclye meg franc, m\u00e9g fene sem, durv\u00e1bb v\u00e9gk\u00e9pp semmi. Magyar kir\u00e1lyi katonatiszt, a Ludovik\u00e1n v\u00e9gzett, sz\u00e1zadpk. az orosz fronton, partiz\u00e1nvad\u00e1sz, nem folytatom, annyira t\u00fal ker\u00fclt, \u00fagy hiszem, a k\u00e1roml\u00e1son, hogy na. Valamik\u00e9nt mag\u00e1n az Istenen is. Egyszer, csal\u00e1di vacsora alatt, azt mondtam valamire, hogy h\u00fclyes\u00e9g, h\u00e1t az meg\u00e1llt a l\u00e9gt\u00e9rben. Meg\u00e1llt p\u00e9ld\u00e1ul a kan\u00e1l. Kicsit az id\u0151 is, mintha respekt\u00e1lta volna ezt a dolgot az id\u0151, engem respekt\u00e1lt, milyen egy kibaszottul b\u00e1tor gyerek vagyok. Ez a kibaszott, nyilv\u00e1n vili, hogy provok\u00e1ci\u00f3 ebben a sz\u00f6vegben, mondhatn\u00e1m m\u0171v\u00e9szet, pontosan amennyire irodalom \u00e9s nyelvi provok\u00e1ci\u00f3 fedik egym\u00e1st, ki-ki d\u00f6ntse el, belet\u00f6r\u0151dik-e ebbe a heveny defin\u00edci\u00f3ba. J\u00f3, sz\u00f3val semmi sem \u00e1ll meg, a mer\u0151kan\u00e1l is max. megakad egy pillanatra, beleakad a leveg\u0151be, megy minden tov\u00e1bb, picit m\u00e1sk\u00e9pp. \u00daj sz\u00f3, \u00faj helyzet, el\u0151bb csod\u00e1lkozunk, legel\u0151sz\u00f6r \u00e9n, aki mondtam, nem els\u0151sorban azon, hogy mit, ink\u00e1bb hogy hol \u00e9s mikor, kinek, \u00e9s att\u00f3l m\u00e1r vadonat\u00faj a helyzet.<\/p>\n<p>Az irodalom m\u00e1s. Mondhatni. \u00c9let \u00e9s irodalom, az 2 \u00fcgy, nem \u00f6sszekeverend\u0151. A mechanizmus m\u00e9gis meglep\u0151en hasonl\u00edt, igen er\u0151s a szavak t\u00e9rk\u00e9pz\u0151 ereje, ne csod\u00e1lkozz a nyelvv\u00e9d\u0151k\u00f6n, norm\u00e1lis frusztr\u00e1ci\u00f3-kompenz\u00e1l\u00e1s, a ter\u00fcletv\u00e9delem sz\u00e9p, goromba, atavisztikus dolog. Persze, nevetsz rajta, \u00e9s persze magadon nevetsz: de nem \u00e9pp ilyen mulats\u00e1gos, sz\u00e1nalmas is, aki direkt ellenkez\u0151leg mozog? Gorombul: az nem ugyanaz? Egy megold\u00e1s van (no, most megoldok, \u00fagy l\u00e1tszik, valamit), ha beengeded magadba azt, eg\u00e9sz m\u00e9lyre le, amit f\u00f6l k\u00edv\u00e1nsz haszn\u00e1lni. A sz\u00f3t. Majd ott, bel\u00fcl, eld\u00f6nti valami, hogy, t\u00e9nyleg, j\u00f3-e vagy rossz.<\/p>\n<p style=\"text-align: right;\"><strong><em>Kukorelly Endre<br \/>\n<span style=\"font-weight: normal;\"><span style=\"font-style: normal;\"> k\u00f6lt\u0151, \u00edr\u00f3<\/span><\/span><\/em><\/strong><\/p>\n<p style=\"text-align: left;\"><span style=\"font-weight: normal;\"><span style=\"font-style: normal;\"><em><strong>Kor\u00e1bbiak:<\/strong><\/em><\/span><\/span><\/p>\n<p style=\"text-align: left;\"><span style=\"font-weight: normal;\"><span style=\"font-style: normal;\"><a href=\"https:\/\/ujkafe.website\/?p=3810\"><em><strong>Retro-vita: Az igazi obszcenit\u00e1s a v\u00e9res er\u0151szak<\/strong><\/em><\/a><\/span><\/span><\/p>\n<p style=\"text-align: left;\"><span style=\"font-weight: normal;\"><span style=\"font-style: normal;\"><a href=\"https:\/\/ujkafe.website\/?p=3795\"><em><strong>Retro-vita: Szabadsz\u00e1j\u00fas\u00e1g vagy finomkod\u00e1s?<\/strong><\/em><\/a><\/span><\/span><\/p>\n","protected":false},"excerpt":{"rendered":"<p>Otthon nem haszn\u00e1ltunk cs\u00fanya szavakat. Ezek szerint vannak cs\u00fanya szavak. \u00c9s sz\u00e9p szavak, most nem a Kosztol\u00e1nyi-f\u00e9le f\u00fclolajat \u00e9rtve ez alatt: a sz\u00e9p valamik\u00e9nt a mor\u00e1l szf\u00e9r\u00e1j\u00e1ba cs\u00faszik. Jelent\u0151s am\u00fagy is a cs\u00faszk\u00e1l\u00e1s-bizonytalankod\u00e1s, s\u0151t cs\u00fasztat\u00e1s, s\u0151t. Hazudoz\u00e1s. Hipokr\u00edzis, sz\u00f3val, m\u00e1r bocs, de szar az eg\u00e9sz. J\u00f3k vannak \u00e9s rosszak, rendes-becs\u00fcletes szavak meg f\u00faj, de rond\u00e1k,<\/p>\n","protected":false},"author":3,"featured_media":0,"comment_status":"open","ping_status":"open","sticky":false,"template":"","format":"standard","meta":{"_monsterinsights_skip_tracking":false,"_monsterinsights_sitenote_active":false,"_monsterinsights_sitenote_note":"","_monsterinsights_sitenote_category":0,"ngg_post_thumbnail":0,"footnotes":""},"categories":[14,127],"tags":[],"class_list":["post-3823","post","type-post","status-publish","format-standard","hentry","category-a-regi-kafebol","category-vita"],"_links":{"self":[{"href":"https:\/\/ujkafe.website\/index.php?rest_route=\/wp\/v2\/posts\/3823","targetHints":{"allow":["GET"]}}],"collection":[{"href":"https:\/\/ujkafe.website\/index.php?rest_route=\/wp\/v2\/posts"}],"about":[{"href":"https:\/\/ujkafe.website\/index.php?rest_route=\/wp\/v2\/types\/post"}],"author":[{"embeddable":true,"href":"https:\/\/ujkafe.website\/index.php?rest_route=\/wp\/v2\/users\/3"}],"replies":[{"embeddable":true,"href":"https:\/\/ujkafe.website\/index.php?rest_route=%2Fwp%2Fv2%2Fcomments&post=3823"}],"version-history":[{"count":0,"href":"https:\/\/ujkafe.website\/index.php?rest_route=\/wp\/v2\/posts\/3823\/revisions"}],"wp:attachment":[{"href":"https:\/\/ujkafe.website\/index.php?rest_route=%2Fwp%2Fv2%2Fmedia&parent=3823"}],"wp:term":[{"taxonomy":"category","embeddable":true,"href":"https:\/\/ujkafe.website\/index.php?rest_route=%2Fwp%2Fv2%2Fcategories&post=3823"},{"taxonomy":"post_tag","embeddable":true,"href":"https:\/\/ujkafe.website\/index.php?rest_route=%2Fwp%2Fv2%2Ftags&post=3823"}],"curies":[{"name":"wp","href":"https:\/\/api.w.org\/{rel}","templated":true}]}}