
{"id":38237,"date":"2015-01-23T06:54:12","date_gmt":"2015-01-23T06:54:12","guid":{"rendered":"https:\/\/ujkafe.website\/?p=38237"},"modified":"2015-01-23T06:54:12","modified_gmt":"2015-01-23T06:54:12","slug":"sajtofoto-2014-kepriportsorozat-1-dij-csudai-sandor","status":"publish","type":"post","link":"https:\/\/ujkafe.website\/?p=38237","title":{"rendered":"Sajt\u00f3fot\u00f3 2014: K\u00e9priport\/sorozat, 1. d\u00edj &#8211; Csudai S\u00e1ndor"},"content":{"rendered":"<div id=\"attachment_38238\" style=\"width: 624px\" class=\"wp-caption alignnone\"><a href=\"https:\/\/ujkafe.website\/wp-content\/uploads\/2015\/01\/kijevcss_1.jpg\"><img loading=\"lazy\" decoding=\"async\" aria-describedby=\"caption-attachment-38238\" class=\" wp-image-38238\" alt=\"kijevcss_1\" src=\"https:\/\/ujkafe.website\/wp-content\/uploads\/2015\/01\/kijevcss_1.jpg\" width=\"614\" height=\"410\" srcset=\"https:\/\/ujkafe.website\/wp-content\/uploads\/2015\/01\/kijevcss_1.jpg 1024w, https:\/\/ujkafe.website\/wp-content\/uploads\/2015\/01\/kijevcss_1-300x200.jpg 300w\" sizes=\"auto, (max-width: 614px) 100vw, 614px\" \/><\/a><p id=\"caption-attachment-38238\" class=\"wp-caption-text\">H\u00e1bor\u00fa az utc\u00e1n (Kijev, 2014 eleje)<\/p><\/div>\n<p>2009-ben v\u00e9gzett a Pr\u00e1ter f\u00e9nyk\u00e9p\u00e9sz szakiskol\u00e1ban. Gyakorlat\u00e1t m\u0171termekben, st\u00fadi\u00f3kban t\u00f6lt\u00f6tte, majd 2008-t\u00f3l a Magyar H\u00edrlapn\u00e1l\u00a0<!--more--><a href=\"https:\/\/ujkafe.website\/wp-content\/uploads\/2015\/01\/kijevcss_4.jpg\"><img loading=\"lazy\" decoding=\"async\" class=\"alignnone  wp-image-38239\" alt=\"kijevcss_4\" src=\"https:\/\/ujkafe.website\/wp-content\/uploads\/2015\/01\/kijevcss_4.jpg\" width=\"614\" height=\"410\" srcset=\"https:\/\/ujkafe.website\/wp-content\/uploads\/2015\/01\/kijevcss_4.jpg 1024w, https:\/\/ujkafe.website\/wp-content\/uploads\/2015\/01\/kijevcss_4-300x200.jpg 300w\" sizes=\"auto, (max-width: 614px) 100vw, 614px\" \/><\/a> <a href=\"https:\/\/ujkafe.website\/wp-content\/uploads\/2015\/01\/kijevcss_5.jpg\"><img loading=\"lazy\" decoding=\"async\" class=\"alignnone  wp-image-38240\" alt=\"kijevcss_5\" src=\"https:\/\/ujkafe.website\/wp-content\/uploads\/2015\/01\/kijevcss_5.jpg\" width=\"614\" height=\"410\" srcset=\"https:\/\/ujkafe.website\/wp-content\/uploads\/2015\/01\/kijevcss_5.jpg 1024w, https:\/\/ujkafe.website\/wp-content\/uploads\/2015\/01\/kijevcss_5-300x200.jpg 300w\" sizes=\"auto, (max-width: 614px) 100vw, 614px\" \/><\/a> <a href=\"https:\/\/ujkafe.website\/wp-content\/uploads\/2015\/01\/kijevcss_8.jpg\"><img loading=\"lazy\" decoding=\"async\" class=\"alignnone  wp-image-38241\" alt=\"kijevcss_8\" src=\"https:\/\/ujkafe.website\/wp-content\/uploads\/2015\/01\/kijevcss_8.jpg\" width=\"614\" height=\"410\" srcset=\"https:\/\/ujkafe.website\/wp-content\/uploads\/2015\/01\/kijevcss_8.jpg 1024w, https:\/\/ujkafe.website\/wp-content\/uploads\/2015\/01\/kijevcss_8-300x200.jpg 300w\" sizes=\"auto, (max-width: 614px) 100vw, 614px\" \/><\/a> <a href=\"https:\/\/ujkafe.website\/wp-content\/uploads\/2015\/01\/kijevcss_9_0.jpg\"><img loading=\"lazy\" decoding=\"async\" class=\"alignnone  wp-image-38242\" alt=\"kijevcss_9_0\" src=\"https:\/\/ujkafe.website\/wp-content\/uploads\/2015\/01\/kijevcss_9_0.jpg\" width=\"614\" height=\"410\" srcset=\"https:\/\/ujkafe.website\/wp-content\/uploads\/2015\/01\/kijevcss_9_0.jpg 1024w, https:\/\/ujkafe.website\/wp-content\/uploads\/2015\/01\/kijevcss_9_0-300x200.jpg 300w\" sizes=\"auto, (max-width: 614px) 100vw, 614px\" \/><\/a><\/p>\n","protected":false},"excerpt":{"rendered":"<p>2009-ben v\u00e9gzett a Pr\u00e1ter f\u00e9nyk\u00e9p\u00e9sz szakiskol\u00e1ban. Gyakorlat\u00e1t m\u0171termekben, st\u00fadi\u00f3kban t\u00f6lt\u00f6tte, majd 2008-t\u00f3l a Magyar H\u00edrlapn\u00e1l\u00a0<\/p>\n","protected":false},"author":3,"featured_media":0,"comment_status":"open","ping_status":"open","sticky":false,"template":"","format":"standard","meta":{"_monsterinsights_skip_tracking":false,"_monsterinsights_sitenote_active":false,"_monsterinsights_sitenote_note":"","_monsterinsights_sitenote_category":0,"ngg_post_thumbnail":0,"footnotes":""},"categories":[5],"tags":[],"class_list":["post-38237","post","type-post","status-publish","format-standard","hentry","category-foto"],"_links":{"self":[{"href":"https:\/\/ujkafe.website\/index.php?rest_route=\/wp\/v2\/posts\/38237","targetHints":{"allow":["GET"]}}],"collection":[{"href":"https:\/\/ujkafe.website\/index.php?rest_route=\/wp\/v2\/posts"}],"about":[{"href":"https:\/\/ujkafe.website\/index.php?rest_route=\/wp\/v2\/types\/post"}],"author":[{"embeddable":true,"href":"https:\/\/ujkafe.website\/index.php?rest_route=\/wp\/v2\/users\/3"}],"replies":[{"embeddable":true,"href":"https:\/\/ujkafe.website\/index.php?rest_route=%2Fwp%2Fv2%2Fcomments&post=38237"}],"version-history":[{"count":0,"href":"https:\/\/ujkafe.website\/index.php?rest_route=\/wp\/v2\/posts\/38237\/revisions"}],"wp:attachment":[{"href":"https:\/\/ujkafe.website\/index.php?rest_route=%2Fwp%2Fv2%2Fmedia&parent=38237"}],"wp:term":[{"taxonomy":"category","embeddable":true,"href":"https:\/\/ujkafe.website\/index.php?rest_route=%2Fwp%2Fv2%2Fcategories&post=38237"},{"taxonomy":"post_tag","embeddable":true,"href":"https:\/\/ujkafe.website\/index.php?rest_route=%2Fwp%2Fv2%2Ftags&post=38237"}],"curies":[{"name":"wp","href":"https:\/\/api.w.org\/{rel}","templated":true}]}}