
{"id":38345,"date":"2015-01-28T06:31:01","date_gmt":"2015-01-28T06:31:01","guid":{"rendered":"https:\/\/ujkafe.website\/?p=38345"},"modified":"2015-01-28T06:31:01","modified_gmt":"2015-01-28T06:31:01","slug":"sajtofoto-2014-muveszet-sorozat-i-dij-hartanyi-norbert","status":"publish","type":"post","link":"https:\/\/ujkafe.website\/?p=38345","title":{"rendered":"Sajt\u00f3fot\u00f3 2014: m\u0171v\u00e9szet \/sorozat\/ I. d\u00edj &#8211; Hart\u00e1nyi Norbert"},"content":{"rendered":"<div id=\"attachment_38346\" style=\"width: 624px\" class=\"wp-caption alignnone\"><a href=\"https:\/\/ujkafe.website\/wp-content\/uploads\/2015\/01\/koffer-005.jpg\"><img loading=\"lazy\" decoding=\"async\" aria-describedby=\"caption-attachment-38346\" class=\" wp-image-38346\" alt=\"koffer-005\" src=\"https:\/\/ujkafe.website\/wp-content\/uploads\/2015\/01\/koffer-005.jpg\" width=\"614\" height=\"410\" srcset=\"https:\/\/ujkafe.website\/wp-content\/uploads\/2015\/01\/koffer-005.jpg 1024w, https:\/\/ujkafe.website\/wp-content\/uploads\/2015\/01\/koffer-005-300x200.jpg 300w\" sizes=\"auto, (max-width: 614px) 100vw, 614px\" \/><\/a><p id=\"caption-attachment-38346\" class=\"wp-caption-text\">Mr. Franz Koffer * A szerz\u0151 a Magyar H\u00edrlap fot\u00f3riportere 2007 &#8211; 2012 Figyel\u0151, National Geographic, N\u0151k Lapja fot\u00f3riportere 2012 &#8211; szabad\u00fasz\u00f3 fot\u00f3riporter<\/p><\/div>\n<p>Mr. Franz Koffer, alias, K\u0151halmi Ferenc. \u00c9desapja \u00e1lm\u00e1t vitte tov\u00e1bb, aki kispolg\u00e1ri \u00e9let\u00fcket sz\u00ednezte ki apr\u00f3-csepr\u0151 amat\u0151r zseb tr\u00fckk\u00f6kkel. Az otthoni b\u0171v\u00e9szdobozt\u00f3l eljutott a szakma legrangosabb nemzetk\u00f6zi versenyeire, majd t\u00f6bbsz\u00f6r\u00f6sen d\u00edjazott b\u0171v\u00e9sz v\u00e1lt bel\u0151le.<!--more--><a href=\"https:\/\/ujkafe.website\/wp-content\/uploads\/2015\/01\/koffer-003.jpg\"><img loading=\"lazy\" decoding=\"async\" class=\"alignnone  wp-image-38347\" alt=\"koffer-003\" src=\"https:\/\/ujkafe.website\/wp-content\/uploads\/2015\/01\/koffer-003.jpg\" width=\"614\" height=\"410\" srcset=\"https:\/\/ujkafe.website\/wp-content\/uploads\/2015\/01\/koffer-003.jpg 1024w, https:\/\/ujkafe.website\/wp-content\/uploads\/2015\/01\/koffer-003-300x200.jpg 300w\" sizes=\"auto, (max-width: 614px) 100vw, 614px\" \/><\/a> <a href=\"https:\/\/ujkafe.website\/wp-content\/uploads\/2015\/01\/koffer-007.jpg\"><img loading=\"lazy\" decoding=\"async\" class=\"alignnone  wp-image-38348\" alt=\"koffer-007\" src=\"https:\/\/ujkafe.website\/wp-content\/uploads\/2015\/01\/koffer-007.jpg\" width=\"614\" height=\"410\" srcset=\"https:\/\/ujkafe.website\/wp-content\/uploads\/2015\/01\/koffer-007.jpg 1024w, https:\/\/ujkafe.website\/wp-content\/uploads\/2015\/01\/koffer-007-300x200.jpg 300w\" sizes=\"auto, (max-width: 614px) 100vw, 614px\" \/><\/a> <a href=\"https:\/\/ujkafe.website\/wp-content\/uploads\/2015\/01\/koffer-010.jpg\"><img loading=\"lazy\" decoding=\"async\" class=\"alignnone  wp-image-38349\" alt=\"koffer-010\" src=\"https:\/\/ujkafe.website\/wp-content\/uploads\/2015\/01\/koffer-010.jpg\" width=\"614\" height=\"410\" srcset=\"https:\/\/ujkafe.website\/wp-content\/uploads\/2015\/01\/koffer-010.jpg 1024w, https:\/\/ujkafe.website\/wp-content\/uploads\/2015\/01\/koffer-010-300x200.jpg 300w\" sizes=\"auto, (max-width: 614px) 100vw, 614px\" \/><\/a><\/p>\n","protected":false},"excerpt":{"rendered":"<p>Mr. Franz Koffer, alias, K\u0151halmi Ferenc. \u00c9desapja \u00e1lm\u00e1t vitte tov\u00e1bb, aki kispolg\u00e1ri \u00e9let\u00fcket sz\u00ednezte ki apr\u00f3-csepr\u0151 amat\u0151r zseb tr\u00fckk\u00f6kkel. Az otthoni b\u0171v\u00e9szdobozt\u00f3l eljutott a szakma legrangosabb nemzetk\u00f6zi versenyeire, majd t\u00f6bbsz\u00f6r\u00f6sen d\u00edjazott b\u0171v\u00e9sz v\u00e1lt bel\u0151le.<\/p>\n","protected":false},"author":3,"featured_media":0,"comment_status":"open","ping_status":"open","sticky":false,"template":"","format":"standard","meta":{"_monsterinsights_skip_tracking":false,"_monsterinsights_sitenote_active":false,"_monsterinsights_sitenote_note":"","_monsterinsights_sitenote_category":0,"ngg_post_thumbnail":0,"footnotes":""},"categories":[5],"tags":[],"class_list":["post-38345","post","type-post","status-publish","format-standard","hentry","category-foto"],"_links":{"self":[{"href":"https:\/\/ujkafe.website\/index.php?rest_route=\/wp\/v2\/posts\/38345","targetHints":{"allow":["GET"]}}],"collection":[{"href":"https:\/\/ujkafe.website\/index.php?rest_route=\/wp\/v2\/posts"}],"about":[{"href":"https:\/\/ujkafe.website\/index.php?rest_route=\/wp\/v2\/types\/post"}],"author":[{"embeddable":true,"href":"https:\/\/ujkafe.website\/index.php?rest_route=\/wp\/v2\/users\/3"}],"replies":[{"embeddable":true,"href":"https:\/\/ujkafe.website\/index.php?rest_route=%2Fwp%2Fv2%2Fcomments&post=38345"}],"version-history":[{"count":0,"href":"https:\/\/ujkafe.website\/index.php?rest_route=\/wp\/v2\/posts\/38345\/revisions"}],"wp:attachment":[{"href":"https:\/\/ujkafe.website\/index.php?rest_route=%2Fwp%2Fv2%2Fmedia&parent=38345"}],"wp:term":[{"taxonomy":"category","embeddable":true,"href":"https:\/\/ujkafe.website\/index.php?rest_route=%2Fwp%2Fv2%2Fcategories&post=38345"},{"taxonomy":"post_tag","embeddable":true,"href":"https:\/\/ujkafe.website\/index.php?rest_route=%2Fwp%2Fv2%2Ftags&post=38345"}],"curies":[{"name":"wp","href":"https:\/\/api.w.org\/{rel}","templated":true}]}}