
{"id":38405,"date":"2015-01-31T18:02:26","date_gmt":"2015-01-31T18:02:26","guid":{"rendered":"https:\/\/ujkafe.website\/?p=38405"},"modified":"2015-01-31T18:02:26","modified_gmt":"2015-01-31T18:02:26","slug":"h-szabo-sandor-barlangfurdo","status":"publish","type":"post","link":"https:\/\/ujkafe.website\/?p=38405","title":{"rendered":"H. Szab\u00f3 S\u00e1ndor: Barlangf\u00fcrd\u0151"},"content":{"rendered":"<div id=\"attachment_38406\" style=\"width: 627px\" class=\"wp-caption alignnone\"><a href=\"https:\/\/ujkafe.website\/wp-content\/uploads\/2015\/01\/4473-Demjen-Barlangfurdo1.jpg\"><img loading=\"lazy\" decoding=\"async\" aria-describedby=\"caption-attachment-38406\" class=\" wp-image-38406\" alt=\"4473 Demjen Barlangfurdo1\" src=\"https:\/\/ujkafe.website\/wp-content\/uploads\/2015\/01\/4473-Demjen-Barlangfurdo1.jpg\" width=\"617\" height=\"408\" srcset=\"https:\/\/ujkafe.website\/wp-content\/uploads\/2015\/01\/4473-Demjen-Barlangfurdo1.jpg 1028w, https:\/\/ujkafe.website\/wp-content\/uploads\/2015\/01\/4473-Demjen-Barlangfurdo1-300x198.jpg 300w, https:\/\/ujkafe.website\/wp-content\/uploads\/2015\/01\/4473-Demjen-Barlangfurdo1-1024x677.jpg 1024w\" sizes=\"auto, (max-width: 617px) 100vw, 617px\" \/><\/a><p id=\"caption-attachment-38406\" class=\"wp-caption-text\">K\u00f6z\u00e9p-Eur\u00f3pa legnagyobb Barlangf\u00fcrd\u0151je k\u00e9sz\u00fclt el Demj\u00e9nben<\/p><\/div>\n<p><!--more--><a href=\"https:\/\/ujkafe.website\/wp-content\/uploads\/2015\/01\/4470-Demjen-Barlangfurdo2.jpg\"><img loading=\"lazy\" decoding=\"async\" class=\"alignnone  wp-image-38407\" alt=\"4470 Demjen Barlangfurdo2\" src=\"https:\/\/ujkafe.website\/wp-content\/uploads\/2015\/01\/4470-Demjen-Barlangfurdo2.jpg\" width=\"617\" height=\"317\" srcset=\"https:\/\/ujkafe.website\/wp-content\/uploads\/2015\/01\/4470-Demjen-Barlangfurdo2.jpg 1028w, https:\/\/ujkafe.website\/wp-content\/uploads\/2015\/01\/4470-Demjen-Barlangfurdo2-300x154.jpg 300w, https:\/\/ujkafe.website\/wp-content\/uploads\/2015\/01\/4470-Demjen-Barlangfurdo2-1024x525.jpg 1024w\" sizes=\"auto, (max-width: 617px) 100vw, 617px\" \/><\/a> <a href=\"https:\/\/ujkafe.website\/wp-content\/uploads\/2015\/01\/4474-Demjen-Barlangfurdo3.jpg\"><img loading=\"lazy\" decoding=\"async\" class=\"alignnone  wp-image-38408\" alt=\"4474 Demjen Barlangfurdo3\" src=\"https:\/\/ujkafe.website\/wp-content\/uploads\/2015\/01\/4474-Demjen-Barlangfurdo3.jpg\" width=\"617\" height=\"380\" srcset=\"https:\/\/ujkafe.website\/wp-content\/uploads\/2015\/01\/4474-Demjen-Barlangfurdo3.jpg 1028w, https:\/\/ujkafe.website\/wp-content\/uploads\/2015\/01\/4474-Demjen-Barlangfurdo3-300x185.jpg 300w, https:\/\/ujkafe.website\/wp-content\/uploads\/2015\/01\/4474-Demjen-Barlangfurdo3-1024x631.jpg 1024w\" sizes=\"auto, (max-width: 617px) 100vw, 617px\" \/><\/a> <a href=\"https:\/\/ujkafe.website\/wp-content\/uploads\/2015\/01\/4475-Demjen-Barlangfurdo5.jpg\"><img loading=\"lazy\" decoding=\"async\" class=\"alignnone  wp-image-38409\" alt=\"4475 Demjen Barlangfurdo5\" src=\"https:\/\/ujkafe.website\/wp-content\/uploads\/2015\/01\/4475-Demjen-Barlangfurdo5.jpg\" width=\"617\" height=\"425\" srcset=\"https:\/\/ujkafe.website\/wp-content\/uploads\/2015\/01\/4475-Demjen-Barlangfurdo5.jpg 1028w, https:\/\/ujkafe.website\/wp-content\/uploads\/2015\/01\/4475-Demjen-Barlangfurdo5-300x206.jpg 300w, https:\/\/ujkafe.website\/wp-content\/uploads\/2015\/01\/4475-Demjen-Barlangfurdo5-1024x705.jpg 1024w\" sizes=\"auto, (max-width: 617px) 100vw, 617px\" \/><\/a> <a href=\"https:\/\/ujkafe.website\/wp-content\/uploads\/2015\/01\/4485-Demjen-Barlangfurdo4.jpg\"><img loading=\"lazy\" decoding=\"async\" class=\"alignnone  wp-image-38410\" alt=\"4485 Demjen Barlangfurdo4\" src=\"https:\/\/ujkafe.website\/wp-content\/uploads\/2015\/01\/4485-Demjen-Barlangfurdo4.jpg\" width=\"617\" height=\"403\" srcset=\"https:\/\/ujkafe.website\/wp-content\/uploads\/2015\/01\/4485-Demjen-Barlangfurdo4.jpg 1028w, https:\/\/ujkafe.website\/wp-content\/uploads\/2015\/01\/4485-Demjen-Barlangfurdo4-300x196.jpg 300w, https:\/\/ujkafe.website\/wp-content\/uploads\/2015\/01\/4485-Demjen-Barlangfurdo4-1024x669.jpg 1024w\" sizes=\"auto, (max-width: 617px) 100vw, 617px\" \/><\/a><\/p>\n<p><em>A 760 m\u00e9ternyi barlangrendszerben, a \u201ehegybe s\u00fcllyesztett&#8221; \u00a0 24 m\u00e9ter \u00e1tm\u00e9r\u0151j\u0171 cs\u00faszda toronyr\u00f3l 25 m\u00e9ter m\u00e9lys\u00e9gbe lehet lejutni, a 550 m\u00e9ter hossz\u00fa cs\u00faszd\u00e1n. K\u00f6z\u00e9p-Eur\u00f3pa legnagyobb Barlangf\u00fcrd\u0151j\u00e9ben, a k\u00fcl\u00f6nf\u00e9le medenc\u00e9kkel, egy elvar\u00e1zsolt, f\u00f6ldalatti v\u00edzi vil\u00e1got val\u00f3s\u00edtottak meg uni\u00f3s t\u00e1mogat\u00e1ssal.<\/em><\/p>\n","protected":false},"excerpt":{"rendered":"","protected":false},"author":3,"featured_media":0,"comment_status":"open","ping_status":"open","sticky":false,"template":"","format":"standard","meta":{"_monsterinsights_skip_tracking":false,"_monsterinsights_sitenote_active":false,"_monsterinsights_sitenote_note":"","_monsterinsights_sitenote_category":0,"ngg_post_thumbnail":0,"footnotes":""},"categories":[5],"tags":[],"class_list":["post-38405","post","type-post","status-publish","format-standard","hentry","category-foto"],"_links":{"self":[{"href":"https:\/\/ujkafe.website\/index.php?rest_route=\/wp\/v2\/posts\/38405","targetHints":{"allow":["GET"]}}],"collection":[{"href":"https:\/\/ujkafe.website\/index.php?rest_route=\/wp\/v2\/posts"}],"about":[{"href":"https:\/\/ujkafe.website\/index.php?rest_route=\/wp\/v2\/types\/post"}],"author":[{"embeddable":true,"href":"https:\/\/ujkafe.website\/index.php?rest_route=\/wp\/v2\/users\/3"}],"replies":[{"embeddable":true,"href":"https:\/\/ujkafe.website\/index.php?rest_route=%2Fwp%2Fv2%2Fcomments&post=38405"}],"version-history":[{"count":0,"href":"https:\/\/ujkafe.website\/index.php?rest_route=\/wp\/v2\/posts\/38405\/revisions"}],"wp:attachment":[{"href":"https:\/\/ujkafe.website\/index.php?rest_route=%2Fwp%2Fv2%2Fmedia&parent=38405"}],"wp:term":[{"taxonomy":"category","embeddable":true,"href":"https:\/\/ujkafe.website\/index.php?rest_route=%2Fwp%2Fv2%2Fcategories&post=38405"},{"taxonomy":"post_tag","embeddable":true,"href":"https:\/\/ujkafe.website\/index.php?rest_route=%2Fwp%2Fv2%2Ftags&post=38405"}],"curies":[{"name":"wp","href":"https:\/\/api.w.org\/{rel}","templated":true}]}}