
{"id":38474,"date":"2015-02-03T06:45:35","date_gmt":"2015-02-03T06:45:35","guid":{"rendered":"https:\/\/ujkafe.website\/?p=38474"},"modified":"2015-02-03T06:45:35","modified_gmt":"2015-02-03T06:45:35","slug":"mondottkonyv-andrassew-ivan-a-hoher-fiam","status":"publish","type":"post","link":"https:\/\/ujkafe.website\/?p=38474","title":{"rendered":"Mondottk\u00f6nyv: Andrassew Iv\u00e1n: A h\u00f3h\u00e9r fiam"},"content":{"rendered":"<!--[if lt IE 9]><script>document.createElement('audio');<\/script><![endif]-->\n<audio class=\"wp-audio-shortcode\" id=\"audio-38474-1\" preload=\"none\" style=\"width: 100%;\" controls=\"controls\"><source type=\"audio\/mpeg\" src=\"https:\/\/ujkafe.website\/wp-content\/uploads\/2015\/02\/03-A-h\u00f3h\u00e9r-fiam.mp3?_=1\" \/><a href=\"https:\/\/ujkafe.website\/wp-content\/uploads\/2015\/02\/03-A-h\u00f3h\u00e9r-fiam.mp3\">https:\/\/ujkafe.website\/wp-content\/uploads\/2015\/02\/03-A-h\u00f3h\u00e9r-fiam.mp3<\/a><\/audio>\n<p><span style=\"line-height: 1.5em;\">A h\u00f3h\u00e9r fiam tegnap d\u00e9lben hazaj\u00f6tt, elmosogatta a szersz\u00e1mait, azt\u00e1n neki\u00fclt eb\u00e9delni. Nem sz\u00f3ltam semmit, amikor a k\u00f6r\u00f6mszed\u0151 k\u00e9s\u00e9vel hal\u00e1szta ki az ubork\u00e1t az \u00fcvegb\u0151l. Azt is megszoktam t\u0151le, hogy a fogt\u00e9p\u0151 szersz\u00e1maival cib\u00e1lja ki a h\u00fasb\u00f3l a csontokat. M\u00e9g seg\u00e9d kor\u00e1ban szokott hozz\u00e1 az ilyen modortalans\u00e1gokhoz.<!--more--> Akkor ideges\u00edtett f\u00f6l, amikor elmagyar\u00e1zta: rossz m\u00f3dszerrel ,,likvid\u00e1lom&#8221; a csirk\u00e9ket. Ami\u00f3ta mesterszakmunk\u00e1s, azt\u00e1n meg technikus lett, ilyen szavakat haszn\u00e1l. Azt kifogasolta, hogy \u00e9n mindig lesb\u0151l, a verand\u00e1r\u00f3l, egy j\u00f3pofa kis pusk\u00e1val l\u00f6v\u00f6m le a csib\u00e9ket. Tudja, hogy ezt nem a dolog k\u00e9nyelmess\u00e9ge mi\u00e1n teszem \u00edgy, hanem az\u00e9rt, mert utalom a r\u00e9m\u00fcletet az apr\u00f3marh\u00e1k szem\u00e9ben. A sz\u00e1rnyasok k\u00fcl\u00f6n\u00f6sk\u00e9ppen sz\u00e1nalmasak menek\u00fcl\u0151 verg\u0151d\u00e9seikben. Az \u00e9n aranyos h\u00f3h\u00e9r fiacsk\u00e1m azt magyar\u00e1zta teli pof\u00e1val, hogy az \u00e9l\u0151l\u00e9nyeket nem kell sajn\u00e1lni, mert amikor elj\u00f6n a likvid\u00e1las ideje, \u00e9s m\u00f3dunk van arra, hogy &#8222;a sz\u00f6k\u00e9s t\u00e9nyez\u0151j\u00e9t teljess\u00e9ggel kiz\u00e1rjuk&#8221; &#8211; csak az\u00e9rt ker\u00fcli m\u00e1r a &#8222;dezert\u00e1l\u00e1s&#8221; gy\u00f6ny\u00f6r\u0171 kifejezes\u00e9t, mert egyszer elmagyar\u00e1ztam neki, hogy az nem eg\u00e9szen azt jelenti -, sz\u00f3val ha m\u00e1r \u00fagysem tud megsz\u00f6kni az &#8222;\u00e9l\u0151er\u0151&#8221; (ezt is rosszul haszn\u00e1lja, de mindegy), akkor minek a sok cifr\u00e1z\u00e1s, r\u00f6videsen be\u00e1ll a hal\u00e1l, \u00e9s ut\u00e1na \u00fagy sincs semmi, \u00fagy sincs eml\u00e9k. Egyszer\u0171bb, ha elkapom a csirk\u00e9t, kitekerem a nyak\u00e1t, \u00e9s &#8222;a v\u00e9rszennyez\u00e9s kik\u00fcsz\u00f6b\u00f6l\u00e9se v\u00e9gett&#8221; cs\u00f6b\u00f6r f\u00f6l\u00f6tt v\u00e1gom el a tork\u00e1t. Azt\u00e1n arr\u00f3l kezdett lament\u00e1lni, hogy az emberrel sincs m\u00e1sk\u00e9pp, b\u00e1r n\u00e9ha akadnak k\u00f6zt\u00fck egyesek, akik &#8222;probl\u00e9m\u00e1skodnak&#8221;, de v\u00e9g\u00fcl n\u00e9h\u00e1ny perc m\u00falva \u00f6r\u00f6kre abbahagyj\u00e1k az idegesked\u00e9st. Ezen ravaszk\u00e1san vihogott. V\u00e9g\u00fcl annyira viccesnek tal\u00e1lta, amit mondott, hogy hahot\u00e1zni kezdett. A sz\u00e1j\u00e1b\u00f3l kipotyogtak a csibeh\u00fas darabjai, a szeme k\u00f6nnyezett. M\u00f6g\u00e9 ugrottam, \u00e9s a tork\u00e1hoz fesz\u00edtettem a k\u00e9semet. Nem sz\u00f3ltam semmit, csak figyeltem, ahogy megdermed, azt\u00e1n reszketni kezd. Egy perc m\u00falva ny\u00f6sz\u00f6rg\u00e9st, majd buggyog\u00f3 hangokat hallottam. Szag t\u00e1madt, ami minden k\u00e9ts\u00e9get kiz\u00e1rva jelezte, hogy az \u00e9n h\u00f3h\u00e9r fiacsk\u00e1mnak probl\u00e9m\u00e1skodik a z\u00e1r\u00f3izma.<\/span><\/p>\n","protected":false},"excerpt":{"rendered":"<p>A h\u00f3h\u00e9r fiam tegnap d\u00e9lben hazaj\u00f6tt, elmosogatta a szersz\u00e1mait, azt\u00e1n neki\u00fclt eb\u00e9delni. Nem sz\u00f3ltam semmit, amikor a k\u00f6r\u00f6mszed\u0151 k\u00e9s\u00e9vel hal\u00e1szta ki az ubork\u00e1t az \u00fcvegb\u0151l. Azt is megszoktam t\u0151le, hogy a fogt\u00e9p\u0151 szersz\u00e1maival cib\u00e1lja ki a h\u00fasb\u00f3l a csontokat. M\u00e9g seg\u00e9d kor\u00e1ban szokott hozz\u00e1 az ilyen modortalans\u00e1gokhoz.<\/p>\n","protected":false},"author":3,"featured_media":0,"comment_status":"open","ping_status":"open","sticky":false,"template":"","format":"standard","meta":{"_monsterinsights_skip_tracking":false,"_monsterinsights_sitenote_active":false,"_monsterinsights_sitenote_note":"","_monsterinsights_sitenote_category":0,"ngg_post_thumbnail":0,"footnotes":""},"categories":[136,7],"tags":[],"class_list":["post-38474","post","type-post","status-publish","format-standard","hentry","category-hangoskonyv","category-novella"],"_links":{"self":[{"href":"https:\/\/ujkafe.website\/index.php?rest_route=\/wp\/v2\/posts\/38474","targetHints":{"allow":["GET"]}}],"collection":[{"href":"https:\/\/ujkafe.website\/index.php?rest_route=\/wp\/v2\/posts"}],"about":[{"href":"https:\/\/ujkafe.website\/index.php?rest_route=\/wp\/v2\/types\/post"}],"author":[{"embeddable":true,"href":"https:\/\/ujkafe.website\/index.php?rest_route=\/wp\/v2\/users\/3"}],"replies":[{"embeddable":true,"href":"https:\/\/ujkafe.website\/index.php?rest_route=%2Fwp%2Fv2%2Fcomments&post=38474"}],"version-history":[{"count":0,"href":"https:\/\/ujkafe.website\/index.php?rest_route=\/wp\/v2\/posts\/38474\/revisions"}],"wp:attachment":[{"href":"https:\/\/ujkafe.website\/index.php?rest_route=%2Fwp%2Fv2%2Fmedia&parent=38474"}],"wp:term":[{"taxonomy":"category","embeddable":true,"href":"https:\/\/ujkafe.website\/index.php?rest_route=%2Fwp%2Fv2%2Fcategories&post=38474"},{"taxonomy":"post_tag","embeddable":true,"href":"https:\/\/ujkafe.website\/index.php?rest_route=%2Fwp%2Fv2%2Ftags&post=38474"}],"curies":[{"name":"wp","href":"https:\/\/api.w.org\/{rel}","templated":true}]}}