
{"id":3914,"date":"2010-09-02T11:23:23","date_gmt":"2010-09-02T11:23:23","guid":{"rendered":"https:\/\/ujkafe.website\/?p=3914"},"modified":"2010-09-02T11:23:23","modified_gmt":"2010-09-02T11:23:23","slug":"retro-vita-az-irodalom-nem-mindig-a-szeprol-szol","status":"publish","type":"post","link":"https:\/\/ujkafe.website\/?p=3914","title":{"rendered":"Retro-vita: Az irodalom nem mindig a sz\u00e9pr\u0151l sz\u00f3l"},"content":{"rendered":"<p>A finomkod\u00e1s \u00f6nmag\u00e1ban negat\u00edv el\u0151jel\u0171, \u00e9s b\u00e1rmelyik m\u0171v\u00e9szeti \u00e1gban n\u00e9zz\u00fck is, ha az olvas\u00f3 (n\u00e9z\u0151, hallgat\u00f3) megsejti a szerz\u0151i sz\u00e1nd\u00e9kot, miszerint a m\u0171 \u00e9ppen nagyon finom, l\u00e9gies akar lenni, megette az eg\u00e9szet a fene. M\u00e1s k\u00e9rd\u00e9s az: lehet finomnak, k\u00f6nnyednek lenni \u00fagy is, hogy nem l\u00e1tszik az akar\u00e1s \u2013 viszont ez ink\u00e1bb csak a t\u00e9nylegesen jelent\u0151s szerz\u0151knek siker\u00fcl.<!--more--><\/p>\n<p>A finomkod\u00e1s \u00e1ltal\u00e1ban \u00e9ppen az ellent\u00e9tes hat\u00e1st v\u00e1ltja ki, mint amit a szerz\u0151 el akart \u00e9rni: ha valaki k\u00ednosan ker\u00fcli azoknak a szavaknak a haszn\u00e1lat\u00e1t, amelyekre \u00e9ppen sz\u00fcks\u00e9g van, \u00e9s \u2013 mondjuk \u2013 a szerelmi aktus le\u00edr\u00e1s\u00e1b\u00f3l \u00e9ppen a testis\u00e9g hi\u00e1nyzik, akkor majdnem biztos, hogy m\u0171kedvel\u0151 szerz\u0151 m\u0171v\u00e9vel \u00e1llunk szemben. A finomkod\u00e1sra val\u00f3 hajlam pedig oda vezethet\u0151 vissza, hogy \u00e9l m\u00e9g egy olyan elfog\u00e1s, miszerint az irodalom mindig csak a sz\u00e9pr\u0151l (esetleg a szenved\u00e9sr\u0151l) sz\u00f3l, minden egy\u00e9br\u0151l felesleges besz\u00e9lni, mert a durva, vaskosabb dolgok am\u00fagy is ott vannak az \u00e9let\u00fcnkben. \u00c9n viszont ebben nem, ink\u00e1bb abban hiszek, hogy az irodalomnak m\u00e9gis a v\u00e1ltozatos, sokszor l\u00e9gies, sokszor durva \u00e9lethez van k\u00f6ze els\u0151sorban, \u00e9s nem egy idealiz\u00e1lt, egyhang\u00faan r\u00f3zsasz\u00edn vil\u00e1ghoz.<\/p>\n<p style=\"text-align: right;\"><strong><em>S\u00e1ntha Attila<\/em><\/strong><br \/>\nk\u00f6lt\u0151, az Erd\u00e9lyi Magyar \u00cdr\u00f3k Lig\u00e1j\u00e1nak (volt)\u00fcgyvezet\u0151 eln\u00f6ke<\/p>\n<p>Kor\u00e1bbiak:<\/p>\n<p><a href=\"https:\/\/ujkafe.website\/?p=3895\"><strong><em>Retro-vita: Irodalom \u00e9s szabads\u00e1g<\/em><\/strong><\/a><\/p>\n<p><a href=\"https:\/\/ujkafe.website\/?p=3838\"><strong><em>Retro-vita: Egy konkr\u00e9tum<\/em><\/strong><\/a><\/p>\n<p><a href=\"https:\/\/ujkafe.website\/?p=3823\"><strong><em>Retro-vita: J\u00f3, rossz stb.<\/em><\/strong><\/a><\/p>\n<p><a href=\"https:\/\/ujkafe.website\/?p=3810\"><strong><em>Retro-vita: Az igazi obszcenit\u00e1s a v\u00e9res er\u0151szak<\/em><\/strong><\/a><\/p>\n<p><a href=\"https:\/\/ujkafe.website\/?p=3795\"><strong><em>Retro-vita: Szabadsz\u00e1j\u00fas\u00e1g vagy finomkod\u00e1s?<\/em><\/strong><\/a><\/p>\n","protected":false},"excerpt":{"rendered":"<p>A finomkod\u00e1s \u00f6nmag\u00e1ban negat\u00edv el\u0151jel\u0171, \u00e9s b\u00e1rmelyik m\u0171v\u00e9szeti \u00e1gban n\u00e9zz\u00fck is, ha az olvas\u00f3 (n\u00e9z\u0151, hallgat\u00f3) megsejti a szerz\u0151i sz\u00e1nd\u00e9kot, miszerint a m\u0171 \u00e9ppen nagyon finom, l\u00e9gies akar lenni, megette az eg\u00e9szet a fene. M\u00e1s k\u00e9rd\u00e9s az: lehet finomnak, k\u00f6nnyednek lenni \u00fagy is, hogy nem l\u00e1tszik az akar\u00e1s \u2013 viszont ez ink\u00e1bb csak a t\u00e9nylegesen [&hellip;]<\/p>\n","protected":false},"author":3,"featured_media":0,"comment_status":"open","ping_status":"open","sticky":false,"template":"","format":"standard","meta":{"_monsterinsights_skip_tracking":false,"_monsterinsights_sitenote_active":false,"_monsterinsights_sitenote_note":"","_monsterinsights_sitenote_category":0,"ngg_post_thumbnail":0,"footnotes":""},"categories":[14,127],"tags":[],"class_list":["post-3914","post","type-post","status-publish","format-standard","hentry","category-a-regi-kafebol","category-vita"],"_links":{"self":[{"href":"https:\/\/ujkafe.website\/index.php?rest_route=\/wp\/v2\/posts\/3914","targetHints":{"allow":["GET"]}}],"collection":[{"href":"https:\/\/ujkafe.website\/index.php?rest_route=\/wp\/v2\/posts"}],"about":[{"href":"https:\/\/ujkafe.website\/index.php?rest_route=\/wp\/v2\/types\/post"}],"author":[{"embeddable":true,"href":"https:\/\/ujkafe.website\/index.php?rest_route=\/wp\/v2\/users\/3"}],"replies":[{"embeddable":true,"href":"https:\/\/ujkafe.website\/index.php?rest_route=%2Fwp%2Fv2%2Fcomments&post=3914"}],"version-history":[{"count":0,"href":"https:\/\/ujkafe.website\/index.php?rest_route=\/wp\/v2\/posts\/3914\/revisions"}],"wp:attachment":[{"href":"https:\/\/ujkafe.website\/index.php?rest_route=%2Fwp%2Fv2%2Fmedia&parent=3914"}],"wp:term":[{"taxonomy":"category","embeddable":true,"href":"https:\/\/ujkafe.website\/index.php?rest_route=%2Fwp%2Fv2%2Fcategories&post=3914"},{"taxonomy":"post_tag","embeddable":true,"href":"https:\/\/ujkafe.website\/index.php?rest_route=%2Fwp%2Fv2%2Ftags&post=3914"}],"curies":[{"name":"wp","href":"https:\/\/api.w.org\/{rel}","templated":true}]}}