
{"id":4239,"date":"2010-09-17T06:55:45","date_gmt":"2010-09-17T06:55:45","guid":{"rendered":"https:\/\/ujkafe.website\/?p=4239"},"modified":"2010-09-17T06:55:45","modified_gmt":"2010-09-17T06:55:45","slug":"retro-vita-az-akademiat","status":"publish","type":"post","link":"https:\/\/ujkafe.website\/?p=4239","title":{"rendered":"Retro-vita: &#8230;az Akad\u00e9mi\u00e1t?"},"content":{"rendered":"<p>A finomkod\u00e1sr\u00f3l, a vulgarizmusr\u00f3l \u00e9sat\u00f6bbi: \u00e9nszerintem ez egy hamv\u00e1ba holt vita, vulgarit\u00e1son \u00e1ltal\u00e1ban az obszcenit\u00e1st \u00e9rtj\u00fck &#8211; ami faszt sem jelent. Vulg\u00e1ris lehet egy \u00e9rtelmez\u00e9s, egy p\u00e1r(huzamos-)besz\u00e9lget\u00e9s, f\u00e1jdalmas lehet egy helyes\u00edr\u00e1si hiba, az viszont hazugs\u00e1g, ha valaki \u00fagy &#8222;\u00e1br\u00e1zolja&#8221;, &#8222;\u00edrja le&#8221;, &#8222;l\u00e9nyeg\u00edti \u00e1t&#8221; az aktu\u00e1l cuccot, ahogyan az a b\u00fcd\u00f6s \u00e9letben nem az. <!--more-->Nem a realizmus mellett \u00e1g\u00e1lkodom, dunsztom sincs a kett\u0151s n\u0151s szexr\u0151l. Viszont tudom, tapasztalat, hogy a k\u00f6lkek iszonyatosan tr\u00e1g\u00e1rul besz\u00e9lnek &#8211; ez az \u00e9gvil\u00e1gon nem jelent semmit. Az viszont igen, hogy a &#8222;h\u00fcjje&#8221; \u00e9s a &#8222;picsa fasz \u00f6szebasz&#8221; falfirk\u00e1k a tan\u00e1raikr\u00f3l \u00f6l\u00e9g sokat mondanak. Nem besz\u00e9lve az olvas\u00e1s\u00e1r\u00f3l: ha nem olvast\u00e1k le\u00edrva, honnan a b\u00fab\u00e1nantb\u00f3l lenne \u00edr\u00e1sk\u00e9p\u00fck ezekr\u0151l? Vegy\u00fck el\u0151 az Akad\u00e9mi\u00e1t? Fuck Ing?<\/p>\n<p style=\"text-align: right;\"><strong><em>Demeter Szil\u00e1rd<\/em><\/strong><\/p>\n<p>Kor\u00e1bbiak:<\/p>\n<p><a href=\"https:\/\/ujkafe.website\/?p=4204\"><strong><em>Retro-vita: Spont\u00e1n gondolat<\/em><\/strong><\/a><\/p>\n<p><a href=\" https:\/\/ujkafe.website\/?p=4170\"><strong><em>Retro-vita: Ha neked az an\u00e1lis t\u00fal lok\u00e1lis<\/em><\/strong><\/a><\/p>\n<p><a href=\" https:\/\/ujkafe.website\/?p=4101\"><strong><em>Retro-vita: H\u00e1ny l\u00f3fasz teszi a finomlelk\u0171 \u00edr\u00f3t?<\/em><\/strong><\/a><\/p>\n<p><a href=\"https:\/\/ujkafe.website\/?p=4051\"><strong><em>Retro-vita: Nyolcvan procent<\/em><\/strong><\/a><\/p>\n<p><a href=\"https:\/\/ujkafe.website\/?p=4001\"><strong><em>Retro-vita: A sz\u00f3t\u00e1r teli van mindenf\u00e9l\u00e9vel&#8230;<\/em><\/strong><\/a><\/p>\n<p><a href=\"https:\/\/ujkafe.website\/?p=3975\"><strong><em>Retro-vita: Mikor \u00e9s mi\u00e9rt (ne)?<\/em><\/strong><\/a><\/p>\n<p><a href=\"https:\/\/ujkafe.website\/?p=3957\"><strong><em>Retro-vita: Rendhagy\u00f3 &#8222;Nyelv \u00e9s \u00e9let&#8221;<\/em><\/strong><\/a><\/p>\n<p><a href=\"https:\/\/ujkafe.website\/?p=3926\"><strong><em>Retro-vita: A dolgok n\u00e9ven nevez\u00e9s\u00e9r\u0151l<\/em><\/strong><\/a><\/p>\n<p><a href=\"https:\/\/ujkafe.website\/?p=3914\"><strong><em>Retro-vita: Az irodalom nem mindig a sz\u00e9pr\u0151l sz\u00f3l<\/em><\/strong><\/a><\/p>\n<p><a href=\"https:\/\/ujkafe.website\/?p=3895\"><strong><em>Retro-vita: Irodalom \u00e9s szabads\u00e1g<\/em><\/strong><\/a><\/p>\n<p><a href=\"https:\/\/ujkafe.website\/?p=3838\"><strong><em>Retro-vita: Egy konkr\u00e9tum<\/em><\/strong><\/a><\/p>\n<p><a href=\"https:\/\/ujkafe.website\/?p=3823\"><strong><em>Retro-vita: J\u00f3, rossz stb.<\/em><\/strong><\/a><\/p>\n<p><a href=\"https:\/\/ujkafe.website\/?p=3810\"><strong><em>Retro-vita: Az igazi obszcenit\u00e1s a v\u00e9res er\u0151szak<\/em><\/strong><\/a><\/p>\n<p><a href=\"https:\/\/ujkafe.website\/?p=3795\"><strong><em>Retro-vita: Szabadsz\u00e1j\u00fas\u00e1g vagy finomkod\u00e1s?<\/em><\/strong><\/a><\/p>\n","protected":false},"excerpt":{"rendered":"<p>A finomkod\u00e1sr\u00f3l, a vulgarizmusr\u00f3l \u00e9sat\u00f6bbi: \u00e9nszerintem ez egy hamv\u00e1ba holt vita, vulgarit\u00e1son \u00e1ltal\u00e1ban az obszcenit\u00e1st \u00e9rtj\u00fck &#8211; ami faszt sem jelent. Vulg\u00e1ris lehet egy \u00e9rtelmez\u00e9s, egy p\u00e1r(huzamos-)besz\u00e9lget\u00e9s, f\u00e1jdalmas lehet egy helyes\u00edr\u00e1si hiba, az viszont hazugs\u00e1g, ha valaki \u00fagy &#8222;\u00e1br\u00e1zolja&#8221;, &#8222;\u00edrja le&#8221;, &#8222;l\u00e9nyeg\u00edti \u00e1t&#8221; az aktu\u00e1l cuccot, ahogyan az a b\u00fcd\u00f6s \u00e9letben nem az.<\/p>\n","protected":false},"author":3,"featured_media":0,"comment_status":"open","ping_status":"open","sticky":false,"template":"","format":"standard","meta":{"_monsterinsights_skip_tracking":false,"_monsterinsights_sitenote_active":false,"_monsterinsights_sitenote_note":"","_monsterinsights_sitenote_category":0,"ngg_post_thumbnail":0,"footnotes":""},"categories":[14,127],"tags":[],"class_list":["post-4239","post","type-post","status-publish","format-standard","hentry","category-a-regi-kafebol","category-vita"],"_links":{"self":[{"href":"https:\/\/ujkafe.website\/index.php?rest_route=\/wp\/v2\/posts\/4239","targetHints":{"allow":["GET"]}}],"collection":[{"href":"https:\/\/ujkafe.website\/index.php?rest_route=\/wp\/v2\/posts"}],"about":[{"href":"https:\/\/ujkafe.website\/index.php?rest_route=\/wp\/v2\/types\/post"}],"author":[{"embeddable":true,"href":"https:\/\/ujkafe.website\/index.php?rest_route=\/wp\/v2\/users\/3"}],"replies":[{"embeddable":true,"href":"https:\/\/ujkafe.website\/index.php?rest_route=%2Fwp%2Fv2%2Fcomments&post=4239"}],"version-history":[{"count":0,"href":"https:\/\/ujkafe.website\/index.php?rest_route=\/wp\/v2\/posts\/4239\/revisions"}],"wp:attachment":[{"href":"https:\/\/ujkafe.website\/index.php?rest_route=%2Fwp%2Fv2%2Fmedia&parent=4239"}],"wp:term":[{"taxonomy":"category","embeddable":true,"href":"https:\/\/ujkafe.website\/index.php?rest_route=%2Fwp%2Fv2%2Fcategories&post=4239"},{"taxonomy":"post_tag","embeddable":true,"href":"https:\/\/ujkafe.website\/index.php?rest_route=%2Fwp%2Fv2%2Ftags&post=4239"}],"curies":[{"name":"wp","href":"https:\/\/api.w.org\/{rel}","templated":true}]}}