
{"id":4256,"date":"2010-09-18T09:47:42","date_gmt":"2010-09-18T09:47:42","guid":{"rendered":"https:\/\/ujkafe.website\/?p=4256"},"modified":"2010-09-18T09:47:42","modified_gmt":"2010-09-18T09:47:42","slug":"retro-vita-fragmentalunk","status":"publish","type":"post","link":"https:\/\/ujkafe.website\/?p=4256","title":{"rendered":"Retro-vita: Fragment\u00e1lunk?"},"content":{"rendered":"<p>\u00c9n azt elfogadom, hogy a Demeter Szil\u00e1rd \u00e1ltal eml\u00edtett &#8222;k\u00f6lk\u00f6k&#8221;, a &#8222;b\u00fcd\u00f6s \u00e9let&#8221; oldal\u00e1r\u00f3l ez a vita &#8222;hamv\u00e1ba holt&#8221;. Viszont l\u00e9tezik m\u00e9g legal\u00e1bb egy oldala a dolognak: a Szonda Szabolcs szempontja, vagyis az\u00e9 a szerkeszt\u0151\u00e9, aki naponta (hetente, hiszen konkr\u00e9tan a Sz\u00ednk\u00e9pr\u0151l van sz\u00f3) ezzel a probl\u00e9m\u00e1val k\u00fczd.<!--more--> Mert van egy konzervat\u00edv k\u00f6z\u00f6ns\u00e9ge, mely nem fogad el m\u00e1st, mint amit megszokott. Mert a kommunista sajt\u00f3 pr\u00fcd\u00e9ri\u00e1j\u00e1nak a hagyom\u00e1nya tov\u00e1bb\u00e9l, keresztez\u0151dik az egyh\u00e1zi tilt\u00e1sokkal, stb. Viszont ez a r\u00e9teg v\u00e1s\u00e1rolja a Rom\u00e1niai Magyar Sz\u00f3t, a megyei lapokat. Ezek a szempontok fragment\u00e1lj\u00e1k az erd\u00e9lyi magyar irodalmat, mely ezek szerint \u00e1ll napilapirodalomb\u00f3l, havilapirodalomb\u00f3l, Magyarorsz\u00e1gon k\u00f6z\u00f6lt erd\u00e9lyi magyar irodalomb\u00f3l, stb.<\/p>\n<p style=\"text-align: right;\"><strong><em>Gergely Tam\u00e1s<\/em><\/strong><\/p>\n<p>Kor\u00e1bbiak:<\/p>\n<p><strong><em><a href=\"https:\/\/ujkafe.website\/?p=4239\">Retro-vita: &#8230;az Akad\u00e9mi\u00e1t?<\/a><\/em><\/strong><\/p>\n<p><a href=\"https:\/\/ujkafe.website\/?p=4204\"><strong><em>Retro-vita: Spont\u00e1n gondolat<\/em><\/strong><\/a><\/p>\n<p><a href=\" https:\/\/ujkafe.website\/?p=4170\"><strong><em>Retro-vita: Ha neked az an\u00e1lis t\u00fal lok\u00e1lis<\/em><\/strong><\/a><\/p>\n<p><a href=\" https:\/\/ujkafe.website\/?p=4101\"><strong><em>Retro-vita: H\u00e1ny l\u00f3fasz teszi a finomlelk\u0171 \u00edr\u00f3t?<\/em><\/strong><\/a><\/p>\n<p><a href=\"https:\/\/ujkafe.website\/?p=4051\"><strong><em>Retro-vita: Nyolcvan procent<\/em><\/strong><\/a><\/p>\n<p><a href=\"https:\/\/ujkafe.website\/?p=4001\"><strong><em>Retro-vita: A sz\u00f3t\u00e1r teli van mindenf\u00e9l\u00e9vel&#8230;<\/em><\/strong><\/a><\/p>\n<p><a href=\"https:\/\/ujkafe.website\/?p=3975\"><strong><em>Retro-vita: Mikor \u00e9s mi\u00e9rt (ne)?<\/em><\/strong><\/a><\/p>\n<p><a href=\"https:\/\/ujkafe.website\/?p=3957\"><strong><em>Retro-vita: Rendhagy\u00f3 &#8222;Nyelv \u00e9s \u00e9let&#8221;<\/em><\/strong><\/a><\/p>\n<p><a href=\"https:\/\/ujkafe.website\/?p=3926\"><strong><em>Retro-vita: A dolgok n\u00e9ven nevez\u00e9s\u00e9r\u0151l<\/em><\/strong><\/a><\/p>\n<p><a href=\"https:\/\/ujkafe.website\/?p=3914\"><strong><em>Retro-vita: Az irodalom nem mindig a sz\u00e9pr\u0151l sz\u00f3l<\/em><\/strong><\/a><\/p>\n<p><a href=\"https:\/\/ujkafe.website\/?p=3895\"><strong><em>Retro-vita: Irodalom \u00e9s szabads\u00e1g<\/em><\/strong><\/a><\/p>\n<p><a href=\"https:\/\/ujkafe.website\/?p=3838\"><strong><em>Retro-vita: Egy konkr\u00e9tum<\/em><\/strong><\/a><\/p>\n<p><a href=\"https:\/\/ujkafe.website\/?p=3823\"><strong><em>Retro-vita: J\u00f3, rossz stb.<\/em><\/strong><\/a><\/p>\n<p><a href=\"https:\/\/ujkafe.website\/?p=3810\"><strong><em>Retro-vita: Az igazi obszcenit\u00e1s a v\u00e9res er\u0151szak<\/em><\/strong><\/a><\/p>\n<p><a href=\"https:\/\/ujkafe.website\/?p=3795\"><strong><em>Retro-vita: Szabadsz\u00e1j\u00fas\u00e1g vagy finomkod\u00e1s?<\/em><\/strong><\/a><\/p>\n","protected":false},"excerpt":{"rendered":"<p>\u00c9n azt elfogadom, hogy a Demeter Szil\u00e1rd \u00e1ltal eml\u00edtett &#8222;k\u00f6lk\u00f6k&#8221;, a &#8222;b\u00fcd\u00f6s \u00e9let&#8221; oldal\u00e1r\u00f3l ez a vita &#8222;hamv\u00e1ba holt&#8221;. Viszont l\u00e9tezik m\u00e9g legal\u00e1bb egy oldala a dolognak: a Szonda Szabolcs szempontja, vagyis az\u00e9 a szerkeszt\u0151\u00e9, aki naponta (hetente, hiszen konkr\u00e9tan a Sz\u00ednk\u00e9pr\u0151l van sz\u00f3) ezzel a probl\u00e9m\u00e1val k\u00fczd.<\/p>\n","protected":false},"author":3,"featured_media":0,"comment_status":"open","ping_status":"open","sticky":false,"template":"","format":"standard","meta":{"_monsterinsights_skip_tracking":false,"_monsterinsights_sitenote_active":false,"_monsterinsights_sitenote_note":"","_monsterinsights_sitenote_category":0,"ngg_post_thumbnail":0,"footnotes":""},"categories":[14,127],"tags":[],"class_list":["post-4256","post","type-post","status-publish","format-standard","hentry","category-a-regi-kafebol","category-vita"],"_links":{"self":[{"href":"https:\/\/ujkafe.website\/index.php?rest_route=\/wp\/v2\/posts\/4256","targetHints":{"allow":["GET"]}}],"collection":[{"href":"https:\/\/ujkafe.website\/index.php?rest_route=\/wp\/v2\/posts"}],"about":[{"href":"https:\/\/ujkafe.website\/index.php?rest_route=\/wp\/v2\/types\/post"}],"author":[{"embeddable":true,"href":"https:\/\/ujkafe.website\/index.php?rest_route=\/wp\/v2\/users\/3"}],"replies":[{"embeddable":true,"href":"https:\/\/ujkafe.website\/index.php?rest_route=%2Fwp%2Fv2%2Fcomments&post=4256"}],"version-history":[{"count":0,"href":"https:\/\/ujkafe.website\/index.php?rest_route=\/wp\/v2\/posts\/4256\/revisions"}],"wp:attachment":[{"href":"https:\/\/ujkafe.website\/index.php?rest_route=%2Fwp%2Fv2%2Fmedia&parent=4256"}],"wp:term":[{"taxonomy":"category","embeddable":true,"href":"https:\/\/ujkafe.website\/index.php?rest_route=%2Fwp%2Fv2%2Fcategories&post=4256"},{"taxonomy":"post_tag","embeddable":true,"href":"https:\/\/ujkafe.website\/index.php?rest_route=%2Fwp%2Fv2%2Ftags&post=4256"}],"curies":[{"name":"wp","href":"https:\/\/api.w.org\/{rel}","templated":true}]}}