
{"id":4341,"date":"2010-09-21T05:44:34","date_gmt":"2010-09-21T05:44:34","guid":{"rendered":"https:\/\/ujkafe.website\/?p=4341"},"modified":"2010-09-21T05:44:34","modified_gmt":"2010-09-21T05:44:34","slug":"retro-vita-ribillio-a-korunknal","status":"publish","type":"post","link":"https:\/\/ujkafe.website\/?p=4341","title":{"rendered":"Retro-vita: Ribilli\u00f3 a Korunkn\u00e1l"},"content":{"rendered":"<p>Most veszem \u00e9szre, hogy a &#8222;mai magyar irodalom&#8221; ink\u00e1bb az oktat\u00e1sban haszn\u00e1lhat\u00f3 gy\u00fbjt\u00f5fogalom. Mert vannak \u00f5szinte \u00edr\u00f3k \u00e9s vannak finomkod\u00f3 \u00edr\u00f3k. Most \u00e9s mindig. That is all.<\/p>\n<p>K\u00fcl\u00f6nben egy r\u00e9gi-r\u00e9gi t\u00f6rt\u00e9net jut eszembe az \u00f5szintes\u00e9gr\u00f5l az irodalomban. Volt egyszer hol nem volt, volt egy rom\u00e1niai magyar irodalom, <!--more-->s a hatvanas \u00e9vek derek\u00e1n n\u00e9h\u00e1ny k\u00f6lt\u00f5 &#8211; Szisz? Hervay? meg m\u00e9g egy-k\u00e9t n\u00e9v &#8211; csokorban jelent meg a Korunkban. \u00dagynevezett kopfot \u00edrtam ehhez a t\u00f6bb\u00e9-kev\u00e9sb\u00e9 deb\u00fcth\u00f6z, s abban hogy-hogy nem el\u00f5fordult valami olyasmi, hogy ezek a fiatal k\u00f6lt\u00f5k \u00f5szint\u00e9k&#8230; Nosza t\u00e1madt nagy ribilli\u00f3! Boldogult Nagy Istv\u00e1n fel is f\u00e1radt a szerkeszt\u00f5s\u00e9gbe, s el\u00e9g inger\u00fclten k\u00e9rdezte, hogy akkor mindenki m\u00e1s nem \u00f5szinte?!!! Hogy \u00e9rts\u00fck ezt?!!!<\/p>\n<p>Most m\u00e1r tudom, amit akkor lehet, hogy igen, lehet hogy nem: \u00f6nmag\u00e1ban az \u00f5szintes\u00e9g nem eszt\u00e9tikai \u00e9rt\u00e9k, mindig akkor ker\u00fcl sz\u00f3ba, amikor voltak\u00e9pp m\u00e1sr\u00f3l van sz\u00f3.<\/p>\n<p style=\"text-align: right;\"><strong><em>Szil\u00e1gyi J\u00falia<\/em><\/strong><\/p>\n<p>Kor\u00e1bbiak:<\/p>\n<p><a href=\"https:\/\/ujkafe.website\/?p=4306\"><strong><em>Retro-vita: Hogy besz\u00e9lne egy katona?<\/em><\/strong><\/a><\/p>\n<p><a href=\"https:\/\/ujkafe.website\/?p=4256\"><strong><em>Retro-vita: Fragment\u00e1lunk?<\/em><\/strong><\/a><\/p>\n<p><a href=\"https:\/\/ujkafe.website\/?p=4239\"><strong><em>Retro-vita: &#8230;az Akad\u00e9mi\u00e1t?<\/em><\/strong><\/a><\/p>\n<p><a href=\"https:\/\/ujkafe.website\/?p=4204\"><strong><em>Retro-vita: Spont\u00e1n gondolat<\/em><\/strong><\/a><\/p>\n<p><a href=\" https:\/\/ujkafe.website\/?p=4170\"><strong><em>Retro-vita: Ha neked az an\u00e1lis t\u00fal lok\u00e1lis<\/em><\/strong><\/a><\/p>\n<p><a href=\" https:\/\/ujkafe.website\/?p=4101\"><strong><em>Retro-vita: H\u00e1ny l\u00f3fasz teszi a finomlelk\u0171 \u00edr\u00f3t?<\/em><\/strong><\/a><\/p>\n<p><a href=\"https:\/\/ujkafe.website\/?p=4051\"><strong><em>Retro-vita: Nyolcvan procent<\/em><\/strong><\/a><\/p>\n<p><a href=\"https:\/\/ujkafe.website\/?p=4001\"><strong><em>Retro-vita: A sz\u00f3t\u00e1r teli van mindenf\u00e9l\u00e9vel&#8230;<\/em><\/strong><\/a><\/p>\n<p><a href=\"https:\/\/ujkafe.website\/?p=3975\"><strong><em>Retro-vita: Mikor \u00e9s mi\u00e9rt (ne)?<\/em><\/strong><\/a><\/p>\n<p><a href=\"https:\/\/ujkafe.website\/?p=3957\"><strong><em>Retro-vita: Rendhagy\u00f3 &#8222;Nyelv \u00e9s \u00e9let&#8221;<\/em><\/strong><\/a><\/p>\n<p><a href=\"https:\/\/ujkafe.website\/?p=3926\"><strong><em>Retro-vita: A dolgok n\u00e9ven nevez\u00e9s\u00e9r\u0151l<\/em><\/strong><\/a><\/p>\n<p><a href=\"https:\/\/ujkafe.website\/?p=3914\"><strong><em>Retro-vita: Az irodalom nem mindig a sz\u00e9pr\u0151l sz\u00f3l<\/em><\/strong><\/a><\/p>\n<p><a href=\"https:\/\/ujkafe.website\/?p=3895\"><strong><em>Retro-vita: Irodalom \u00e9s szabads\u00e1g<\/em><\/strong><\/a><\/p>\n<p><a href=\"https:\/\/ujkafe.website\/?p=3838\"><strong><em>Retro-vita: Egy konkr\u00e9tum<\/em><\/strong><\/a><\/p>\n<p><a href=\"https:\/\/ujkafe.website\/?p=3823\"><strong><em>Retro-vita: J\u00f3, rossz stb.<\/em><\/strong><\/a><\/p>\n<p><a href=\"https:\/\/ujkafe.website\/?p=3810\"><strong><em>Retro-vita: Az igazi obszcenit\u00e1s a v\u00e9res er\u0151szak<\/em><\/strong><\/a><\/p>\n<p><a href=\"https:\/\/ujkafe.website\/?p=3795\"><strong><em>Retro-vita: Szabadsz\u00e1j\u00fas\u00e1g vagy finomkod\u00e1s?<\/em><\/strong><\/a><\/p>\n","protected":false},"excerpt":{"rendered":"<p>Most veszem \u00e9szre, hogy a &#8222;mai magyar irodalom&#8221; ink\u00e1bb az oktat\u00e1sban haszn\u00e1lhat\u00f3 gy\u00fbjt\u00f5fogalom. Mert vannak \u00f5szinte \u00edr\u00f3k \u00e9s vannak finomkod\u00f3 \u00edr\u00f3k. Most \u00e9s mindig. That is all. K\u00fcl\u00f6nben egy r\u00e9gi-r\u00e9gi t\u00f6rt\u00e9net jut eszembe az \u00f5szintes\u00e9gr\u00f5l az irodalomban. Volt egyszer hol nem volt, volt egy rom\u00e1niai magyar irodalom,<\/p>\n","protected":false},"author":3,"featured_media":0,"comment_status":"open","ping_status":"open","sticky":false,"template":"","format":"standard","meta":{"_monsterinsights_skip_tracking":false,"_monsterinsights_sitenote_active":false,"_monsterinsights_sitenote_note":"","_monsterinsights_sitenote_category":0,"ngg_post_thumbnail":0,"footnotes":""},"categories":[14,127],"tags":[],"class_list":["post-4341","post","type-post","status-publish","format-standard","hentry","category-a-regi-kafebol","category-vita"],"_links":{"self":[{"href":"https:\/\/ujkafe.website\/index.php?rest_route=\/wp\/v2\/posts\/4341","targetHints":{"allow":["GET"]}}],"collection":[{"href":"https:\/\/ujkafe.website\/index.php?rest_route=\/wp\/v2\/posts"}],"about":[{"href":"https:\/\/ujkafe.website\/index.php?rest_route=\/wp\/v2\/types\/post"}],"author":[{"embeddable":true,"href":"https:\/\/ujkafe.website\/index.php?rest_route=\/wp\/v2\/users\/3"}],"replies":[{"embeddable":true,"href":"https:\/\/ujkafe.website\/index.php?rest_route=%2Fwp%2Fv2%2Fcomments&post=4341"}],"version-history":[{"count":0,"href":"https:\/\/ujkafe.website\/index.php?rest_route=\/wp\/v2\/posts\/4341\/revisions"}],"wp:attachment":[{"href":"https:\/\/ujkafe.website\/index.php?rest_route=%2Fwp%2Fv2%2Fmedia&parent=4341"}],"wp:term":[{"taxonomy":"category","embeddable":true,"href":"https:\/\/ujkafe.website\/index.php?rest_route=%2Fwp%2Fv2%2Fcategories&post=4341"},{"taxonomy":"post_tag","embeddable":true,"href":"https:\/\/ujkafe.website\/index.php?rest_route=%2Fwp%2Fv2%2Ftags&post=4341"}],"curies":[{"name":"wp","href":"https:\/\/api.w.org\/{rel}","templated":true}]}}