
{"id":43771,"date":"2015-08-18T18:14:49","date_gmt":"2015-08-18T18:14:49","guid":{"rendered":"https:\/\/ujkafe.website\/?p=43771"},"modified":"2015-08-18T18:16:54","modified_gmt":"2015-08-18T18:16:54","slug":"dancs-artur-nymans-birtok-es-kert","status":"publish","type":"post","link":"https:\/\/ujkafe.website\/?p=43771","title":{"rendered":"Dancs Artur: Nymans birtok \u00e9s kert"},"content":{"rendered":"<div id=\"attachment_43772\" style=\"width: 643px\" class=\"wp-caption alignnone\"><a href=\"https:\/\/ujkafe.website\/wp-content\/uploads\/2015\/08\/kert.jpg\"><img loading=\"lazy\" decoding=\"async\" aria-describedby=\"caption-attachment-43772\" class=\" wp-image-43772\" alt=\"kert\" src=\"https:\/\/ujkafe.website\/wp-content\/uploads\/2015\/08\/kert.jpg\" width=\"633\" height=\"423\" srcset=\"https:\/\/ujkafe.website\/wp-content\/uploads\/2015\/08\/kert.jpg 904w, https:\/\/ujkafe.website\/wp-content\/uploads\/2015\/08\/kert-300x200.jpg 300w\" sizes=\"auto, (max-width: 633px) 100vw, 633px\" \/><\/a><p id=\"caption-attachment-43772\" class=\"wp-caption-text\">M\u00e9g t\u00f6bb fot\u00f3 a neves angliai kertr\u0151l:<br \/><a href=\"https:\/\/www.facebook.com\/media\/set\/?set=a.135327900141292.1073741841.100407700299979&amp;type=3\">https:\/\/www.facebook.com\/media\/set\/?set=a.135327900141292.1073741841.100407700299979&amp;type=3<\/a><\/p><\/div>\n<p>Ludwig Messel, n\u00e9met sz\u00e1rmaz\u00e1s\u00fa f\u00f6ldbirtokos v\u00e1s\u00e1rolta meg a d\u00e9l-angliai Nymans birtokot, \u00e9s tette otthon\u00e1v\u00e1 a mesebeli kast\u00e9lyt, ahol mozgalmas t\u00e1rsadalmi \u00e9letet \u00e9ltek, bar\u00e1taikat \u00e9s csal\u00e1dtagjaikat l\u00e1tt\u00e1k vend\u00e9g\u00fcl az 1800-as \u00e9vek v\u00e9ge fel\u00e9 \u00e9s a sz\u00e1zadfordul\u00f3n. <!--more-->A term\u00e9szetbar\u00e1t h\u00e1zigazda vil\u00e1gutaz\u00e1sai sor\u00e1n a minden \u00e9gt\u00e1jr\u00f3l hozott n\u00f6v\u00e9nyk\u00fcl\u00f6nlegess\u00e9gekkel gazdag\u00edtotta kertj\u00e9t, amib\u0151l mai napig nagyon sok faj fennmaradt \u00e9s virul. A h\u00e1bor\u00fa idej\u00e9n t\u0171zv\u00e9sz puszt\u00edtotta el a h\u00e1z egy r\u00e9sz\u00e9t \u00e9s az akkori megszor\u00edt\u00e1sok miatt tilos volt a fel\u00faj\u00edt\u00e1s, a csal\u00e1d akkor elhagyta a birtokot, a f\u00e9rj hal\u00e1la ut\u00e1n az \u00f6zvegy t\u00e9rt vissza kis id\u0151re az az\u00f3ta is csak r\u00e9szlegesen lakhat\u00f3 k\u00fari\u00e1ba. A szint\u00e9n term\u00e9szetbar\u00e1t k\u00f6rny\u00e9kbeli angolok egyik kedvenc kir\u00e1ndul\u00f3- \u00e9s piknikez\u0151 helye ma is a Nymans, ny\u00e1ron dzsesszkoncerteket is tartanak a kertben. S\u00e9t\u00e1nk k\u00f6zben olyanokkal is tal\u00e1lkozhattunk, akik a csal\u00e1d tagjait ismert\u00e9k, esetleg vend\u00e9geskedtek is a h\u00e1zban a b\u00e9keid\u0151kben.<\/p>\n<p><a href=\"https:\/\/ujkafe.website\/wp-content\/uploads\/2015\/08\/kert2.jpg\"><img loading=\"lazy\" decoding=\"async\" class=\"alignnone  wp-image-43775\" alt=\"kert2\" src=\"https:\/\/ujkafe.website\/wp-content\/uploads\/2015\/08\/kert2.jpg\" width=\"633\" height=\"432\" srcset=\"https:\/\/ujkafe.website\/wp-content\/uploads\/2015\/08\/kert2.jpg 904w, https:\/\/ujkafe.website\/wp-content\/uploads\/2015\/08\/kert2-300x204.jpg 300w\" sizes=\"auto, (max-width: 633px) 100vw, 633px\" \/><\/a><\/p>\n","protected":false},"excerpt":{"rendered":"<p>Ludwig Messel, n\u00e9met sz\u00e1rmaz\u00e1s\u00fa f\u00f6ldbirtokos v\u00e1s\u00e1rolta meg a d\u00e9l-angliai Nymans birtokot, \u00e9s tette otthon\u00e1v\u00e1 a mesebeli kast\u00e9lyt, ahol mozgalmas t\u00e1rsadalmi \u00e9letet \u00e9ltek, bar\u00e1taikat \u00e9s csal\u00e1dtagjaikat l\u00e1tt\u00e1k vend\u00e9g\u00fcl az 1800-as \u00e9vek v\u00e9ge fel\u00e9 \u00e9s a sz\u00e1zadfordul\u00f3n.<\/p>\n","protected":false},"author":3,"featured_media":0,"comment_status":"open","ping_status":"open","sticky":false,"template":"","format":"standard","meta":{"_monsterinsights_skip_tracking":false,"_monsterinsights_sitenote_active":false,"_monsterinsights_sitenote_note":"","_monsterinsights_sitenote_category":0,"ngg_post_thumbnail":0,"footnotes":""},"categories":[5],"tags":[],"class_list":["post-43771","post","type-post","status-publish","format-standard","hentry","category-foto"],"_links":{"self":[{"href":"https:\/\/ujkafe.website\/index.php?rest_route=\/wp\/v2\/posts\/43771","targetHints":{"allow":["GET"]}}],"collection":[{"href":"https:\/\/ujkafe.website\/index.php?rest_route=\/wp\/v2\/posts"}],"about":[{"href":"https:\/\/ujkafe.website\/index.php?rest_route=\/wp\/v2\/types\/post"}],"author":[{"embeddable":true,"href":"https:\/\/ujkafe.website\/index.php?rest_route=\/wp\/v2\/users\/3"}],"replies":[{"embeddable":true,"href":"https:\/\/ujkafe.website\/index.php?rest_route=%2Fwp%2Fv2%2Fcomments&post=43771"}],"version-history":[{"count":0,"href":"https:\/\/ujkafe.website\/index.php?rest_route=\/wp\/v2\/posts\/43771\/revisions"}],"wp:attachment":[{"href":"https:\/\/ujkafe.website\/index.php?rest_route=%2Fwp%2Fv2%2Fmedia&parent=43771"}],"wp:term":[{"taxonomy":"category","embeddable":true,"href":"https:\/\/ujkafe.website\/index.php?rest_route=%2Fwp%2Fv2%2Fcategories&post=43771"},{"taxonomy":"post_tag","embeddable":true,"href":"https:\/\/ujkafe.website\/index.php?rest_route=%2Fwp%2Fv2%2Ftags&post=43771"}],"curies":[{"name":"wp","href":"https:\/\/api.w.org\/{rel}","templated":true}]}}