
{"id":44189,"date":"2015-09-02T08:40:36","date_gmt":"2015-09-02T08:40:36","guid":{"rendered":"https:\/\/ujkafe.website\/?p=44189"},"modified":"2015-09-02T08:40:36","modified_gmt":"2015-09-02T08:40:36","slug":"puskas-gyorgy-evangelia","status":"publish","type":"post","link":"https:\/\/ujkafe.website\/?p=44189","title":{"rendered":"Pusk\u00e1s Gy\u00f6rgy: Evang\u00e9lia"},"content":{"rendered":"<div id=\"attachment_44190\" style=\"width: 629px\" class=\"wp-caption alignnone\"><a href=\"https:\/\/ujkafe.website\/wp-content\/uploads\/2015\/09\/epava_sardareanu-mihai.jpg\"><img loading=\"lazy\" decoding=\"async\" aria-describedby=\"caption-attachment-44190\" class=\" wp-image-44190\" alt=\"epava_sardareanu mihai\" src=\"https:\/\/ujkafe.website\/wp-content\/uploads\/2015\/09\/epava_sardareanu-mihai.jpg\" width=\"619\" height=\"466\" srcset=\"https:\/\/ujkafe.website\/wp-content\/uploads\/2015\/09\/epava_sardareanu-mihai.jpg 1032w, https:\/\/ujkafe.website\/wp-content\/uploads\/2015\/09\/epava_sardareanu-mihai-300x225.jpg 300w, https:\/\/ujkafe.website\/wp-content\/uploads\/2015\/09\/epava_sardareanu-mihai-1024x769.jpg 1024w\" sizes=\"auto, (max-width: 619px) 100vw, 619px\" \/><\/a><p id=\"caption-attachment-44190\" class=\"wp-caption-text\">Az Evangelia roncsa (Costinesti) * Fot\u00f3 Sardareanu Mihai (Panoramio)<\/p><\/div>\n<p>M\u00e1r majdnem este volt<br \/>\nA tenger hallgatott<br \/>\nCsend \u00f6lelte a rozsd\u00e1s<br \/>\nElhagyott haj\u00f3t<!--more--><\/p>\n<p>F\u00e9nynyal\u00e1b p\u00e1szt\u00e1zta<br \/>\nN\u00e9ha remegeve v\u00e9gig<br \/>\n\u00c9jjelente s\u00edr a haj\u00f3<br \/>\nA halak \u00edgy besz\u00e9lik<\/p>\n<p>Reggel elh\u00faznak mellette<br \/>\nMed\u00faz\u00e1k lass\u00fa lebeg\u00e9ssel<br \/>\nKi a s\u00f6t\u00e9t vizek fel\u00e9<br \/>\nM\u00edg er\u0151s dobok \u00fctem\u00e9vel<\/p>\n<p>Hull\u00e1mok t\u00f6rnek meg oldal\u00e1n<br \/>\nS \u0151 csak \u00e1ll mozdulatlan<br \/>\nHomok- \u00e9s szikla-talapzat\u00e1n<\/p>\n<p><em>(Ez a haj\u00f3, az Evangelia Costinestn\u00e9l van &#8211; m\u00e9g mindig -, Incze Pista bar\u00e1tommal fiatalkorunkban m\u00e9g ki is \u00fasztunk a haj\u00f3hoz, szerencs\u00e9nk volt, mert nagy volt a hull\u00e1mz\u00e1s, igy el tudtunk kapni egy lelog\u00f3 k\u00f6telet, \u00e9s felm\u00e1sztunk. J\u00f3 volt, hogy vitt\u00fcnk magunkal papucsot &#8211; persze f\u00e9nyk\u00e9pez\u0151g\u00e9pet is, \u00edgy Pist\u00e1t meg is \u00f6r\u00f6k\u00edtettem a haj\u00f3 fed\u00e9lzet\u00e9n. A forr\u00f3 rozsd\u00e1s fel\u00fcleteket nem is b\u00edrtuk volna mez\u00edtl\u00e1b. \u00c9rdekes, sz\u00e9p \u00e9lm\u00e9ny volt.)<\/em><\/p>\n","protected":false},"excerpt":{"rendered":"<p>M\u00e1r majdnem este volt A tenger hallgatott Csend \u00f6lelte a rozsd\u00e1s Elhagyott haj\u00f3t<\/p>\n","protected":false},"author":3,"featured_media":0,"comment_status":"open","ping_status":"open","sticky":false,"template":"","format":"standard","meta":{"_monsterinsights_skip_tracking":false,"_monsterinsights_sitenote_active":false,"_monsterinsights_sitenote_note":"","_monsterinsights_sitenote_category":0,"ngg_post_thumbnail":0,"footnotes":""},"categories":[5,4],"tags":[],"class_list":["post-44189","post","type-post","status-publish","format-standard","hentry","category-foto","category-vers"],"_links":{"self":[{"href":"https:\/\/ujkafe.website\/index.php?rest_route=\/wp\/v2\/posts\/44189","targetHints":{"allow":["GET"]}}],"collection":[{"href":"https:\/\/ujkafe.website\/index.php?rest_route=\/wp\/v2\/posts"}],"about":[{"href":"https:\/\/ujkafe.website\/index.php?rest_route=\/wp\/v2\/types\/post"}],"author":[{"embeddable":true,"href":"https:\/\/ujkafe.website\/index.php?rest_route=\/wp\/v2\/users\/3"}],"replies":[{"embeddable":true,"href":"https:\/\/ujkafe.website\/index.php?rest_route=%2Fwp%2Fv2%2Fcomments&post=44189"}],"version-history":[{"count":0,"href":"https:\/\/ujkafe.website\/index.php?rest_route=\/wp\/v2\/posts\/44189\/revisions"}],"wp:attachment":[{"href":"https:\/\/ujkafe.website\/index.php?rest_route=%2Fwp%2Fv2%2Fmedia&parent=44189"}],"wp:term":[{"taxonomy":"category","embeddable":true,"href":"https:\/\/ujkafe.website\/index.php?rest_route=%2Fwp%2Fv2%2Fcategories&post=44189"},{"taxonomy":"post_tag","embeddable":true,"href":"https:\/\/ujkafe.website\/index.php?rest_route=%2Fwp%2Fv2%2Ftags&post=44189"}],"curies":[{"name":"wp","href":"https:\/\/api.w.org\/{rel}","templated":true}]}}