
{"id":44815,"date":"2015-09-24T07:14:36","date_gmt":"2015-09-24T07:14:36","guid":{"rendered":"https:\/\/ujkafe.website\/?p=44815"},"modified":"2015-09-25T06:02:01","modified_gmt":"2015-09-25T06:02:01","slug":"facebookluxemburg-acoustic-oszi-sanszon","status":"publish","type":"post","link":"https:\/\/ujkafe.website\/?p=44815","title":{"rendered":"Chanson d&#8217;automne (\u0150szi sanzon)"},"content":{"rendered":"<p><a href=\"https:\/\/ujkafe.website\/wp-content\/uploads\/2015\/09\/luxembourg_cover.jpg\"><img loading=\"lazy\" decoding=\"async\" class=\"alignnone  wp-image-44817\" alt=\"luxembourg_cover\" src=\"https:\/\/ujkafe.website\/wp-content\/uploads\/2015\/09\/luxembourg_cover.jpg\" width=\"630\" height=\"255\" srcset=\"https:\/\/ujkafe.website\/wp-content\/uploads\/2015\/09\/luxembourg_cover.jpg 900w, https:\/\/ujkafe.website\/wp-content\/uploads\/2015\/09\/luxembourg_cover-300x121.jpg 300w\" sizes=\"auto, (max-width: 630px) 100vw, 630px\" \/><\/a><\/p>\n<p><a href=\"https:\/\/www.youtube.com\/watch?t=11&amp;v=ehOhTypspow\">https:\/\/www.youtube.com\/watch?t=11&amp;v=ehOhTypspow<\/a><\/p>\n<p><a href=\"https:\/\/www.facebook.com\/Luxembourg-Acoustic-1618660718399081\/timeline\/\">https:\/\/www.facebook.com\/Luxembourg-Acoustic-1618660718399081\/timeline<\/a>\/<\/p>\n<p>A zenekar 2014. tavasz\u00e1n alakult. Dalaikban egyar\u00e1nt megtal\u00e1lhat\u00f3ak a sanzon, az alternat\u00edv rock \u00e9s a jazz zenei absztrakci\u00f3i. Mivel a dalok alkalmaznak m\u00e1r l\u00e9tez\u0151 zenei m\u00e9meket, ezt a ir\u00e1nyzatot mememusic-nak nevezz\u00fck.<br \/>\nA zenekar tagjai:<br \/>\nSzab\u00f3 Zolt\u00e1n: zene, sz\u00f6veg, git\u00e1r,<br \/>\nTat\u00e1r Anita: \u00e9nek,<br \/>\nR\u00e1cz G\u00e1bor: billenty\u0171s\u00f6k,<br \/>\nR\u00e1cz J\u00f3zsef: klarin\u00e9t, b\u0151g\u0151.<!--more--><\/p>\n<p>Al\u00e1bb Szab\u00f3 Zolt\u00e1n v\u00e1laszol k\u00edv\u00e1ncsiak k\u00e9rd\u00e9seire:<br \/>\n<em>M\u00e9rt ezt a verset v\u00e1lasztotta megzen\u00e9s\u00edt\u00e9sre?<\/em><\/p>\n<p>Gyerekkorom \u00f3ta sz\u00f3l bennem ez a vers. Rendk\u00edv\u00fcli muzikalit\u00e1sa mindig elb\u0171v\u00f6lt. Verlaine m\u0171ve az elm\u00fal\u00e1s ut\u00e1ni melankolikus v\u00e1gyr\u00f3l sz\u00f3l. Az ember egyszerre s\u00f3v\u00e1rog a transzcendencia ut\u00e1n, ami az \u00e9let fel\u0151l el\u00e9rhetetlen, \u00e9s f\u00e9l az elm\u00fal\u00e1st\u00f3l, az \u201eismeretlen tartom\u00e1ny\u201d-t\u00f3l. A zen\u00e9t is ezek a gondolatok ihlett\u00e9k.<\/p>\n<p><em>Hogyan osztoznak a hangszerek a hangz\u00e1s megteremt\u00e9s\u00e9ben?<\/em><\/p>\n<p>A h\u00e1rom hangszer \u2013 git\u00e1r, b\u0151g\u0151, zongora \u2013 a sz\u00f6veghez illeszked\u0151 intim hangz\u00e1svil\u00e1got teremt. A vers \u00e9s a dallam eggy\u00e9 olvad, s a melankolikus hangulat term\u00e9szetesen simul r\u00e1 az \u00e9nekesn\u0151 (Tat\u00e1r Anita) gordonk\u00e1t id\u00e9z\u0151, sejtelmes hangj\u00e1ra.<br \/>\nRendk\u00edv\u00fcli m\u00f3don megemeli a dalt a zongorasz\u00f3l\u00f3 \u00e9nekkel k\u00eds\u00e9rt sz\u00f3lama, amely R\u00e1cz G\u00e1bor improviz\u00e1ci\u00f3ja \u00e9s a b\u0151g\u0151 puha, de m\u00e9gis testes, f\u00e9rfias hangz\u00e1sa.<\/p>\n<p><em>Hol \u00e9s hogyan k\u00e9sz\u00fclt a vide\u00f3 klip?<\/em><\/p>\n<p>A kecskem\u00e9ti J\u00f3kai k\u00e1v\u00e9h\u00e1zban k\u00e9sz\u00fclt z\u00e1r\u00e1s ut\u00e1n. A klip Kov\u00e1cs M. Zolt\u00e1n m\u0171ve, aki a Szegedi Egyetem M\u00e9dia Tansz\u00e9k\u00e9nek vezet\u0151 operat\u0151re. A szerepl\u0151k, els\u0151sorban az \u00e9nekesn\u0151 sz\u00edn\u00e9szi eszk\u00f6ztelens\u00e9ge volt a m\u0171v\u00e9szi koncepci\u00f3 alapja: megpr\u00f3b\u00e1ltunk a lehet\u0151 legnagyobb akusztikai \u00e9s vizu\u00e1lis teret biztos\u00edtani a Verlaine-sz\u00f6vegnek.<br \/>\nNagyon \u00e9rdekes dolog ez: mi itt Magyarorsz\u00e1gon, egy alf\u00f6ldi v\u00e1ros sz\u00e9l\u00e9n f\u00f6lvesz\u00fcnk egy valamilyen sz\u00f3lamot, azt\u00e1n a f\u00e1jlt tov\u00e1bb\u00edtjuk a neten, \u00e9s 1-2 perc m\u00falva m\u00e1r Szigeti D\u00e9nes, a dal a zenekar hangm\u00e9rn\u00f6ke \u00e9s producere dolgozik rajta Angli\u00e1ban. Visszak\u00fcldi a megdolgozott f\u00e1jlt, meghallgatjuk, korrig\u00e1ljuk, ha kell, \u00e9s \u00edgy k\u00fcld\u00f6zgetj\u00fck, am\u00edg nem lesz olyan, amilyennek szeretn\u00e9nk. Ma m\u00e1r sokan dolgoznak \u00edgy.<br \/>\nA dal tov\u00e1bbi sorsa a Shamanize Records, de legf\u0151k\u00e9ppen a publikum\u00e9ban van. Majd kider\u00fcl, kell-e nekik vagy nem. Mindenesetre n\u00e9zhet\u0151 \u00e9s megv\u00e1s\u00e1rolhat\u00f3 az iTunes-on, a Spotify \u00e9s m\u00e9g 56 hasonl\u00f3 weboldalon, \u00e9s persze f\u00f6nt van a facebook-on, tegnap nyitottuk az oldalt a zenekar nev\u00e9vel (facebook\/Luxembourg Acoustic)<\/p>\n<p><em>Mi\u00e9rt ezt a nevet viselitek?<\/em><\/p>\n<p>Az \u00e9nekesn\u0151, Tat\u00e1r Anita a Rosa Luxemburg m\u0171v\u00e9sznevet v\u00e1lasztotta m\u00e9g a zenekar megalakul\u00e1sakor, \u00e9s m\u00e9g az\u00e9rt, mert a 60-as 70-es \u00e9vekben a Luxemburg R\u00e1di\u00f3n l\u00f3gtunk minden \u00e9jjel, mert ott \u00f6ml\u00f6tt be a nyugati szabad zene.<\/p>\n<p><em>Ahogy a bor\u00edt\u00f3t olvasom-n\u00e9zem, jellemz\u0151 r\u00e1tok a multikulturalit\u00e1s.<\/em><\/p>\n<p>\u00cdgy van. R\u00e1cz G\u00e1bor zongorista \u00e9s R\u00e1cz J\u00f3zsef b\u0151g\u0151s rom\u00e1k, \u00e9n anyai \u00e1gon g\u00f6r\u00f6g vagyok, az \u00e9nekesn\u0151 pedig lengyel, a producer f\u00e9lig n\u00e9met. A dal sz\u00f6vege francia, a zen\u00e9je magyar, Magyarorsz\u00e1gon vett\u00fck fel, de Angli\u00e1ban kevert\u00e9k \u00e9s az USA-ban masterelt\u00e9k. Sz\u00f3val ez egy igazi multikultur\u00e1lis term\u00e9k. B\u00edzunk benne, hogy megtal\u00e1lja a piac\u00e1t is, \u00e9s kiadhatjuk az album tov\u00e1bbi dalait.<\/p>\n<p>&nbsp;<\/p>\n","protected":false},"excerpt":{"rendered":"<p>https:\/\/www.youtube.com\/watch?t=11&amp;v=ehOhTypspow https:\/\/www.facebook.com\/Luxembourg-Acoustic-1618660718399081\/timeline\/ A zenekar 2014. tavasz\u00e1n alakult. Dalaikban egyar\u00e1nt megtal\u00e1lhat\u00f3ak a sanzon, az alternat\u00edv rock \u00e9s a jazz zenei absztrakci\u00f3i. Mivel a dalok alkalmaznak m\u00e1r l\u00e9tez\u0151 zenei m\u00e9meket, ezt a ir\u00e1nyzatot mememusic-nak nevezz\u00fck. A zenekar tagjai: Szab\u00f3 Zolt\u00e1n: zene, sz\u00f6veg, git\u00e1r, Tat\u00e1r Anita: \u00e9nek, R\u00e1cz G\u00e1bor: billenty\u0171s\u00f6k, R\u00e1cz J\u00f3zsef: klarin\u00e9t, b\u0151g\u0151.<\/p>\n","protected":false},"author":3,"featured_media":0,"comment_status":"open","ping_status":"open","sticky":false,"template":"","format":"standard","meta":{"_monsterinsights_skip_tracking":false,"_monsterinsights_sitenote_active":false,"_monsterinsights_sitenote_note":"","_monsterinsights_sitenote_category":0,"ngg_post_thumbnail":0,"footnotes":""},"categories":[28,122],"tags":[],"class_list":["post-44815","post","type-post","status-publish","format-standard","hentry","category-dal","category-interju"],"_links":{"self":[{"href":"https:\/\/ujkafe.website\/index.php?rest_route=\/wp\/v2\/posts\/44815","targetHints":{"allow":["GET"]}}],"collection":[{"href":"https:\/\/ujkafe.website\/index.php?rest_route=\/wp\/v2\/posts"}],"about":[{"href":"https:\/\/ujkafe.website\/index.php?rest_route=\/wp\/v2\/types\/post"}],"author":[{"embeddable":true,"href":"https:\/\/ujkafe.website\/index.php?rest_route=\/wp\/v2\/users\/3"}],"replies":[{"embeddable":true,"href":"https:\/\/ujkafe.website\/index.php?rest_route=%2Fwp%2Fv2%2Fcomments&post=44815"}],"version-history":[{"count":0,"href":"https:\/\/ujkafe.website\/index.php?rest_route=\/wp\/v2\/posts\/44815\/revisions"}],"wp:attachment":[{"href":"https:\/\/ujkafe.website\/index.php?rest_route=%2Fwp%2Fv2%2Fmedia&parent=44815"}],"wp:term":[{"taxonomy":"category","embeddable":true,"href":"https:\/\/ujkafe.website\/index.php?rest_route=%2Fwp%2Fv2%2Fcategories&post=44815"},{"taxonomy":"post_tag","embeddable":true,"href":"https:\/\/ujkafe.website\/index.php?rest_route=%2Fwp%2Fv2%2Ftags&post=44815"}],"curies":[{"name":"wp","href":"https:\/\/api.w.org\/{rel}","templated":true}]}}