
{"id":4490,"date":"2010-09-25T05:59:37","date_gmt":"2010-09-25T05:59:37","guid":{"rendered":"https:\/\/ujkafe.website\/?p=4490"},"modified":"2010-09-25T05:59:37","modified_gmt":"2010-09-25T05:59:37","slug":"retro-vita-a-rendor-meghalt-a-diri-el","status":"publish","type":"post","link":"https:\/\/ujkafe.website\/?p=4490","title":{"rendered":"Retro-vita: A rend\u0151r meghalt, a diri \u00e9l"},"content":{"rendered":"<p>Nem \u00e9rtem, mert nagyj\u00e1b\u00f3l ugyanaz a probl\u00e9m\u00e1m lehet nekem is, \u00e9n a tr\u00e1g\u00e1rs\u00e1got csak indokolt esetben hagyom benne a lapban, akkor sem tal\u00e1lom \u00fcd\u00edt\u0151nek, ha moment\u00e1n per pillanat tehets\u00e9ges \u00edr\u00f3k\u00a0nobelpar\u00e9j\u00fa szabadkik\u00f6t\u0151j\u00e9b\u0151l \u00e1rad. Valaki Arany J\u00e1nos szem\u00e9rmes tr\u00e1g\u00e1rs\u00e1gair\u00f3l besz\u00e9lt, \u00e9s oda konklud\u00e1ltunk komor nyugatn\u00e9mets\u00e9ggel, hogy akartunk f-t.<\/p>\n<p><!--more--><\/p>\n<p>Novell\u00e1imban borzalmasan besz\u00e9lnek egyes szerepl\u0151k, de err\u0151l mind\u00e9g csakis \u0151k maguk tehetnek. Amikor els\u0151 \u00edr\u00e1som 1974-ben a kolozsv\u00e1ri Utunkban megjelent, m\u00e1r Korondon tan\u00edtottam. Bek\u00f6p\u00f6tt egy tan\u00edt\u00f3n\u0151, hogy az igazgat\u00f3t feket\u00edtem. Azt\u00e1n a piaci korcsom\u00e1ban elkapott a milicista, \u00e9s sz\u00e1mon k\u00e9rte t\u0151lem a&#8230; fikci\u00f3t, ami nem volt eg\u00e9szen az. Nem vert\u00fck \u00f6ssze egym\u00e1st, hanem lepertusodtunk. De akkor is sz\u00e9pen besz\u00e9lt\u00fcnk egym\u00e1ssal, csak annyit mondtunk a v\u00e9g\u00e9n, hogy a diri, aki az eg\u00e9szet elrendelte, mehet az anyuk\u00e1ja mocskos prind\u00e1ripl\u00e1csk\u00e1j\u00e1ba.<\/p>\n<p>A rend\u0151r meghalt, a diri \u00e9l, az anyja temet\u00e9s\u00e9n magam is ott voltam. Ez azonban nem szervez\u0151 elv.\u00a0\u00d6lel Benneteket, \u00e9s tov\u00e1bbi hatalmas vit\u00e1t k\u00edv\u00e1n:<\/p>\n<p style=\"text-align: right;\"><strong><em>B\u00f6l\u00f6ni Domokos<\/em><\/strong><\/p>\n<p>Kor\u00e1bbiak:<\/p>\n<p><strong><em><a href=\"https:\/\/ujkafe.website\/?p=4393\">Retro-vita: \u00c1goston Hug\u00f3 finomkodik<\/a><\/em><\/strong><\/p>\n<p><a href=\"https:\/\/ujkafe.website\/?p=4341\"><strong><em>Retro-vita: Ribilli\u00f3 a Korunkn\u00e1l<\/em><\/strong><\/a><\/p>\n<p><a href=\"https:\/\/ujkafe.website\/?p=4306\"><strong><em>Retro-vita: Hogy besz\u00e9lne egy katona?<\/em><\/strong><\/a><\/p>\n<p><a href=\"https:\/\/ujkafe.website\/?p=4256\"><strong><em>Retro-vita: Fragment\u00e1lunk?<\/em><\/strong><\/a><\/p>\n<p><a href=\"https:\/\/ujkafe.website\/?p=4239\"><strong><em>Retro-vita: &#8230;az Akad\u00e9mi\u00e1t?<\/em><\/strong><\/a><\/p>\n<p><a href=\"https:\/\/ujkafe.website\/?p=4204\"><strong><em>Retro-vita: Spont\u00e1n gondolat<\/em><\/strong><\/a><\/p>\n<p><a href=\" https:\/\/ujkafe.website\/?p=4170\"><strong><em>Retro-vita: Ha neked az an\u00e1lis t\u00fal lok\u00e1lis<\/em><\/strong><\/a><\/p>\n<p><a href=\" https:\/\/ujkafe.website\/?p=4101\"><strong><em>Retro-vita: H\u00e1ny l\u00f3fasz teszi a finomlelk\u0171 \u00edr\u00f3t?<\/em><\/strong><\/a><\/p>\n<p><a href=\"https:\/\/ujkafe.website\/?p=4051\"><strong><em>Retro-vita: Nyolcvan procent<\/em><\/strong><\/a><\/p>\n<p><a href=\"https:\/\/ujkafe.website\/?p=4001\"><strong><em>Retro-vita: A sz\u00f3t\u00e1r teli van mindenf\u00e9l\u00e9vel&#8230;<\/em><\/strong><\/a><\/p>\n<p><a href=\"https:\/\/ujkafe.website\/?p=3975\"><strong><em>Retro-vita: Mikor \u00e9s mi\u00e9rt (ne)?<\/em><\/strong><\/a><\/p>\n<p><a href=\"https:\/\/ujkafe.website\/?p=3957\"><strong><em>Retro-vita: Rendhagy\u00f3 &#8222;Nyelv \u00e9s \u00e9let&#8221;<\/em><\/strong><\/a><\/p>\n<p><a href=\"https:\/\/ujkafe.website\/?p=3926\"><strong><em>Retro-vita: A dolgok n\u00e9ven nevez\u00e9s\u00e9r\u0151l<\/em><\/strong><\/a><\/p>\n<p><a href=\"https:\/\/ujkafe.website\/?p=3914\"><strong><em>Retro-vita: Az irodalom nem mindig a sz\u00e9pr\u0151l sz\u00f3l<\/em><\/strong><\/a><\/p>\n<p><a href=\"https:\/\/ujkafe.website\/?p=3895\"><strong><em>Retro-vita: Irodalom \u00e9s szabads\u00e1g<\/em><\/strong><\/a><\/p>\n<p><a href=\"https:\/\/ujkafe.website\/?p=3838\"><strong><em>Retro-vita: Egy konkr\u00e9tum<\/em><\/strong><\/a><\/p>\n<p><a href=\"https:\/\/ujkafe.website\/?p=3823\"><strong><em>Retro-vita: J\u00f3, rossz stb.<\/em><\/strong><\/a><\/p>\n<p><a href=\"https:\/\/ujkafe.website\/?p=3810\"><strong><em>Retro-vita: Az igazi obszcenit\u00e1s a v\u00e9res er\u0151szak<\/em><\/strong><\/a><\/p>\n<p><a href=\"https:\/\/ujkafe.website\/?p=3795\"><strong><em>Retro-vita: Szabadsz\u00e1j\u00fas\u00e1g vagy finomkod\u00e1s?<\/em><\/strong><\/a><\/p>\n","protected":false},"excerpt":{"rendered":"<p>Nem \u00e9rtem, mert nagyj\u00e1b\u00f3l ugyanaz a probl\u00e9m\u00e1m lehet nekem is, \u00e9n a tr\u00e1g\u00e1rs\u00e1got csak indokolt esetben hagyom benne a lapban, akkor sem tal\u00e1lom \u00fcd\u00edt\u0151nek, ha moment\u00e1n per pillanat tehets\u00e9ges \u00edr\u00f3k\u00a0nobelpar\u00e9j\u00fa szabadkik\u00f6t\u0151j\u00e9b\u0151l \u00e1rad. Valaki Arany J\u00e1nos szem\u00e9rmes tr\u00e1g\u00e1rs\u00e1gair\u00f3l besz\u00e9lt, \u00e9s oda konklud\u00e1ltunk komor nyugatn\u00e9mets\u00e9ggel, hogy akartunk f-t.<\/p>\n","protected":false},"author":3,"featured_media":0,"comment_status":"open","ping_status":"open","sticky":false,"template":"","format":"standard","meta":{"_monsterinsights_skip_tracking":false,"_monsterinsights_sitenote_active":false,"_monsterinsights_sitenote_note":"","_monsterinsights_sitenote_category":0,"ngg_post_thumbnail":0,"footnotes":""},"categories":[14,127],"tags":[],"class_list":["post-4490","post","type-post","status-publish","format-standard","hentry","category-a-regi-kafebol","category-vita"],"_links":{"self":[{"href":"https:\/\/ujkafe.website\/index.php?rest_route=\/wp\/v2\/posts\/4490","targetHints":{"allow":["GET"]}}],"collection":[{"href":"https:\/\/ujkafe.website\/index.php?rest_route=\/wp\/v2\/posts"}],"about":[{"href":"https:\/\/ujkafe.website\/index.php?rest_route=\/wp\/v2\/types\/post"}],"author":[{"embeddable":true,"href":"https:\/\/ujkafe.website\/index.php?rest_route=\/wp\/v2\/users\/3"}],"replies":[{"embeddable":true,"href":"https:\/\/ujkafe.website\/index.php?rest_route=%2Fwp%2Fv2%2Fcomments&post=4490"}],"version-history":[{"count":0,"href":"https:\/\/ujkafe.website\/index.php?rest_route=\/wp\/v2\/posts\/4490\/revisions"}],"wp:attachment":[{"href":"https:\/\/ujkafe.website\/index.php?rest_route=%2Fwp%2Fv2%2Fmedia&parent=4490"}],"wp:term":[{"taxonomy":"category","embeddable":true,"href":"https:\/\/ujkafe.website\/index.php?rest_route=%2Fwp%2Fv2%2Fcategories&post=4490"},{"taxonomy":"post_tag","embeddable":true,"href":"https:\/\/ujkafe.website\/index.php?rest_route=%2Fwp%2Fv2%2Ftags&post=4490"}],"curies":[{"name":"wp","href":"https:\/\/api.w.org\/{rel}","templated":true}]}}