
{"id":4620,"date":"2010-09-29T06:04:37","date_gmt":"2010-09-29T06:04:37","guid":{"rendered":"https:\/\/ujkafe.website\/?p=4620"},"modified":"2010-09-29T06:04:37","modified_gmt":"2010-09-29T06:04:37","slug":"retro-vita-svedek","status":"publish","type":"post","link":"https:\/\/ujkafe.website\/?p=4620","title":{"rendered":"Retro-vita: sv\u00e9dek"},"content":{"rendered":"<p>ez a c\u00edme az egyik jegyzetemnek \u00e9s \u00edgy folytat\u00f3dik: megyek az I. bar\u00e1tomal a k\u00f6rre, ami nyilv\u00e1n azt jelenten\u00e9, hogy a sv\u00e9dekr\u0151l akarok majd \u00edrni, helyesebben, akartam, hiszen m\u00e1r bele is kezdtem a jegyzetel\u00e9sbe, \u00e9s azt jelenten\u00e9, hogy az egyik bar\u00e1tommal megyek a k\u00f6rre, a k\u00f6r\u00f6si csoma s\u00e1ndor m\u0171vel\u0151d\u00e9si k\u00f6rre, de ez is abbamaradt, \u00e9s most ne is pr\u00f3b\u00e1ljam meg felid\u00e9zni, hogy mi minden maradt abba, most \u00e9pp az abba aranyalbum\u00e1t hallgatom, a kettes sz\u00e1mot a knowing me, knowing you-t, s mindezt csak az\u00e9rt mondom, \u00edrom, hogy tudd, igenis komolyan foglalkozom a k\u00e9rd\u00e9seddel,<!--more--> h\u00e1ny l\u00f3faszt b\u00edr meg a k\u00e9t \u00e9vszak, de bel\u00e1thatod, hogy a jegyzetem is van annyira fontos, mint a te k\u00e9rd\u00e9sed s \u00e9n m\u00e9gis neked v\u00e1laszolok, \u00e1m legyen, legyen a h\u00e1tt\u00e9rnek, a h\u00e1tt\u00e9rzen\u00e9nek a hangad\u00e1sa igaz, knowing me: h\u00e1ny l\u00f3faszt b\u00edr meg a k\u00e9t \u00e9vszak, \u0151szinte leszek, \u00e9n ezen m\u00e9g nem gondolkoztam: nem lepett meg a k\u00e9rd\u00e9s, de m\u00e9g nem gondolkoztam rajta: el\u0151sz\u00f6r is \u00e9n ezt a l\u00f3 iz\u00e9t \u00edgy nem haszn\u00e1ln\u00e1m; tal\u00e1n m\u00e1r a h\u00e1tt\u00e9rzen\u00e9b\u0151l is, ha a kezd\u0151sz\u00f3b\u00f3l nem der\u00fclt volna ki, \u00e9n (S)v\u00e9dorsz\u00e1gban lakom, na most azt\u00e1n nehogy meg kelljen magyar\u00e1znom, mit jelent az (S) s mit a v\u00e9dorsz\u00e1g, de folytassam csak, ott hogy itt lakom, nemsok\u00e1ra veletek is egy haz\u00e1ban, s ezekr\u0151l a sv\u00e9dekr\u0151l az\u00e9rt el kell mondani, hogy ezek m\u00e9g a harcmez\u0151n is semlegesek, illetve hogy nem csak egy elk\u00f6vetkezend\u0151 \u00fajabb konfliktusban lenn\u00e9nek \u00fajra semlegesek, hanem ezek nemsemlegesek is, akkor meg mi az iz\u00e9t emlegessem \u00e9n itt a l\u00f3 iz\u00e9j\u00e9t, mikor az egy nem nemsemleges kifejez\u00e9s, ki tudja kit s\u00e9rten\u00e9k ezzel meg, lehet, m\u00e9g magam is meglep\u0151dn\u00e9k magamon, ha itt elkezden\u00e9kl\u00f3faszozni, hol itt a finomkod\u00e1s akkor, de nem is a finomkod\u00e1s, finomkod\u00e1s az nekem m\u00e1st jelent, azt amire \u00e9n mindig gondolok, a nem, a nemis\u00e9g, a szex, na ez nincs a k\u00e9t \u00e9vszakban, meg a l\u00f3 iz\u00e9je sincs, minek is lenne, l\u00f3fasz ez az eg\u00e9sz, sajnos:<br \/>\nk\u00e9t bar\u00e1tom, k\u00e9t k\u00e9t-\u00e9vszakos bar\u00e1tom halt meg egy h\u00e9t leforg\u00e1sa alatt: amikor az egyiket temett\u00e9k, akkor halt meg a m\u00e1sik: Morvay L\u00e1szl\u00f3 \u00e9s Mervel Ferenc, ebben a sorrendben. ha \u0151k \u00e9ln\u00e9nek, most nem kellene itt l\u00f3faszoznom meg finomkodnom sem.<\/p>\n<p style=\"text-align: right;\"><strong><em>Sall L\u00e1szl\u00f3<\/em><\/strong><br \/>\na K\u00e9t \u00e9vszak szerkeszt\u0151je<\/p>\n<p>Kor\u00e1bbiak:<\/p>\n<p><strong><em><a href=\"https:\/\/ujkafe.website\/?p=4547\">Retro-vita: Elal\u00e9l\u00f3 lila l\u00f3<\/a><\/em><\/strong><\/p>\n<p><a href=\"https:\/\/ujkafe.website\/?p=4490\"><strong><em>Retro-vita: A rend\u0151r meghalt, a diri \u00e9l<\/em><\/strong><\/a><\/p>\n<p><a href=\"https:\/\/ujkafe.website\/?p=4393\"><strong><em>Retro-vita: \u00c1goston Hug\u00f3 finomkodik<\/em><\/strong><\/a><\/p>\n<p><a href=\"https:\/\/ujkafe.website\/?p=4341\"><strong><em>Retro-vita: Ribilli\u00f3 a Korunkn\u00e1l<\/em><\/strong><\/a><\/p>\n<p><a href=\"https:\/\/ujkafe.website\/?p=4306\"><strong><em>Retro-vita: Hogy besz\u00e9lne egy katona?<\/em><\/strong><\/a><\/p>\n<p><a href=\"https:\/\/ujkafe.website\/?p=4256\"><strong><em>Retro-vita: Fragment\u00e1lunk?<\/em><\/strong><\/a><\/p>\n<p><a href=\"https:\/\/ujkafe.website\/?p=4239\"><strong><em>Retro-vita: &#8230;az Akad\u00e9mi\u00e1t?<\/em><\/strong><\/a><\/p>\n<p><a href=\"https:\/\/ujkafe.website\/?p=4204\"><strong><em>Retro-vita: Spont\u00e1n gondolat<\/em><\/strong><\/a><\/p>\n<p><a href=\" https:\/\/ujkafe.website\/?p=4170\"><strong><em>Retro-vita: Ha neked az an\u00e1lis t\u00fal lok\u00e1lis<\/em><\/strong><\/a><\/p>\n<p><a href=\" https:\/\/ujkafe.website\/?p=4101\"><strong><em>Retro-vita: H\u00e1ny l\u00f3fasz teszi a finomlelk\u0171 \u00edr\u00f3t?<\/em><\/strong><\/a><\/p>\n<p><a href=\"https:\/\/ujkafe.website\/?p=4051\"><strong><em>Retro-vita: Nyolcvan procent<\/em><\/strong><\/a><\/p>\n<p><a href=\"https:\/\/ujkafe.website\/?p=4001\"><strong><em>Retro-vita: A sz\u00f3t\u00e1r teli van mindenf\u00e9l\u00e9vel&#8230;<\/em><\/strong><\/a><\/p>\n<p><a href=\"https:\/\/ujkafe.website\/?p=3975\"><strong><em>Retro-vita: Mikor \u00e9s mi\u00e9rt (ne)?<\/em><\/strong><\/a><\/p>\n<p><a href=\"https:\/\/ujkafe.website\/?p=3957\"><strong><em>Retro-vita: Rendhagy\u00f3 &#8222;Nyelv \u00e9s \u00e9let&#8221;<\/em><\/strong><\/a><\/p>\n<p><a href=\"https:\/\/ujkafe.website\/?p=3926\"><strong><em>Retro-vita: A dolgok n\u00e9ven nevez\u00e9s\u00e9r\u0151l<\/em><\/strong><\/a><\/p>\n<p><a href=\"https:\/\/ujkafe.website\/?p=3914\"><strong><em>Retro-vita: Az irodalom nem mindig a sz\u00e9pr\u0151l sz\u00f3l<\/em><\/strong><\/a><\/p>\n<p><a href=\"https:\/\/ujkafe.website\/?p=3895\"><strong><em>Retro-vita: Irodalom \u00e9s szabads\u00e1g<\/em><\/strong><\/a><\/p>\n<p><a href=\"https:\/\/ujkafe.website\/?p=3838\"><strong><em>Retro-vita: Egy konkr\u00e9tum<\/em><\/strong><\/a><\/p>\n<p><a href=\"https:\/\/ujkafe.website\/?p=3823\"><strong><em>Retro-vita: J\u00f3, rossz stb.<\/em><\/strong><\/a><\/p>\n<p><a href=\"https:\/\/ujkafe.website\/?p=3810\"><strong><em>Retro-vita: Az igazi obszcenit\u00e1s a v\u00e9res er\u0151szak<\/em><\/strong><\/a><\/p>\n<p><a href=\"https:\/\/ujkafe.website\/?p=3795\"><strong><em>Retro-vita: Szabadsz\u00e1j\u00fas\u00e1g vagy finomkod\u00e1s?<\/em><\/strong><\/a><\/p>\n","protected":false},"excerpt":{"rendered":"<p>ez a c\u00edme az egyik jegyzetemnek \u00e9s \u00edgy folytat\u00f3dik: megyek az I. bar\u00e1tomal a k\u00f6rre, ami nyilv\u00e1n azt jelenten\u00e9, hogy a sv\u00e9dekr\u0151l akarok majd \u00edrni, helyesebben, akartam, hiszen m\u00e1r bele is kezdtem a jegyzetel\u00e9sbe, \u00e9s azt jelenten\u00e9, hogy az egyik bar\u00e1tommal megyek a k\u00f6rre, a k\u00f6r\u00f6si csoma s\u00e1ndor m\u0171vel\u0151d\u00e9si k\u00f6rre, de ez is abbamaradt, \u00e9s [&hellip;]<\/p>\n","protected":false},"author":3,"featured_media":0,"comment_status":"open","ping_status":"open","sticky":false,"template":"","format":"standard","meta":{"_monsterinsights_skip_tracking":false,"_monsterinsights_sitenote_active":false,"_monsterinsights_sitenote_note":"","_monsterinsights_sitenote_category":0,"ngg_post_thumbnail":0,"footnotes":""},"categories":[14,127],"tags":[],"class_list":["post-4620","post","type-post","status-publish","format-standard","hentry","category-a-regi-kafebol","category-vita"],"_links":{"self":[{"href":"https:\/\/ujkafe.website\/index.php?rest_route=\/wp\/v2\/posts\/4620","targetHints":{"allow":["GET"]}}],"collection":[{"href":"https:\/\/ujkafe.website\/index.php?rest_route=\/wp\/v2\/posts"}],"about":[{"href":"https:\/\/ujkafe.website\/index.php?rest_route=\/wp\/v2\/types\/post"}],"author":[{"embeddable":true,"href":"https:\/\/ujkafe.website\/index.php?rest_route=\/wp\/v2\/users\/3"}],"replies":[{"embeddable":true,"href":"https:\/\/ujkafe.website\/index.php?rest_route=%2Fwp%2Fv2%2Fcomments&post=4620"}],"version-history":[{"count":0,"href":"https:\/\/ujkafe.website\/index.php?rest_route=\/wp\/v2\/posts\/4620\/revisions"}],"wp:attachment":[{"href":"https:\/\/ujkafe.website\/index.php?rest_route=%2Fwp%2Fv2%2Fmedia&parent=4620"}],"wp:term":[{"taxonomy":"category","embeddable":true,"href":"https:\/\/ujkafe.website\/index.php?rest_route=%2Fwp%2Fv2%2Fcategories&post=4620"},{"taxonomy":"post_tag","embeddable":true,"href":"https:\/\/ujkafe.website\/index.php?rest_route=%2Fwp%2Fv2%2Ftags&post=4620"}],"curies":[{"name":"wp","href":"https:\/\/api.w.org\/{rel}","templated":true}]}}