
{"id":46372,"date":"2015-11-23T06:27:15","date_gmt":"2015-11-23T06:27:15","guid":{"rendered":"https:\/\/ujkafe.website\/?p=46372"},"modified":"2015-11-23T20:21:50","modified_gmt":"2015-11-23T20:21:50","slug":"szaz-ev-nagy-haboru-vezenyszo-nelkul-is-haptakba-allt-a-szazad-3","status":"publish","type":"post","link":"https:\/\/ujkafe.website\/?p=46372","title":{"rendered":"Sz\u00e1z \u00e9v \u2013 nagy h\u00e1bor\u00fa: \u201eVez\u00e9nysz\u00f3 n\u00e9lk\u00fcl is hapt\u00e1kba \u00e1llt a sz\u00e1zad\u2026\u201d (3)"},"content":{"rendered":"<p><strong>A m\u00faltid\u00e9z\u0151 el\u0151re n\u00e9z<\/strong><br \/>\n<em>(Gondolatok Dacz\u00f3 Katalin els\u0151 vil\u00e1gh\u00e1bor\u00fas dokumentumk\u00f6tet\u00e9r\u0151l)<\/em><\/p>\n<p>Nagy lend\u00fclettel \u00e9s b\u0151sz eml\u00e9kezni v\u00e1gy\u00e1ssal v\u00e1gott neki a vil\u00e1g k\u00f6zv\u00e9lem\u00e9nye tavaly az els\u0151 vil\u00e1gh\u00e1bor\u00fa centen\u00e1riumi feleleven\u00edt\u00e9s\u00e9nek. Ig\u00e9nyesebbn\u00e9l ig\u00e9nyesebb projektek, konferenci\u00e1k, eml\u00e9k- \u00e9s dokumentumgy\u0171jtem\u00e9nyek, memo\u00e1rok, hadt\u00f6rt\u00e9neti \u00e9s politikai elemz\u00e9sek s nem utols\u00f3 sorban m\u0171v\u00e9szi alkot\u00e1sok t\u0171zt\u00e9k maguk el\u00e9 a nagy h\u00e1bor\u00faval val\u00f3 szemben\u00e9z\u00e9st mintegy h\u00e1rom ember\u00f6lt\u0151nyi t\u00e1vols\u00e1gb\u00f3l. Egy adott ponton \u00fagy n\u00e9zett ki, hogy az orsz\u00e1ghat\u00e1rokon (s\u0151t, kontinenseken is) \u00e1t\u00edvel\u0151, mind nemzeti, mind nemzetk\u00f6zi eml\u00e9kezet egy vil\u00e1gm\u00e9ret\u0171, roppant t\u0171zij\u00e1t\u00e9k r\u00e9sze, amely l\u00e1tv\u00e1nyos m\u00f3don id\u00e9zi meg ugyan a m\u00faltat, de t\u00fals\u00e1gosan hamar ki\u00e9g. T\u00f6bb volt benne a megid\u00e9z\u00e9s, a nosztalgia \u00e9s a n\u00e9vsorolvas\u00e1sra eml\u00e9keztet\u0151 felsorol\u00e1s, \u00e9s sajn\u00e1latosan ki\u00e9gett bel\u0151le az \u0151szinte szemben\u00e9z\u00e9s \u00e9s higgadt elemz\u00e9s sz\u00e1nd\u00e9ka. <!--more-->\u00cdgy azt\u00e1n, 2014 m\u00falt\u00e1val odalett a centen\u00e1riumi eml\u00e9kez\u00e9sek h\u00edmpora, s ha nem is sz\u0171nt meg teljess\u00e9ggel a k\u00f6z\u00f6ss\u00e9gi m\u00faltid\u00e9z\u00e9s \u2013 elv\u00e9gre a h\u00e1bor\u00fa t\u00e1volr\u00f3l sem teljes\u00edtette be a kezdeti hurr\u00e1-optimista j\u00f3slatokat, nem \u00e9rt v\u00e9get akkor, amikor elind\u00edt\u00f3i rem\u00e9lt\u00e9k s szerett\u00e9k volna, hanem j\u00f3csk\u00e1n bele ny\u00falott a t\u00e9lbe, majd a k\u00f6vetkez\u0151 esztend\u0151be, s tulajdonk\u00e9ppen az eg\u00e9sz eml\u00e9kezet-forgatagnak illett volna kisaj\u00e1t\u00edtani az \u00e9vsz\u00e1zad m\u00e1sodik \u00e9vtized\u00e9b\u0151l m\u00e9g fennmaradt \u00e9veket \u2013, a figyelem lass\u00e1n m\u00e1sra terel\u0151d\u00f6tt. Felhagyott a tanuls\u00e1gok sz\u00e1mbav\u00e9tel\u00e9vel.<br \/>\nPersze, m\u00e9g nem veszett oda minden. A m\u00faltid\u00e9z\u00e9s motorjait \u00fajra be lehet ind\u00edtani, az viszont m\u00e1r most evidenci\u00e1nak l\u00e1tszik, hogy egy m\u00e1r-m\u00e1r bel\u00e1thatatlan, t\u00f6bb ismeretlenes \u00e9s sokr\u00e9t\u0171 tanuls\u00e1ghalmazt gener\u00e1l\u00f3 esem\u00e9nysor \u00e1tvil\u00e1g\u00edt\u00e1s\u00e1hoz komoly \u00e9s \u0151szinte vizsg\u00e1l\u00f3d\u00e1si sz\u00e1nd\u00e9k, alapos t\u00e1j\u00e9koz\u00f3d\u00e1s \u00e9s az emberi sorsokra, szenved\u00e9sekre \u00e9s gondokra hangolt emp\u00e1ti\u00e1ra van sz\u00fcks\u00e9g. \u00dajra \u00e9s \u00fajra felt\u00e1mad\u00f3 k\u00edv\u00e1ncsis\u00e1gra mindaz ir\u00e1nt, ami d\u00e9d- \u00e9s nagysz\u00fcleink \u00e9let\u00e9t szem\u00e9lyes trag\u00e9di\u00e1kk\u00e1, csal\u00f3d\u00e1sok \u00e9s vesztes\u00e9gek forr\u00e1s\u00e1v\u00e1 sil\u00e1ny\u00edtotta.<br \/>\nA cs\u00edkszeredai Hargita N\u00e9pe vid\u00e9ki napilap, s olvas\u00f3i elv\u00e1r\u00e1sait \u00e9s \u00e9rdekl\u0151d\u00e9s\u00e9t figyelembe v\u00e9ve, a sz\u0171kebb \u00f6vezet, a Sz\u00e9kelyf\u00f6ld Hargita megy\u00e9nek nevezett r\u00e9gi\u00f3j\u00e1nak m\u00e9g megl\u00e9v\u0151 h\u00e1bor\u00fas eml\u00e9keit t\u00e9rk\u00e9pezi f\u00f6l nemcsak sz\u00e9lt\u00e9ben, de m\u00e9lys\u00e9g\u00e9ben is. \u00c9s k\u00f6vetkezetesen. Mondhatni, kisz\u00e1m\u00edthat\u00f3an. Ez\u00e9rt fordulhatott el\u0151, hogy mik\u00f6zben \u00e1ltal\u00e1ban szinte minden\u00fctt el\u00fcltek az eml\u00e9kez\u00e9s hangjai \u00e9s a centen\u00e1riumi d\u00edszsort\u00fczek, az \u00e1ltala ind\u00edtott rovat gyakorlatilag akkor kezdett igaz\u00e1b\u00f3l kivir\u00e1gozni, majd k\u00e9s\u0151bb term\u0151re fordulni. Dacz\u00f3 Katalin, az Eml\u00e9kk\u00e9pek a nagy h\u00e1bor\u00far\u00f3l c\u00edm\u0171, k\u00e9thetente jelentkez\u0151, m\u00faltid\u00e9z\u0151 rovat kital\u00e1l\u00f3ja \u00e9s egyszem\u00e9lyes szerkeszt\u0151je sz\u00edv\u00f3s k\u00f6vetkezetess\u00e9ggel \u00e9s a t\u00e9ma ir\u00e1nti tiszteletb\u0151l fakad\u00f3 alaposs\u00e1ggal v\u00e1gott utat abban az eml\u00e9kezet-boz\u00f3tban, ami v\u00e1lasztott t\u00e1rgy\u00e1t akarva-akaratlan kusz\u00e1n \u00e9s vadon ben\u00f6vi. Az \u00e9l\u0151 eml\u00e9kezetet ugyanis nagym\u00e9rt\u00e9kben szennyezi a k\u00fcl\u00f6nb\u00f6z\u0151 csatorn\u00e1kon \u00e1rad\u00f3, sokszor k\u00e9tes hitel\u0171 inform\u00e1ci\u00f3. Egy nagy horderej\u0171 t\u00f6rt\u00e9nelmi esem\u00e9nyben r\u00e9szes eml\u00e9kez\u0151 nagyon sokszor saj\u00e1t v\u00e9lem\u00e9nyk\u00e9nt, tapasztalatk\u00e9nt oper\u00e1l olyan inform\u00e1ci\u00f3kkal is, amit pedig a propaganda t\u00e1lalt neki valamikor szinte t\u00e1lc\u00e1n. Dacz\u00f3 j\u00f3 \u00e9rz\u00e9kkel k\u00fcl\u00f6n\u00edti el az ellen\u0151rizhet\u0151 adatokat a v\u00e9leked\u00e9sekt\u0151l, a sejt\u00e9seket az \u00edrott dokumentumokt\u00f3l, a csal\u00e1di legend\u00e1kat a t\u00e1gabb k\u00f6z\u00f6ss\u00e9gi eml\u00e9kezett\u0151l. Riporterk\u00e9nt is az a szerencs\u00e9s kutat\u00f3-felfedez\u0151 t\u00edpus, aki szeret, s ez\u00e9rt nem is mulasztja el ben\u00e9zni minden sarokba, nem el\u00e9gszik meg n\u00e9h\u00e1ny felsz\u00edni cser\u00e9pdarabbal \u2013 b\u00e1r sokszor abb\u00f3l is h\u00edven k\u00f6vetkeztetni lehet az eg\u00e9szre \u2013, t\u00f6bbsz\u00f6r\u00f6sen pr\u00f3b\u00e1ra teszi saj\u00e1t \u00e9rtes\u00fcl\u00e9seit, lev\u00e9lt\u00e1rakban, sajt\u00f3gy\u0171jtem\u00e9nyekben kutat ut\u00e1nuk \u2013 magyar\u00e1n nem ismer lehetetlent. Probl\u00e9mal\u00e1t\u00e1sa \u00e9s -l\u00e1ttat\u00e1sa ez\u00e9rt sikeresen mozg\u00f3s\u00edtja a r\u00e9szv\u00e9tel\u00fcnket, \u00e9rdekeltt\u00e9 t\u00e9ve az olvas\u00f3t is a nyomoz\u00e1sban. Emberi sorsok alakul\u00e1s\u00e1ban keresi a nagy h\u00e1bor\u00fa m\u00e9g fellelhet\u0151 nyomait, k\u00f6vetkezm\u00e9nyeit, s amikor hiteles \u00e9rtelmez\u00e9s\u00e9ben megakad, nem \u00e1tall szakmai tan\u00e1csad\u00f3t megsz\u00f3l\u00edtani, akit\u0151l nem csak \u0151 maga, de mi is sokat tanulhatunk.<br \/>\nAk\u00e1rcsak az els\u0151 vil\u00e1gh\u00e1bor\u00fa, a Dacz\u00f3 Katalin dokumentumriport-sorozata is egy minden r\u00e9szlet\u00e9ben \u00f6sszef\u00fcgg\u0151 folyamat, amelynek csak az\u00e9rt l\u00e1thatjuk a felbecs\u00fclhet\u0151 v\u00e9g\u00e9t, mivel ma m\u00e1r pontosan tudjuk, hogy a nagy h\u00e1bor\u00fa Trianonnal \u2013 ha csak formailag is \u2013 v\u00e9get \u00e9rt. De akik annak idej\u00e9n benne voltak az id\u0151\u00f6rv\u00e9nyben, \u00e9s a folyamatot nem csak kutatt\u00e1k, de \u00e9lt\u00e9k is egyben, \u00e9s cselekedve vagy tehetetlen\u00fcl sodr\u00f3dtak a hull\u00e1main, azoknak fogalmuk sem volt, mikor \u00e9s hol \u00e9r majd v\u00e9get ez az addig p\u00e9lda n\u00e9lk\u00fcli \u00f6ld\u00f6kl\u00e9s- \u00e9s szenved\u00e9s-sorozat. Dacz\u00f3 Katalin eddigi riportjait olvasva \u00fagy k\u00e9pzelem, hogy rovata addig \u00e9l igaz\u00e1n, am\u00edg szerz\u0151k\u00e9nt \u00e9s szerkeszt\u0151k\u00e9nt \u00fajabb \u00e9s \u00fajabb k\u00e9rd\u00e9seket k\u00e9pes maga el\u00e9 t\u0171zni. &#8222;H\u00e1bor\u00faj\u00e1nak&#8221; b\u00e1rmennyire is az elej\u00e9n tart m\u00e9g, m\u00e1ris \u00f6ssze\u00e1llott az a bizony\u00edt\u00f3 anyaga, mely f\u0151k\u00e9nt abban v\u00e1lik hasznunkra, hogy f\u00f6l\u00e9breszti \u00e9rdekl\u0151d\u00e9s\u00fcnket a vil\u00e1g\u00e9g\u00e9s lok\u00e1lis k\u00e9rd\u00e9sei, sokoldal\u00fa szeml\u00e9lete ir\u00e1nt. A m\u00faltid\u00e9z\u00e9s m\u00f3dszeress\u00e9ge megteremtette azt az \u00f6sszef\u00fcgg\u0151 panor\u00e1m\u00e1t, amelyet ak\u00e1r tov\u00e1bb is lehet m\u00e9g t\u00e1g\u00edtani, de amelyen m\u00e1r l\u00e1tszik az a j\u00f6v\u0151be tekint\u0151 igyekezet, hogy az emberis\u00e9g ne l\u00e9phessen m\u00e9g egyszer ugyanabba a foly\u00f3ba (b\u00e1r, \u0151szinte sajn\u00e1latunkra, k\u00f6zel h\u00fasz \u00e9vvel az els\u0151 h\u00e1bor\u00fa ut\u00e1n, sajn\u00e1latosan, m\u00e9gis megtette&#8230;).<br \/>\nA filoz\u00f3fia klasszikusait\u00f3l tudjuk: mostanig \u00f6r\u00f6k igazs\u00e1gnak bizonyult, hogy igaz\u00e1b\u00f3l nem lehet k\u00e9tszer ugyanabba a foly\u00f3ba l\u00e9pni. Az esem\u00e9nyekre vonatkoztatva ez \u00edgy hangzana: semmi sem ism\u00e9tl\u0151dhet meg pontosan, ugyan\u00fagy, mint legel\u0151sz\u00f6r. Az emberek \u00e9s a cselekm\u00e9nyek ujjlenyomatai v\u00e9g\u00fcl is egyediek, szem\u00e9lyre szabottak. \u00c1mde mindig van benn\u00fck valami k\u00f6z\u00f6s, valami \u00e1ltal\u00e1nosan meghat\u00e1roz\u00f3. E kett\u0151ss\u00e9g gerinc\u00e9l\u00e9n egyens\u00falyozva vezet v\u00e9gig benn\u00fcnket Dacz\u00f3 Katalin riportk\u00f6tete, amelyben a lok\u00e1lis t\u00f6rt\u00e9nelem eml\u00e9kez\u0151 elemeit vegy\u00edti a sz\u00f6veges \u00e9s k\u00e9pi dokumentumok bizony\u00edt\u00f3 erej\u00e9vel. J\u00f3 \u00e9rz\u00e9kkel ker\u00fcli el a hat\u00e1svad\u00e1sz eszk\u00f6z\u00f6ket, nem id\u0151z el ar\u00e1nytalanul sokat divatos t\u00e9m\u00e1kn\u00e1l \u00e9s divatos \u00e9rtelmez\u00e9sek mellett. M\u00e1r most annyi l\u00e9nyeges adal\u00e9kot olvashatunk a k\u00f6nyvben a sz\u00e9kelyek vil\u00e1gh\u00e1bor\u00fas \u00e9letvitel\u00e9r\u0151l, hogy m\u00e1r a k\u00f6vetkez\u0151 gy\u0171jtem\u00e9nyt is v\u00e1rjuk. Ugyanis a centen\u00e1rium \u2013 s rem\u00e9lj\u00fck, a sorozat is \u2013 folytat\u00f3dik&#8230;<\/p>\n<p style=\"text-align: right;\"><em><strong>Cseke G\u00e1bor<\/strong><\/em><\/p>\n<p><em>Cs\u00edkszereda, 2015. augusztus 19.<\/em><\/p>\n<p><strong>\/A Hargita N\u00e9pe Kiad\u00f3n\u00e1l nemr\u00e9g megjelent riportk\u00f6tet &#8211;\u00a0 \u201eVez\u00e9nysz\u00f3 n\u00e9lk\u00fcl is hapt\u00e1kba \u00e1llt a sz\u00e1zad\u2026\u201d. Eml\u00e9kk\u00e9pek a Nagy H\u00e1bor\u00fab\u00f3l &#8211; ut\u00f3szava\/<\/strong><\/p>\n","protected":false},"excerpt":{"rendered":"<p>A m\u00faltid\u00e9z\u0151 el\u0151re n\u00e9z (Gondolatok Dacz\u00f3 Katalin els\u0151 vil\u00e1gh\u00e1bor\u00fas dokumentumk\u00f6tet\u00e9r\u0151l) Nagy lend\u00fclettel \u00e9s b\u0151sz eml\u00e9kezni v\u00e1gy\u00e1ssal v\u00e1gott neki a vil\u00e1g k\u00f6zv\u00e9lem\u00e9nye tavaly az els\u0151 vil\u00e1gh\u00e1bor\u00fa centen\u00e1riumi feleleven\u00edt\u00e9s\u00e9nek. Ig\u00e9nyesebbn\u00e9l ig\u00e9nyesebb projektek, konferenci\u00e1k, eml\u00e9k- \u00e9s dokumentumgy\u0171jtem\u00e9nyek, memo\u00e1rok, hadt\u00f6rt\u00e9neti \u00e9s politikai elemz\u00e9sek s nem utols\u00f3 sorban m\u0171v\u00e9szi alkot\u00e1sok t\u0171zt\u00e9k maguk el\u00e9 a nagy h\u00e1bor\u00faval val\u00f3 szemben\u00e9z\u00e9st mintegy h\u00e1rom [&hellip;]<\/p>\n","protected":false},"author":3,"featured_media":0,"comment_status":"open","ping_status":"open","sticky":false,"template":"","format":"standard","meta":{"_monsterinsights_skip_tracking":false,"_monsterinsights_sitenote_active":false,"_monsterinsights_sitenote_note":"","_monsterinsights_sitenote_category":0,"ngg_post_thumbnail":0,"footnotes":""},"categories":[120,137],"tags":[],"class_list":["post-46372","post","type-post","status-publish","format-standard","hentry","category-essze","category-szaz-ev-nagy-haboru"],"_links":{"self":[{"href":"https:\/\/ujkafe.website\/index.php?rest_route=\/wp\/v2\/posts\/46372","targetHints":{"allow":["GET"]}}],"collection":[{"href":"https:\/\/ujkafe.website\/index.php?rest_route=\/wp\/v2\/posts"}],"about":[{"href":"https:\/\/ujkafe.website\/index.php?rest_route=\/wp\/v2\/types\/post"}],"author":[{"embeddable":true,"href":"https:\/\/ujkafe.website\/index.php?rest_route=\/wp\/v2\/users\/3"}],"replies":[{"embeddable":true,"href":"https:\/\/ujkafe.website\/index.php?rest_route=%2Fwp%2Fv2%2Fcomments&post=46372"}],"version-history":[{"count":0,"href":"https:\/\/ujkafe.website\/index.php?rest_route=\/wp\/v2\/posts\/46372\/revisions"}],"wp:attachment":[{"href":"https:\/\/ujkafe.website\/index.php?rest_route=%2Fwp%2Fv2%2Fmedia&parent=46372"}],"wp:term":[{"taxonomy":"category","embeddable":true,"href":"https:\/\/ujkafe.website\/index.php?rest_route=%2Fwp%2Fv2%2Fcategories&post=46372"},{"taxonomy":"post_tag","embeddable":true,"href":"https:\/\/ujkafe.website\/index.php?rest_route=%2Fwp%2Fv2%2Ftags&post=46372"}],"curies":[{"name":"wp","href":"https:\/\/api.w.org\/{rel}","templated":true}]}}