
{"id":46956,"date":"2015-12-17T12:10:47","date_gmt":"2015-12-17T12:10:47","guid":{"rendered":"https:\/\/ujkafe.website\/?p=46956"},"modified":"2015-12-17T12:10:47","modified_gmt":"2015-12-17T12:10:47","slug":"szaz-ev-nagy-haboru-ferencz-imre-3","status":"publish","type":"post","link":"https:\/\/ujkafe.website\/?p=46956","title":{"rendered":"Sz\u00e1z \u00e9v &#8211; nagy h\u00e1bor\u00fa: Ferencz Imre"},"content":{"rendered":"<p><em><strong>PADOK*<\/strong><\/em><\/p>\n<p>Ott voltak azok a padok a kapuk el\u0151tt<br \/>\nvas\u00e1rnapokon \u00fcnnepnapokon ki\u00fcltek oda<br \/>\na szomsz\u00e9dok ott \u00e9rtekeztek<br \/>\naz \u00f6regek az els\u0151 vil\u00e1gh\u00e1bor\u00fas<br \/>\n\u00e9lm\u00e9nyeiket besz\u00e9lt\u00e9k el amelyek<br \/>\ntele voltak izgalmas fordulatokkal<!--more--><\/p>\n<p>am\u00edg ki nem haltak<br \/>\naz els\u0151 vil\u00e1gh\u00e1bor\u00fa<br \/>\n\u00e9letben maradt h\u0151sei<br \/>\naddig a m\u00e1sodik vil\u00e1g\u00e9g\u00e9s<br \/>\n\u00e9letben maradt h\u0151sei<br \/>\nmondhatni sz\u00f3hoz sem jutottak<\/p>\n<p>azt\u00e1n a nagyap\u00e1k hal\u00e1la ut\u00e1n<br \/>\nv\u00e9gre az ap\u00e1k is megsz\u00f3lalhattak<br \/>\nb\u00e1r halkan csendben<br \/>\nde sz\u00f3hoz jutottak<\/p>\n<p>hogy milyen volt a harct\u00e9ren a fogs\u00e1gban<br \/>\na nagy visszavonul\u00e1skor<\/p>\n<p>mi gyermekek k\u00edv\u00e1ncsian hallgattuk<br \/>\na t\u00f6rt\u00e9neteket \u00e9s arra gondoltunk<br \/>\nhogy elj\u00f6n a mi id\u0151nk is<br \/>\negyszer majd r\u00e1nk ker\u00fcl a sor<br \/>\nhogy besz\u00e1moljunk h\u0151siess\u00e9g\u00fcnkr\u0151l<br \/>\namelyre a harmadik vil\u00e1gh\u00e1bor\u00fa keret\u00e9ben<br \/>\nker\u00fclt sor<\/p>\n<p>m\u00e1r elk\u00e9pzeltem hogy t\u00e1tott sz\u00e1jjal<br \/>\nhallgatj\u00e1k t\u00f6rt\u00e9neteimet azok a gyermekek<br \/>\nakiknek csak a negyedik vil\u00e1gh\u00e1bor\u00fa<br \/>\nad es\u00e9lyt<\/p>\n<p>hanem furcsam\u00f3d<br \/>\na harmadik vil\u00e1gh\u00e1bor\u00fa elmaradt<br \/>\nvagy elh\u00faztuk l\u00e1bon mint<br \/>\nvalami betegs\u00e9get<br \/>\nmik\u00f6zben feln\u0151tt\u00e9 v\u00e1ltunk<\/p>\n<p>id\u0151k\u00f6zben a padok is elt\u00fcnedeztek<br \/>\na kapuk el\u0151l mert bek\u00f6sz\u00f6nt\u00f6tt<br \/>\na padok nagy visszavonul\u00e1sa<br \/>\ntal\u00e1n az\u00e9rt mert<br \/>\naz izgalmas t\u00f6rt\u00e9neteket m\u00e1r<br \/>\nbent a h\u00e1zban a r\u00e1di\u00f3 a t\u00e9v\u00e9<br \/>\nkezdte mondani<br \/>\n\u00e9jt napp\u00e1 t\u00e9ve<\/p>\n<p>mit mondhatok sok helyen<br \/>\nazzal a deszk\u00e1val amib\u0151l<br \/>\npadok k\u00e9sz\u00fclhettek volna<br \/>\negyszer\u0171en csak bedeszk\u00e1zt\u00e1k<br \/>\naz ablakokat &#8211;<\/p>\n<p><em>2014. febru\u00e1r 25.<\/em><\/p>\n<p><strong>* A szerz\u0151nek nemr\u00e9g megjelent, T\u00e1ncol\u00f3 k\u00f6vek\u00a0c\u00edm\u0171\u00a0versk\u00f6tet\u00e9b\u0151l (Pallas-Akad\u00e9mia,\u00a0Csikszereda, 2015)<\/strong><\/p>\n","protected":false},"excerpt":{"rendered":"<p>PADOK* Ott voltak azok a padok a kapuk el\u0151tt vas\u00e1rnapokon \u00fcnnepnapokon ki\u00fcltek oda a szomsz\u00e9dok ott \u00e9rtekeztek az \u00f6regek az els\u0151 vil\u00e1gh\u00e1bor\u00fas \u00e9lm\u00e9nyeiket besz\u00e9lt\u00e9k el amelyek tele voltak izgalmas fordulatokkal<\/p>\n","protected":false},"author":3,"featured_media":0,"comment_status":"open","ping_status":"open","sticky":false,"template":"","format":"standard","meta":{"_monsterinsights_skip_tracking":false,"_monsterinsights_sitenote_active":false,"_monsterinsights_sitenote_note":"","_monsterinsights_sitenote_category":0,"ngg_post_thumbnail":0,"footnotes":""},"categories":[137,4],"tags":[],"class_list":["post-46956","post","type-post","status-publish","format-standard","hentry","category-szaz-ev-nagy-haboru","category-vers"],"_links":{"self":[{"href":"https:\/\/ujkafe.website\/index.php?rest_route=\/wp\/v2\/posts\/46956","targetHints":{"allow":["GET"]}}],"collection":[{"href":"https:\/\/ujkafe.website\/index.php?rest_route=\/wp\/v2\/posts"}],"about":[{"href":"https:\/\/ujkafe.website\/index.php?rest_route=\/wp\/v2\/types\/post"}],"author":[{"embeddable":true,"href":"https:\/\/ujkafe.website\/index.php?rest_route=\/wp\/v2\/users\/3"}],"replies":[{"embeddable":true,"href":"https:\/\/ujkafe.website\/index.php?rest_route=%2Fwp%2Fv2%2Fcomments&post=46956"}],"version-history":[{"count":0,"href":"https:\/\/ujkafe.website\/index.php?rest_route=\/wp\/v2\/posts\/46956\/revisions"}],"wp:attachment":[{"href":"https:\/\/ujkafe.website\/index.php?rest_route=%2Fwp%2Fv2%2Fmedia&parent=46956"}],"wp:term":[{"taxonomy":"category","embeddable":true,"href":"https:\/\/ujkafe.website\/index.php?rest_route=%2Fwp%2Fv2%2Fcategories&post=46956"},{"taxonomy":"post_tag","embeddable":true,"href":"https:\/\/ujkafe.website\/index.php?rest_route=%2Fwp%2Fv2%2Ftags&post=46956"}],"curies":[{"name":"wp","href":"https:\/\/api.w.org\/{rel}","templated":true}]}}