
{"id":4709,"date":"2010-10-02T08:52:31","date_gmt":"2010-10-02T08:52:31","guid":{"rendered":"https:\/\/ujkafe.website\/?p=4709"},"modified":"2010-10-03T06:47:15","modified_gmt":"2010-10-03T06:47:15","slug":"foto-fortepan-1","status":"publish","type":"post","link":"https:\/\/ujkafe.website\/?p=4709","title":{"rendered":"Fot\u00f3: Fortepan (1)"},"content":{"rendered":"ngg_shortcode_0_placeholder\n<p><em>A legend\u00e1s v\u00e1ci Forte fot\u00f3anyaggy\u00e1r adta az \u00f6tletet n\u00e9h\u00e1ny v\u00e1llalkoz\u00f3 szellem\u0171 embernek, hogy fot\u00f3gy\u0171jtem\u00e9nyt l\u00e9tes\u00edtsenek a kidobott, lomtalan\u00edt\u00e1sok alkalm\u00e1val tal\u00e1lt fot\u00f3kb\u00f3l. A k\u00f6zel 40 ezerre r\u00fag\u00f3 b\u00e1zisb\u00f3l <a href=\"http:\/\/fortepan.hu\/\">mintegy \u00f6tezret az interneten helyeztek el<\/a>, ahol id\u0151rendben v\u00e9gigtekinthet\u0151 az a huszadik sz\u00e1zadr\u00f3l sz\u00f3l\u00f3 szubjekt\u00edv v\u00e1logat\u00e1s, mely els\u0151sorban a mag\u00e1nszf\u00e9r\u00e1n kereszt\u00fcl, minden el\u0151zetes dokument\u00e1ci\u00f3s sz\u00e1nd\u00e9k \u00e9s inform\u00e1ci\u00f3 n\u00e9lk\u00fcl felid\u00e9zi az eltelt \u00e9vsz\u00e1zad hangulat\u00e1t. Indul\u00f3 sorozatunkban, saj\u00e1t v\u00e1logat\u00e1sban, v\u00e9gigsz\u00f6kd\u00e9csel\u00fcnk az \u00e9veken, olykor kiugorva n\u00e9h\u00e1nyat &#8211; abban a rem\u00e9nyben, h\u00e1tha el\u0151deinkben majd \u00f6nmagunkra ismer\u00fcnk. Els\u0151 v\u00e1logat\u00e1sunk 1900-t\u00f3l 1915-ig terjed, t\u00edz k\u00e9pben. (Cs .G.)<\/em><\/p>\n","protected":false},"excerpt":{"rendered":"<p>A legend\u00e1s v\u00e1ci Forte fot\u00f3anyaggy\u00e1r adta az \u00f6tletet n\u00e9h\u00e1ny v\u00e1llalkoz\u00f3 szellem\u0171 embernek, hogy fot\u00f3gy\u0171jtem\u00e9nyt l\u00e9tes\u00edtsenek a kidobott, lomtalan\u00edt\u00e1sok alkalm\u00e1val tal\u00e1lt fot\u00f3kb\u00f3l. A k\u00f6zel 40 ezerre r\u00fag\u00f3 b\u00e1zisb\u00f3l mintegy \u00f6tezret az interneten helyeztek el, ahol id\u0151rendben v\u00e9gigtekinthet\u0151 az a huszadik sz\u00e1zadr\u00f3l sz\u00f3l\u00f3 szubjekt\u00edv v\u00e1logat\u00e1s, mely els\u0151sorban a mag\u00e1nszf\u00e9r\u00e1n kereszt\u00fcl, minden el\u0151zetes dokument\u00e1ci\u00f3s sz\u00e1nd\u00e9k \u00e9s inform\u00e1ci\u00f3 n\u00e9lk\u00fcl [&hellip;]<\/p>\n","protected":false},"author":3,"featured_media":0,"comment_status":"open","ping_status":"open","sticky":false,"template":"","format":"standard","meta":{"_monsterinsights_skip_tracking":false,"_monsterinsights_sitenote_active":false,"_monsterinsights_sitenote_note":"","_monsterinsights_sitenote_category":0,"ngg_post_thumbnail":0,"footnotes":""},"categories":[5],"tags":[],"class_list":["post-4709","post","type-post","status-publish","format-standard","hentry","category-foto"],"_links":{"self":[{"href":"https:\/\/ujkafe.website\/index.php?rest_route=\/wp\/v2\/posts\/4709","targetHints":{"allow":["GET"]}}],"collection":[{"href":"https:\/\/ujkafe.website\/index.php?rest_route=\/wp\/v2\/posts"}],"about":[{"href":"https:\/\/ujkafe.website\/index.php?rest_route=\/wp\/v2\/types\/post"}],"author":[{"embeddable":true,"href":"https:\/\/ujkafe.website\/index.php?rest_route=\/wp\/v2\/users\/3"}],"replies":[{"embeddable":true,"href":"https:\/\/ujkafe.website\/index.php?rest_route=%2Fwp%2Fv2%2Fcomments&post=4709"}],"version-history":[{"count":0,"href":"https:\/\/ujkafe.website\/index.php?rest_route=\/wp\/v2\/posts\/4709\/revisions"}],"wp:attachment":[{"href":"https:\/\/ujkafe.website\/index.php?rest_route=%2Fwp%2Fv2%2Fmedia&parent=4709"}],"wp:term":[{"taxonomy":"category","embeddable":true,"href":"https:\/\/ujkafe.website\/index.php?rest_route=%2Fwp%2Fv2%2Fcategories&post=4709"},{"taxonomy":"post_tag","embeddable":true,"href":"https:\/\/ujkafe.website\/index.php?rest_route=%2Fwp%2Fv2%2Ftags&post=4709"}],"curies":[{"name":"wp","href":"https:\/\/api.w.org\/{rel}","templated":true}]}}