
{"id":50576,"date":"2016-04-25T13:57:07","date_gmt":"2016-04-25T13:57:07","guid":{"rendered":"https:\/\/ujkafe.website\/?p=50576"},"modified":"2016-04-25T13:57:07","modified_gmt":"2016-04-25T13:57:07","slug":"miklos-gyurkane-szalyka-rozsa-enekelte","status":"publish","type":"post","link":"https:\/\/ujkafe.website\/?p=50576","title":{"rendered":"Mikl\u00f3s Gyurk\u00e1n\u00e9 Sz\u00e1lyka R\u00f3zsa \u00e9nekelte&#8230;"},"content":{"rendered":"<p><em>Az al\u00e1bbi cs\u00e1ng\u00f3 dalokat Kall\u00f3s Zolt\u00e1n gy\u0171jt\u00f6tte, amikor az \u00f6tvenes \u00e9vekben L\u00e9szpeden tanit\u00f3skodott; gyakran \u00e1tj\u00e1rt Kl\u00e9zs\u00e9re, hogy \u00e9nekeltesse Mikl\u00f3s Gyurk\u00e1n\u00e9 Sz\u00e1lyka R\u00f3zs\u00e1t s lejegyezze az \u00e1ltala tudott cs\u00e1ng\u00f3 dalokat. Ebb\u0151l lett azt\u00e1n egy csod\u00e1latos gy\u0171jtem\u00e9ny, amelyet 1973-ban a most 90 esztend\u0151s gy\u0171jt\u0151 \u00daj guzsalyam mellett cimmel k\u00f6zz\u00e9tett a Kriterion k\u00f6nyvkiad\u00f3 j\u00f3volt\u00e1b\u00f3l.\u00a0<\/em><\/p>\n<p><strong>(Mikor i\u00e9n ly\u00e1ny&#8230;)<\/strong><\/p>\n<p>Mikor i\u00e9n ly\u00e1ny v\u00f3tam,<br \/>\nSzabad mad\u00e1r v\u00f3tam.<br \/>\nHa r\u00e9gvel elmentem,<br \/>\nEste haza mentem.<!--more--><\/p>\n<p>Ud1 nem ki\u00e9rdte senki,<br \/>\nHov\u00e1 j\u00e1rtal ly\u00e1nyom?<br \/>\nCsak any\u00e1m azt mondta:<br \/>\nFekidj\u00e9l2 le ly\u00e1nyom.<\/p>\n<p>Azt mondta m\u00e1mik\u00e1m3:<br \/>\nFekidj le ly\u00e1nyecsk\u00e1m,<br \/>\nTedd le te fejedet<br \/>\nLe\u00e1nti p\u00e1rn\u00e1dra4.<\/p>\n<p>Le\u00e1nti p\u00e1rn\u00e1mon<br \/>\nI\u00e9n hogy elaludtam,<br \/>\nI\u00e9n \u00e9desany\u00e1mn\u00e1l<br \/>\nFogott5 mad\u00e1r v\u00f3tam.<\/p>\n<p style=\"padding-left: 60px;\"><em>1. \u00fagy<\/em><br \/>\n<em>2. fek\u00fcdj\u00e9l<\/em><br \/>\n<em>3. nagyany\u00e1m<\/em><br \/>\n<em>4. le\u00e1nykori p\u00e1rn\u00e1dra<\/em><br \/>\n<em>5. fogoly<\/em><\/p>\n<p><strong>(F\u00faddog\u00e1l e szell\u0151&#8230;)<\/strong><\/p>\n<p>F\u00faddog\u00e1l e szell\u0151,<br \/>\nA sem tudom, merr\u0151l,<br \/>\nAl\u00f3l-e vaj fely\u00fcl1,<br \/>\nVaj i\u00e9desem fel\u0151l?<\/p>\n<p>Al\u00f3l es f\u00faddog\u00e1l,<br \/>\nFely\u00fcl es f\u00faddog\u00e1l,<br \/>\nDe i\u00e9desem fel\u0151l<br \/>\nNem eppe f\u00faddog\u00e1l2.<\/p>\n<p>Met i\u00e9desem fel\u0151l<br \/>\nSzomor\u00fa h\u00edrt halltam3,<br \/>\n\u00dagy halltam i\u00e9desem,<br \/>\nHogy el akarsz hagyni,<\/p>\n<p>Velem egy faluba<br \/>\nNem akarol4 lakni.<br \/>\nNe menj el i\u00e9desem,<br \/>\nNe hagyj el ingemet!<\/p>\n<p>Ne menj el i\u00e9desem,<br \/>\nNe hagyj el ingemet,<br \/>\nMegveszen ingem is5<br \/>\nE sanyar\u00fa hideg.<\/p>\n<p style=\"padding-left: 60px;\"><em>1. alul-e vagy fel\u00fcl<\/em><br \/>\n<em>2. nem \u00e9ppen f\u00fajdog\u00e1l<\/em><br \/>\n<em>3. hallottam<\/em><br \/>\n<em>4. akarsz<\/em><br \/>\n<em>5. megvesz engem is<\/em><\/p>\n<p><strong><a href=\"http:\/\/mek.oszk.hu\/kiallitas\/erdelyi\/guzsalyam.htm\">Forr\u00e1s: Erd\u00e9lyi \u00e9s cs\u00e1ng\u00f3 k\u00f6lt\u00e9szet antol\u00f3gi\u00e1ja<\/a><\/strong><\/p>\n","protected":false},"excerpt":{"rendered":"<p>Az al\u00e1bbi cs\u00e1ng\u00f3 dalokat Kall\u00f3s Zolt\u00e1n gy\u0171jt\u00f6tte, amikor az \u00f6tvenes \u00e9vekben L\u00e9szpeden tanit\u00f3skodott; gyakran \u00e1tj\u00e1rt Kl\u00e9zs\u00e9re, hogy \u00e9nekeltesse Mikl\u00f3s Gyurk\u00e1n\u00e9 Sz\u00e1lyka R\u00f3zs\u00e1t s lejegyezze az \u00e1ltala tudott cs\u00e1ng\u00f3 dalokat. Ebb\u0151l lett azt\u00e1n egy csod\u00e1latos gy\u0171jtem\u00e9ny, amelyet 1973-ban a most 90 esztend\u0151s gy\u0171jt\u0151 \u00daj guzsalyam mellett cimmel k\u00f6zz\u00e9tett a Kriterion k\u00f6nyvkiad\u00f3 j\u00f3volt\u00e1b\u00f3l.\u00a0 (Mikor i\u00e9n ly\u00e1ny&#8230;) Mikor [&hellip;]<\/p>\n","protected":false},"author":3,"featured_media":0,"comment_status":"open","ping_status":"open","sticky":false,"template":"","format":"standard","meta":{"_monsterinsights_skip_tracking":false,"_monsterinsights_sitenote_active":false,"_monsterinsights_sitenote_note":"","_monsterinsights_sitenote_category":0,"ngg_post_thumbnail":0,"footnotes":""},"categories":[28],"tags":[],"class_list":["post-50576","post","type-post","status-publish","format-standard","hentry","category-dal"],"_links":{"self":[{"href":"https:\/\/ujkafe.website\/index.php?rest_route=\/wp\/v2\/posts\/50576","targetHints":{"allow":["GET"]}}],"collection":[{"href":"https:\/\/ujkafe.website\/index.php?rest_route=\/wp\/v2\/posts"}],"about":[{"href":"https:\/\/ujkafe.website\/index.php?rest_route=\/wp\/v2\/types\/post"}],"author":[{"embeddable":true,"href":"https:\/\/ujkafe.website\/index.php?rest_route=\/wp\/v2\/users\/3"}],"replies":[{"embeddable":true,"href":"https:\/\/ujkafe.website\/index.php?rest_route=%2Fwp%2Fv2%2Fcomments&post=50576"}],"version-history":[{"count":0,"href":"https:\/\/ujkafe.website\/index.php?rest_route=\/wp\/v2\/posts\/50576\/revisions"}],"wp:attachment":[{"href":"https:\/\/ujkafe.website\/index.php?rest_route=%2Fwp%2Fv2%2Fmedia&parent=50576"}],"wp:term":[{"taxonomy":"category","embeddable":true,"href":"https:\/\/ujkafe.website\/index.php?rest_route=%2Fwp%2Fv2%2Fcategories&post=50576"},{"taxonomy":"post_tag","embeddable":true,"href":"https:\/\/ujkafe.website\/index.php?rest_route=%2Fwp%2Fv2%2Ftags&post=50576"}],"curies":[{"name":"wp","href":"https:\/\/api.w.org\/{rel}","templated":true}]}}