
{"id":50608,"date":"2016-04-26T06:50:00","date_gmt":"2016-04-26T06:50:00","guid":{"rendered":"https:\/\/ujkafe.website\/?p=50608"},"modified":"2016-04-26T06:50:31","modified_gmt":"2016-04-26T06:50:31","slug":"szaz-ev-nagy-haboru-benamy-sandor","status":"publish","type":"post","link":"https:\/\/ujkafe.website\/?p=50608","title":{"rendered":"Sz\u00e1z \u00e9v \u2013 nagy h\u00e1bor\u00fa: Benamy S\u00e1ndor"},"content":{"rendered":"<h2><strong>S\u00edrok ment\u00e9n<\/strong><\/h2>\n<p>&#8230;Kolozsv\u00e1rr\u00f3l nem kellett messzire menni, tal\u00e1n ha n\u00e9gy \u00f3r\u00e1t vonattal, hogy a D\u00e9li-K\u00e1rp\u00e1tok szorosain l\u00e1b\u00e1val \u00e9rinthesse az ember a s\u00edrokat, amelyek ott, az els\u0151 vil\u00e1gh\u00e1bor\u00faban is m\u00e1r a katon\u00e1k ezreit elnyelt\u00e9k.<br \/>\nT\u00f6m\u00f6s, Gyimes, T\u00f6lgyes k\u00f6rny\u00e9k\u00e9n csak le kellett jegyeznem a k\u00f6z\u00f6s fejf\u00e1kr\u00f3l a neveket, <!--more-->hogy \u00e9gbeki\u00e1lt\u00f3an kit\u0171nj\u00e9k: hogyan dob\u00e1lta \u00f6sszevissza m\u00e1r akkor is a maga c\u00e9ljai\u00e9rt, \u201eDrang nach Osten&#8221;-m\u00e1ni\u00e1j\u00e1\u00e9rt a Ruhr-vid\u00e9ki gy\u00e1ripar, a n\u00e9met hadvezet\u0151s\u00e9g, k\u00f6zelebbr\u0151l Mackensen t\u00e1bornok, a szomsz\u00e9d orsz\u00e1gok egyszer\u0171, hisz\u00e9keny lakosait.<br \/>\nAz els\u0151 s\u00edrban, amelyet megpillantottam, fek\u00fcdtek: Barta S\u00e1ndor k\u00e1pl\u00e1r, M\u00e1ty\u00e1s Ben\u0151, Apjok Ferenc, Ott\u00f3 Schonecken. Elestek ugyanegy napon, 1917. szeptember 29-ik\u00e9n.<br \/>\nEgy m\u00e1sik s\u00edrban: Brateanu Simon (rom\u00e1n, harcolt a rom\u00e1nok ellen), Chomitzkij Dimitrij (lengyel), P. Risbir Jank\u00f3 (szerb), Bal\u00e1zs Istv\u00e1n (sz\u00e9kely). Hal\u00e1luk id\u0151pontja nincs felt\u00fcntetve.<br \/>\nN\u00e9gyes s\u00edrban nyugszik: Luca Dimdoru, Oborsz\u00e1n S\u00e1ndor, \u00c1rp\u00e1d B\u00e9ni, Pandurov Iv\u00e1n. Ez ut\u00f3bbi tal\u00e1n bolg\u00e1r lehetett. K\u00fczd\u00f6ttek hasonl\u00f3 szeg\u00e9nyleg\u00e9nyek ellen.<br \/>\n\u00dajabb k\u00f6z\u00f6s s\u00edr: Sveskov Savu honv\u00e9d, F. Steingraber (sz\u00e1sz), Jesto Peic (szlov\u00e9n), Wilhelm Leonard (sz\u00e1sz).<br \/>\nTal\u00e1ltam egy t\u00f6megs\u00edrt: Sanak Stiro, Andreas Gr\u00fcndl, Geres K\u00e1roly, Kis Ign\u00e1c, Schwartz Simon, L. Hindelang, G. Stolpner, mell\u00e9 \u00edrva: Unteroffizier, vagyis altiszt, \u00e9s Eduard Berger, musikant, vagyis zen\u00e9sz. Elestek 1917. szeptember 25 \u00e9s 28 k\u00f6z\u00f6tt.<br \/>\nM\u00e1r kor\u00e1bban, 1917. janu\u00e1r 30-ik\u00e1n, \u201ehaltak h\u0151si hal\u00e1lt&#8221; \u2013 Krupp\u00e9rt, Thyssen\u00e9rt, export\u0151r\u00f6k\u00e9rt, import\u0151r\u00f6k\u00e9rt: \u2013 Wilhelm Diltmann, Georg Hock, Bencsik M\u00e1t\u00e9 \u00e9s Stefan Starevics (bugyog\u00f3s bosny\u00e1k). Az 1917-es \u00faj esztend\u0151b\u0151l, amelynek bek\u00f6sz\u00f6ntekor szeretteik bizony\u00e1ra csupa j\u00f3t k\u00edv\u00e1ntak nekik, \u00e9s tal\u00e1n egym\u00e1st is felk\u00f6sz\u00f6nt\u00f6tt\u00e9k a l\u00f6v\u00e9sz\u00e1rokban, ha esetleg \u00e9ppen csend volt&#8230; \u00e9ltek teh\u00e1t \u00f6sszesen m\u00e9g 30, \u00edrd \u00e9s mondd: harminc napot. Mind K.u.K., dressz\u00edroz\u00f3ik parancs\u00e1ra r\u00e1usz\u00edtva az \u201eellens\u00e9gre&#8221;. K\u00f6z\u00f6sen ugassatok, kuty\u00e1k!<br \/>\nA szoros \u2013 a t\u00f6m\u00f6si, gyimesi, t\u00f6lgyesi \u2013 maga is oly becsali volt, oly ravasz, oly alattomos, feltekintettem most szikl\u00e1s p\u00e1rk\u00e1nyukra, amelyekr\u0151l a lent vonul\u00f3kra lesb\u0151l l\u0151ttek, f\u00e1k alig v\u00e9delmezt\u00e9k, a hal\u00e1l folyos\u00f3ja volt mind.<br \/>\nH\u00e1t ezek kik voltak? Peter Maxiyussim, Incze Antal, J. Schindler, W. Slowinskij.<br \/>\nHa hozz\u00e1tartoz\u00f3ik m\u00e9g \u00e9lnek valahol, \u00e9s olvass\u00e1k itt tal\u00e1n e neveket, bocs\u00e1ssanak meg a f\u00e1jdalom\u00e9rt, amelyet okozok.<br \/>\nAz egyik s\u00edron jelezve, hogy. a 188. Infanterie Regimentb\u0151l val\u00f3k a halottai: Szab\u00f3 P\u00e9ter, Kuriz\u00e1r gyalogos, Wilhelm Welde, Johann Grabowsky \u00e9s \u2013 Pegasinovics. Enn\u00e9l keresztn\u00e9v nincs. Csak: Pegasinovics. Ugrott, am\u00edg \u00e9lt. Pegasinovics, ide! Igenis, al\u00e1ssan jelentkezem: Pegasinovics!<br \/>\nEgy egyes s\u00edron csak ennyi: \u201eIsmeretlen&#8221;. Azaz hogy n\u00e9met\u00fcl: \u201eUnbekannt&#8221;. De ekkor m\u00e1r a francia Paul Raynal meg\u00edrta \u0151t, az Ismeretlen Katon\u00e1t. \u00c9s j\u00f3l keresett vele.<br \/>\n\u00c9s v\u00e9g\u00fcl d\u00edszhelyen, egy dombon, csupa n\u00e9met tiszt. Tal\u00e1n csak egy volt k\u00f6zt\u00fck lengyel, F. Razkoyiczky, I. R. 189. De a t\u00f6bbi csupa r\u00f6vid vezet\u00e9knev\u0171: Shreinert, Gr\u00fcnke, Janiel, Tietz, Repke. Pattoghattak n\u00e9vsor-olvas\u00e1sn\u00e1l. \u00c9s ahogy jelentkeztek! \u201eHier!&#8221; vagy ,Jawohl!&#8221; Mind tiszt. \u00darfi. \u201eSie starben als deutsche Helden &#8230; N\u00e9met h\u0151s\u00f6kk\u00e9nt haltak.&#8221;<br \/>\nDe, egy\u00e1ltal\u00e1n, mit kerestek itt? Hja, a k\u00f6zembereket vezett\u00e9k.<\/p>\n<p><em><strong>Forr\u00e1s: Benamy S\u00e1ndor: A XX. sz\u00e1zadban \u00e9ltem. Sz\u00e9pirodalmi K\u00f6nyvkiad\u00f3, 1966, Budapest<\/strong><\/em><\/p>\n","protected":false},"excerpt":{"rendered":"<p>S\u00edrok ment\u00e9n &#8230;Kolozsv\u00e1rr\u00f3l nem kellett messzire menni, tal\u00e1n ha n\u00e9gy \u00f3r\u00e1t vonattal, hogy a D\u00e9li-K\u00e1rp\u00e1tok szorosain l\u00e1b\u00e1val \u00e9rinthesse az ember a s\u00edrokat, amelyek ott, az els\u0151 vil\u00e1gh\u00e1bor\u00faban is m\u00e1r a katon\u00e1k ezreit elnyelt\u00e9k. T\u00f6m\u00f6s, Gyimes, T\u00f6lgyes k\u00f6rny\u00e9k\u00e9n csak le kellett jegyeznem a k\u00f6z\u00f6s fejf\u00e1kr\u00f3l a neveket,<\/p>\n","protected":false},"author":3,"featured_media":0,"comment_status":"open","ping_status":"open","sticky":false,"template":"","format":"standard","meta":{"_monsterinsights_skip_tracking":false,"_monsterinsights_sitenote_active":false,"_monsterinsights_sitenote_note":"","_monsterinsights_sitenote_category":0,"ngg_post_thumbnail":0,"footnotes":""},"categories":[16,137],"tags":[],"class_list":["post-50608","post","type-post","status-publish","format-standard","hentry","category-bongeszde","category-szaz-ev-nagy-haboru"],"_links":{"self":[{"href":"https:\/\/ujkafe.website\/index.php?rest_route=\/wp\/v2\/posts\/50608","targetHints":{"allow":["GET"]}}],"collection":[{"href":"https:\/\/ujkafe.website\/index.php?rest_route=\/wp\/v2\/posts"}],"about":[{"href":"https:\/\/ujkafe.website\/index.php?rest_route=\/wp\/v2\/types\/post"}],"author":[{"embeddable":true,"href":"https:\/\/ujkafe.website\/index.php?rest_route=\/wp\/v2\/users\/3"}],"replies":[{"embeddable":true,"href":"https:\/\/ujkafe.website\/index.php?rest_route=%2Fwp%2Fv2%2Fcomments&post=50608"}],"version-history":[{"count":0,"href":"https:\/\/ujkafe.website\/index.php?rest_route=\/wp\/v2\/posts\/50608\/revisions"}],"wp:attachment":[{"href":"https:\/\/ujkafe.website\/index.php?rest_route=%2Fwp%2Fv2%2Fmedia&parent=50608"}],"wp:term":[{"taxonomy":"category","embeddable":true,"href":"https:\/\/ujkafe.website\/index.php?rest_route=%2Fwp%2Fv2%2Fcategories&post=50608"},{"taxonomy":"post_tag","embeddable":true,"href":"https:\/\/ujkafe.website\/index.php?rest_route=%2Fwp%2Fv2%2Ftags&post=50608"}],"curies":[{"name":"wp","href":"https:\/\/api.w.org\/{rel}","templated":true}]}}