
{"id":5106,"date":"2010-10-14T11:58:37","date_gmt":"2010-10-14T11:58:37","guid":{"rendered":"https:\/\/ujkafe.website\/?p=5106"},"modified":"2010-10-14T11:58:37","modified_gmt":"2010-10-14T11:58:37","slug":"cseh-beremenyi-a-hatvanas-evekben","status":"publish","type":"post","link":"https:\/\/ujkafe.website\/?p=5106","title":{"rendered":"Cseh-Berem\u00e9nyi: A hatvanas \u00e9vekben"},"content":{"rendered":"<p>http:\/\/www.youtube.com\/watch?v=CG6INjVFWdM&#038;feature=player_embedded<\/p>\n<p>A hatvanas \u00e9vekben ny\u00e1r fel\u00e9 tet\u0151z\u00f6tt az ifj\u00fas\u00e1gi probl\u00e9ma.<br \/>\nEml\u00e9kszem nap mint nap haj\u00f3val \u00e1tment\u00fcnk Alm\u00e1dib\u00f3l Si\u00f3fokra.<br \/>\n\u00d3 a r\u00e9gi, \u00f3 a Balaton, r\u00e9gi nyarakon, b\u00e1r nem volt vitorl\u00e1shaj\u00f3nk.<br \/>\n\u00d3 a r\u00e9gi, \u00f3 a teraszon, \u00fclt\u00fcnk nyarakon, \u00fagy n\u00e9zt\u00fcnk v\u00e9gig a tavon.<\/p>\n<p><!--more--><\/p>\n<p>Filmek is k\u00e9sz\u00fcltek, v\u00e1szonr\u00f3l r\u00e1nk n\u00e9ztek aut\u00f3stoppos fiatalok.<br \/>\nTwistelve n\u00e9zt\u00e9k a v\u00edzt\u00fckr\u00f6t, s hallgatt\u00e1k mit csacsognak a v\u00edzhabok.<\/p>\n<p>A hatvanas \u00e9vekben, fellazult t\u00e9telben fogalmaz\u00f3dott meg a vil\u00e1g.<br \/>\nKafk\u00e1ban, Sartre-ban \u00e9s t\u00e1voli b\u00f6lcsekben csod\u00e1lta meg \u00f6nn\u00f6nmag\u00e1t.<br \/>\n\u00d3 a r\u00e9gi, \u00f3 a Balaton, r\u00e9gi nyarakon, b\u00e1r nem volt vitorl\u00e1shaj\u00f3nk.<br \/>\n\u00d3 a r\u00e9gi, \u00f3 a teraszon, \u00fclt\u00fcnk nyarakon, \u00fagy n\u00e9zt\u00fcnk v\u00e9gig a tavon.<\/p>\n<p>T\u00e1gul\u00f3 gy\u0171r\u0171kben konszolid\u00e1ci\u00f3t hull\u00e1mzott a sz\u00e9p Balaton<br \/>\nEml\u00e9kszem \u00e1tment\u00fcnk B\u00e9latelepr\u0151l R\u00e9vf\u00fcl\u00f6pre egy ny\u00e1ri napon<br \/>\n\u00d3 a r\u00e9gi, \u00f3 a Balaton, r\u00e9gi nyarakon, b\u00e1r nem volt vitorl\u00e1shaj\u00f3nk.<br \/>\n\u00d3 a r\u00e9gi, \u00f3 a teraszon, \u00fclt\u00fcnk nyarakon, \u00fagy n\u00e9zt\u00fcnk v\u00e9gig a tavon.<\/p>\n","protected":false},"excerpt":{"rendered":"<p>http:\/\/www.youtube.com\/watch?v=CG6INjVFWdM&#038;feature=player_embedded A hatvanas \u00e9vekben ny\u00e1r fel\u00e9 tet\u0151z\u00f6tt az ifj\u00fas\u00e1gi probl\u00e9ma. Eml\u00e9kszem nap mint nap haj\u00f3val \u00e1tment\u00fcnk Alm\u00e1dib\u00f3l Si\u00f3fokra. \u00d3 a r\u00e9gi, \u00f3 a Balaton, r\u00e9gi nyarakon, b\u00e1r nem volt vitorl\u00e1shaj\u00f3nk. \u00d3 a r\u00e9gi, \u00f3 a teraszon, \u00fclt\u00fcnk nyarakon, \u00fagy n\u00e9zt\u00fcnk v\u00e9gig a tavon.<\/p>\n","protected":false},"author":3,"featured_media":0,"comment_status":"open","ping_status":"open","sticky":false,"template":"","format":"standard","meta":{"_monsterinsights_skip_tracking":false,"_monsterinsights_sitenote_active":false,"_monsterinsights_sitenote_note":"","_monsterinsights_sitenote_category":0,"ngg_post_thumbnail":0,"footnotes":""},"categories":[28],"tags":[],"class_list":["post-5106","post","type-post","status-publish","format-standard","hentry","category-dal"],"_links":{"self":[{"href":"https:\/\/ujkafe.website\/index.php?rest_route=\/wp\/v2\/posts\/5106","targetHints":{"allow":["GET"]}}],"collection":[{"href":"https:\/\/ujkafe.website\/index.php?rest_route=\/wp\/v2\/posts"}],"about":[{"href":"https:\/\/ujkafe.website\/index.php?rest_route=\/wp\/v2\/types\/post"}],"author":[{"embeddable":true,"href":"https:\/\/ujkafe.website\/index.php?rest_route=\/wp\/v2\/users\/3"}],"replies":[{"embeddable":true,"href":"https:\/\/ujkafe.website\/index.php?rest_route=%2Fwp%2Fv2%2Fcomments&post=5106"}],"version-history":[{"count":0,"href":"https:\/\/ujkafe.website\/index.php?rest_route=\/wp\/v2\/posts\/5106\/revisions"}],"wp:attachment":[{"href":"https:\/\/ujkafe.website\/index.php?rest_route=%2Fwp%2Fv2%2Fmedia&parent=5106"}],"wp:term":[{"taxonomy":"category","embeddable":true,"href":"https:\/\/ujkafe.website\/index.php?rest_route=%2Fwp%2Fv2%2Fcategories&post=5106"},{"taxonomy":"post_tag","embeddable":true,"href":"https:\/\/ujkafe.website\/index.php?rest_route=%2Fwp%2Fv2%2Ftags&post=5106"}],"curies":[{"name":"wp","href":"https:\/\/api.w.org\/{rel}","templated":true}]}}