
{"id":5130,"date":"2010-10-16T06:01:18","date_gmt":"2010-10-16T06:01:18","guid":{"rendered":"https:\/\/ujkafe.website\/?p=5130"},"modified":"2010-10-16T06:01:18","modified_gmt":"2010-10-16T06:01:18","slug":"retro-vita-a-kafe-kerdezett-is-2","status":"publish","type":"post","link":"https:\/\/ujkafe.website\/?p=5130","title":{"rendered":"Retro-vita: A K\u00e1f\u00e9 k\u00e9rdezett is (2)"},"content":{"rendered":"<p><em>Bal\u00e1zs Imre J\u00f3zseft\u0151l:<\/em><br \/>\n<em> A Hervay &#8222;\u00f6sszes&#8221;-ben nem tal\u00e1lok egyetlen k\u00e1romkod\u00e1st sem, att\u00f3l olyan j\u00f3, amit \u00edrt? Tal\u00e1n jobb lett volna h\u00e1rom l\u00f3faszt\u00f3l?<\/em><\/p>\n<p>&#8211; Szembek\u00f6p\u00e9s van Hervayn\u00e1l, l\u00f3fasz nincs. Azt hiszem, ott, ahol a szembek\u00f6p\u00e9s van, intenz\u00edvebb\u00e9 v\u00e1lik a sz\u00f6veg: \u00fagy van meg\u00edrva. Ezt a (tudom, nehezen k\u00f6r\u00fcl\u00edrhat\u00f3) intenzit\u00e1st sokf\u00e9lek\u00e9ppen el lehet \u00e9rni, de csup\u00e1n a tabu-szavak haszn\u00e1lata biztosan nem el\u00e9g hozz\u00e1.<\/p>\n<p><!--more--><\/p>\n<p>&#8222;Intenz\u00edv&#8221; ebben az \u00e9rtelemben p\u00e9ld\u00e1ul Petrit\u0151l a Hogy el\u00e9rjek a naps\u00fct\u00f6tte s\u00e1vig c. vers, de ott sem maguk a haszn\u00e1lt szavak teszik azz\u00e1. A magyar erotikus k\u00f6lt\u00e9szetnek is vannak kit\u0171n\u0151 darabjai. De azt gondolom, a hasonl\u00f3 probl\u00e9m\u00e1k vit\u00e1j\u00e1t konkr\u00e9tan, egy-egy sz\u00f6vegb\u0151l kiindulva lehetne elv\u00e9gezni.<\/p>\n<p style=\"text-align: right;\">(K\u00e1f\u00e9)<\/p>\n<p>Kor\u00e1bbiak:<\/p>\n<p><strong><em><a href=\"https:\/\/ujkafe.website\/?p=5041\">Retro-vita: A K\u00e1f\u00e9 k\u00e9rdezett is (1)<\/a><\/em><\/strong><\/p>\n<p><strong><em>Retro-vita: <\/em><\/strong><a title=\"\u201cRetro-vita: Finomkod\u00e1s helyett finoms\u00e1g \u00e9s \u00edzl\u00e9s az irodalmi sz\u00f6vegben\u201d szerkeszt\u00e9se\" href=\"https:\/\/ujkafe.website\/wp-admin\/post.php?action=edit&amp;post=4968\"><strong><em>Finomkod\u00e1s helyett finoms\u00e1g \u00e9s \u00edzl\u00e9s az irodalmi sz\u00f6vegben<\/em><\/strong><\/a><\/p>\n<p><a href=\"https:\/\/ujkafe.website\/?p=4864\"><strong><em>Retro-vita: Amikor Pruteanunak igaza volt<\/em><\/strong><\/a><\/p>\n<p><a href=\"https:\/\/ujkafe.website\/?p=4751\"><strong><em>Retro-vita: Mumuban, ak\u00e1r a tehenek?<\/em><\/strong><\/a><\/p>\n<p><a href=\"https:\/\/ujkafe.website\/?p=4620\"><strong><em>Retro-vita: sv\u00e9dek<\/em><\/strong><\/a><\/p>\n<p><a href=\"https:\/\/ujkafe.website\/?p=4547\"><strong><em>Retro-vita: Elal\u00e9l\u00f3 lila l\u00f3<\/em><\/strong><\/a><\/p>\n<p><a href=\"https:\/\/ujkafe.website\/?p=4490\"><strong><em>Retro-vita: A rend\u0151r meghalt, a diri \u00e9l<\/em><\/strong><\/a><\/p>\n<p><a href=\"https:\/\/ujkafe.website\/?p=4393\"><strong><em>Retro-vita: \u00c1goston Hug\u00f3 finomkodik<\/em><\/strong><\/a><\/p>\n<p><a href=\"https:\/\/ujkafe.website\/?p=4341\"><strong><em>Retro-vita: Ribilli\u00f3 a Korunkn\u00e1l<\/em><\/strong><\/a><\/p>\n<p><a href=\"https:\/\/ujkafe.website\/?p=4306\"><strong><em>Retro-vita: Hogy besz\u00e9lne egy katona?<\/em><\/strong><\/a><\/p>\n<p><a href=\"https:\/\/ujkafe.website\/?p=4256\"><strong><em>Retro-vita: Fragment\u00e1lunk?<\/em><\/strong><\/a><\/p>\n<p><a href=\"https:\/\/ujkafe.website\/?p=4239\"><strong><em>Retro-vita: &#8230;az Akad\u00e9mi\u00e1t?<\/em><\/strong><\/a><\/p>\n<p><a href=\"https:\/\/ujkafe.website\/?p=4204\"><strong><em>Retro-vita: Spont\u00e1n gondolat<\/em><\/strong><\/a><\/p>\n<p><a href=\" https:\/\/ujkafe.website\/?p=4170\"><strong><em>Retro-vita: Ha neked az an\u00e1lis t\u00fal lok\u00e1lis<\/em><\/strong><\/a><\/p>\n<p><a href=\" https:\/\/ujkafe.website\/?p=4101\"><strong><em>Retro-vita: H\u00e1ny l\u00f3fasz teszi a finomlelk\u0171 \u00edr\u00f3t?<\/em><\/strong><\/a><\/p>\n<p><a href=\"https:\/\/ujkafe.website\/?p=4051\"><strong><em>Retro-vita: Nyolcvan procent<\/em><\/strong><\/a><\/p>\n<p><a href=\"https:\/\/ujkafe.website\/?p=4001\"><strong><em>Retro-vita: A sz\u00f3t\u00e1r teli van mindenf\u00e9l\u00e9vel&#8230;<\/em><\/strong><\/a><\/p>\n<p><a href=\"https:\/\/ujkafe.website\/?p=3975\"><strong><em>Retro-vita: Mikor \u00e9s mi\u00e9rt (ne)?<\/em><\/strong><\/a><\/p>\n<p><a href=\"https:\/\/ujkafe.website\/?p=3957\"><strong><em>Retro-vita: Rendhagy\u00f3 &#8222;Nyelv \u00e9s \u00e9let&#8221;<\/em><\/strong><\/a><\/p>\n<p><a href=\"https:\/\/ujkafe.website\/?p=3926\"><strong><em>Retro-vita: A dolgok n\u00e9ven nevez\u00e9s\u00e9r\u0151l<\/em><\/strong><\/a><\/p>\n<p><a href=\"https:\/\/ujkafe.website\/?p=3914\"><strong><em>Retro-vita: Az irodalom nem mindig a sz\u00e9pr\u0151l sz\u00f3l<\/em><\/strong><\/a><\/p>\n<p><a href=\"https:\/\/ujkafe.website\/?p=3895\"><strong><em>Retro-vita: Irodalom \u00e9s szabads\u00e1g<\/em><\/strong><\/a><\/p>\n<p><a href=\"https:\/\/ujkafe.website\/?p=3838\"><strong><em>Retro-vita: Egy konkr\u00e9tum<\/em><\/strong><\/a><\/p>\n<p><a href=\"https:\/\/ujkafe.website\/?p=3823\"><strong><em>Retro-vita: J\u00f3, rossz stb.<\/em><\/strong><\/a><\/p>\n<p><a href=\"https:\/\/ujkafe.website\/?p=3810\"><strong><em>Retro-vita: Az igazi obszcenit\u00e1s a v\u00e9res er\u0151szak<\/em><\/strong><\/a><\/p>\n<p><a href=\"https:\/\/ujkafe.website\/?p=3795\"><strong><em>Retro-vita: Szabadsz\u00e1j\u00fas\u00e1g vagy finomkod\u00e1s?<\/em><\/strong><\/a><\/p>\n","protected":false},"excerpt":{"rendered":"<p>Bal\u00e1zs Imre J\u00f3zseft\u0151l: A Hervay &#8222;\u00f6sszes&#8221;-ben nem tal\u00e1lok egyetlen k\u00e1romkod\u00e1st sem, att\u00f3l olyan j\u00f3, amit \u00edrt? Tal\u00e1n jobb lett volna h\u00e1rom l\u00f3faszt\u00f3l? &#8211; Szembek\u00f6p\u00e9s van Hervayn\u00e1l, l\u00f3fasz nincs. Azt hiszem, ott, ahol a szembek\u00f6p\u00e9s van, intenz\u00edvebb\u00e9 v\u00e1lik a sz\u00f6veg: \u00fagy van meg\u00edrva. Ezt a (tudom, nehezen k\u00f6r\u00fcl\u00edrhat\u00f3) intenzit\u00e1st sokf\u00e9lek\u00e9ppen el lehet \u00e9rni, de csup\u00e1n a [&hellip;]<\/p>\n","protected":false},"author":3,"featured_media":0,"comment_status":"open","ping_status":"open","sticky":false,"template":"","format":"standard","meta":{"_monsterinsights_skip_tracking":false,"_monsterinsights_sitenote_active":false,"_monsterinsights_sitenote_note":"","_monsterinsights_sitenote_category":0,"ngg_post_thumbnail":0,"footnotes":""},"categories":[14,127],"tags":[],"class_list":["post-5130","post","type-post","status-publish","format-standard","hentry","category-a-regi-kafebol","category-vita"],"_links":{"self":[{"href":"https:\/\/ujkafe.website\/index.php?rest_route=\/wp\/v2\/posts\/5130","targetHints":{"allow":["GET"]}}],"collection":[{"href":"https:\/\/ujkafe.website\/index.php?rest_route=\/wp\/v2\/posts"}],"about":[{"href":"https:\/\/ujkafe.website\/index.php?rest_route=\/wp\/v2\/types\/post"}],"author":[{"embeddable":true,"href":"https:\/\/ujkafe.website\/index.php?rest_route=\/wp\/v2\/users\/3"}],"replies":[{"embeddable":true,"href":"https:\/\/ujkafe.website\/index.php?rest_route=%2Fwp%2Fv2%2Fcomments&post=5130"}],"version-history":[{"count":0,"href":"https:\/\/ujkafe.website\/index.php?rest_route=\/wp\/v2\/posts\/5130\/revisions"}],"wp:attachment":[{"href":"https:\/\/ujkafe.website\/index.php?rest_route=%2Fwp%2Fv2%2Fmedia&parent=5130"}],"wp:term":[{"taxonomy":"category","embeddable":true,"href":"https:\/\/ujkafe.website\/index.php?rest_route=%2Fwp%2Fv2%2Fcategories&post=5130"},{"taxonomy":"post_tag","embeddable":true,"href":"https:\/\/ujkafe.website\/index.php?rest_route=%2Fwp%2Fv2%2Ftags&post=5130"}],"curies":[{"name":"wp","href":"https:\/\/api.w.org\/{rel}","templated":true}]}}