
{"id":5190,"date":"2010-10-18T14:45:53","date_gmt":"2010-10-18T14:45:53","guid":{"rendered":"https:\/\/ujkafe.website\/?p=5190"},"modified":"2010-10-18T14:46:08","modified_gmt":"2010-10-18T14:46:08","slug":"retro-vita-a-kafe-kerdezett-is-3","status":"publish","type":"post","link":"https:\/\/ujkafe.website\/?p=5190","title":{"rendered":"Retro-vita: A K\u00e1f\u00e9 k\u00e9rdezett is (3)"},"content":{"rendered":"<p><em>S\u00e1ntha Attil\u00e1t\u00f3l:<br \/>\n1. Sokak szerint nem irodalom a Kem\u00e1l \u00e9s Am\u00e1l. Mi neked err\u0151l a v\u00e9lem\u00e9nyed?<\/em><\/p>\n<p>Pro primo. Gondolatszabads\u00e1g van. Sz\u00f3lni is lehet, de akkor el\u0151fordulhat, hogy az illet\u0151t egy lav\u00f3rral (v\u00f6. k\u00fcbli) fejbe\u00fct\u00f6m. Mehogy Kem\u00e1l ilyen. S \u00e1ll\u00edt\u00f3lag \u00e9n is, mivel meg\u00edrtam Kem\u00e1lt (no meg Am\u00e1lt, aki szint\u00e9n \u00e9n vagyok, amikor valami kem\u00e9nyebb dologra v\u00e1gyom). \u00dagyhogy k\u00e9rn\u00e9m az illet\u0151t bemutatni.<\/p>\n<p><!--more--><\/p>\n<p>Pro secundo. \u00c9n m\u00e9g mindig irodalomk\u00e9nt olvasom a saj\u00e1t k\u00f6tetemet. Merthogy nem a napl\u00f3m, k\u00fcl\u00f6nben \u00e9n lenn\u00e9k Kem\u00e1l. De nem, de nem. De azt gondolok, amit akarok, s ha kell, Em\u00e1lt is kigondolom. A k\u00fcl\u00f6nbs\u00e9g tal\u00e1n ott van, hogy \u00e9n elgondolom azt is, amit m\u00e1s csak \u00e1lmodik. Belegondolt\u00e1l, mennyi tisztess\u00e9ges ember k\u00f6vet el mindenf\u00e9le diszn\u00f3s\u00e1got \u00e1lm\u00e1ban vagy neadj&#8217; isten a h\u00e1l\u00f3szob\u00e1j\u00e1ban? De \u00e9n ezeket is csak gondolom&#8230; K\u00e1r.<\/p>\n<p>Pro tertio. Kem\u00e1l \u00e9n vagyok. Am\u00e1l \u00e9n vagyok. De \u00e9n vagyok a Nagy Fekete Vir\u00e1g, \u00e9s a Razglednyic\u00e1k is. Mi err\u0151l a v\u00e9lem\u00e9nyed?<\/p>\n<p><em>2. Finomkodnak-e a magyar \u00edr\u00f3k? \/Finomkod\u00e1s folyik-e?\/ Finomkod\u00f3-e a mai magyar irodalom?<\/em><\/p>\n<p>Ma m\u00e1r kev\u00e9sb\u00e9, mint p\u00e9ld\u00e1ul t\u00edz \u00e9vvel ezel\u0151tt. Mi t\u00f6bb, a finomkod\u00e1sr\u00f3l val\u00f3 besz\u00e9dnek szerintem m\u00e1r csak kifel\u00e9, az olvas\u00f3 fel\u00e9 van \u00e9rtelme, befel\u00e9, az \u00edr\u00f3t\u00e1rsadalom fel\u00e9 nincs, mert minden valamireval\u00f3 \u00edr\u00f3 tudja, hogy \u00fagy kell besz\u00e9lni, ahogy a sz\u00f6vegkontextus megk\u00f6veteli.<\/p>\n<p style=\"text-align: right;\">(K\u00e1f\u00e9)<\/p>\n<p>Kor\u00e1bbiak:<\/p>\n<p><strong><em><a href=\" https:\/\/ujkafe.website\/?p=5130\">Retro-vita: A K\u00e1f\u00e9 is k\u00e9rdezett (2)<\/a><\/em><\/strong><\/p>\n<p><a href=\"https:\/\/ujkafe.website\/?p=5041\"><strong><em>Retro-vita: A K\u00e1f\u00e9 k\u00e9rdezett is (1)<\/em><\/strong><\/a><\/p>\n<p><strong><em>Retro-vita: <\/em><\/strong><a title=\"\u201cRetro-vita: Finomkod\u00e1s helyett finoms\u00e1g \u00e9s \u00edzl\u00e9s az irodalmi sz\u00f6vegben\u201d szerkeszt\u00e9se\" href=\"https:\/\/ujkafe.website\/wp-admin\/post.php?action=edit&amp;post=4968\"><strong><em>Finomkod\u00e1s helyett finoms\u00e1g \u00e9s \u00edzl\u00e9s az irodalmi sz\u00f6vegben<\/em><\/strong><\/a><\/p>\n<p><a href=\"https:\/\/ujkafe.website\/?p=4864\"><strong><em>Retro-vita: Amikor Pruteanunak igaza volt<\/em><\/strong><\/a><\/p>\n<p><a href=\"https:\/\/ujkafe.website\/?p=4751\"><strong><em>Retro-vita: Mumuban, ak\u00e1r a tehenek?<\/em><\/strong><\/a><\/p>\n<p><a href=\"https:\/\/ujkafe.website\/?p=4620\"><strong><em>Retro-vita: sv\u00e9dek<\/em><\/strong><\/a><\/p>\n<p><a href=\"https:\/\/ujkafe.website\/?p=4547\"><strong><em>Retro-vita: Elal\u00e9l\u00f3 lila l\u00f3<\/em><\/strong><\/a><\/p>\n<p><a href=\"https:\/\/ujkafe.website\/?p=4490\"><strong><em>Retro-vita: A rend\u0151r meghalt, a diri \u00e9l<\/em><\/strong><\/a><\/p>\n<p><a href=\"https:\/\/ujkafe.website\/?p=4393\"><strong><em>Retro-vita: \u00c1goston Hug\u00f3 finomkodik<\/em><\/strong><\/a><\/p>\n<p><a href=\"https:\/\/ujkafe.website\/?p=4341\"><strong><em>Retro-vita: Ribilli\u00f3 a Korunkn\u00e1l<\/em><\/strong><\/a><\/p>\n<p><a href=\"https:\/\/ujkafe.website\/?p=4306\"><strong><em>Retro-vita: Hogy besz\u00e9lne egy katona?<\/em><\/strong><\/a><\/p>\n<p><a href=\"https:\/\/ujkafe.website\/?p=4256\"><strong><em>Retro-vita: Fragment\u00e1lunk?<\/em><\/strong><\/a><\/p>\n<p><a href=\"https:\/\/ujkafe.website\/?p=4239\"><strong><em>Retro-vita: &#8230;az Akad\u00e9mi\u00e1t?<\/em><\/strong><\/a><\/p>\n<p><a href=\"https:\/\/ujkafe.website\/?p=4204\"><strong><em>Retro-vita: Spont\u00e1n gondolat<\/em><\/strong><\/a><\/p>\n<p><a href=\" https:\/\/ujkafe.website\/?p=4170\"><strong><em>Retro-vita: Ha neked az an\u00e1lis t\u00fal lok\u00e1lis<\/em><\/strong><\/a><\/p>\n<p><a href=\" https:\/\/ujkafe.website\/?p=4101\"><strong><em>Retro-vita: H\u00e1ny l\u00f3fasz teszi a finomlelk\u0171 \u00edr\u00f3t?<\/em><\/strong><\/a><\/p>\n<p><a href=\"https:\/\/ujkafe.website\/?p=4051\"><strong><em>Retro-vita: Nyolcvan procent<\/em><\/strong><\/a><\/p>\n<p><a href=\"https:\/\/ujkafe.website\/?p=4001\"><strong><em>Retro-vita: A sz\u00f3t\u00e1r teli van mindenf\u00e9l\u00e9vel&#8230;<\/em><\/strong><\/a><\/p>\n<p><a href=\"https:\/\/ujkafe.website\/?p=3975\"><strong><em>Retro-vita: Mikor \u00e9s mi\u00e9rt (ne)?<\/em><\/strong><\/a><\/p>\n<p><a href=\"https:\/\/ujkafe.website\/?p=3957\"><strong><em>Retro-vita: Rendhagy\u00f3 &#8222;Nyelv \u00e9s \u00e9let&#8221;<\/em><\/strong><\/a><\/p>\n<p><a href=\"https:\/\/ujkafe.website\/?p=3926\"><strong><em>Retro-vita: A dolgok n\u00e9ven nevez\u00e9s\u00e9r\u0151l<\/em><\/strong><\/a><\/p>\n<p><a href=\"https:\/\/ujkafe.website\/?p=3914\"><strong><em>Retro-vita: Az irodalom nem mindig a sz\u00e9pr\u0151l sz\u00f3l<\/em><\/strong><\/a><\/p>\n<p><a href=\"https:\/\/ujkafe.website\/?p=3895\"><strong><em>Retro-vita: Irodalom \u00e9s szabads\u00e1g<\/em><\/strong><\/a><\/p>\n<p><a href=\"https:\/\/ujkafe.website\/?p=3838\"><strong><em>Retro-vita: Egy konkr\u00e9tum<\/em><\/strong><\/a><\/p>\n<p><a href=\"https:\/\/ujkafe.website\/?p=3823\"><strong><em>Retro-vita: J\u00f3, rossz stb.<\/em><\/strong><\/a><\/p>\n<p><a href=\"https:\/\/ujkafe.website\/?p=3810\"><strong><em>Retro-vita: Az igazi obszcenit\u00e1s a v\u00e9res er\u0151szak<\/em><\/strong><\/a><\/p>\n<p><a href=\"https:\/\/ujkafe.website\/?p=3795\"><strong><em>Retro-vita: Szabadsz\u00e1j\u00fas\u00e1g vagy finomkod\u00e1s?<\/em><\/strong><\/a><\/p>\n","protected":false},"excerpt":{"rendered":"<p>S\u00e1ntha Attil\u00e1t\u00f3l: 1. Sokak szerint nem irodalom a Kem\u00e1l \u00e9s Am\u00e1l. Mi neked err\u0151l a v\u00e9lem\u00e9nyed? Pro primo. Gondolatszabads\u00e1g van. Sz\u00f3lni is lehet, de akkor el\u0151fordulhat, hogy az illet\u0151t egy lav\u00f3rral (v\u00f6. k\u00fcbli) fejbe\u00fct\u00f6m. Mehogy Kem\u00e1l ilyen. S \u00e1ll\u00edt\u00f3lag \u00e9n is, mivel meg\u00edrtam Kem\u00e1lt (no meg Am\u00e1lt, aki szint\u00e9n \u00e9n vagyok, amikor valami kem\u00e9nyebb dologra [&hellip;]<\/p>\n","protected":false},"author":3,"featured_media":0,"comment_status":"open","ping_status":"open","sticky":false,"template":"","format":"standard","meta":{"_monsterinsights_skip_tracking":false,"_monsterinsights_sitenote_active":false,"_monsterinsights_sitenote_note":"","_monsterinsights_sitenote_category":0,"ngg_post_thumbnail":0,"footnotes":""},"categories":[14,127],"tags":[],"class_list":["post-5190","post","type-post","status-publish","format-standard","hentry","category-a-regi-kafebol","category-vita"],"_links":{"self":[{"href":"https:\/\/ujkafe.website\/index.php?rest_route=\/wp\/v2\/posts\/5190","targetHints":{"allow":["GET"]}}],"collection":[{"href":"https:\/\/ujkafe.website\/index.php?rest_route=\/wp\/v2\/posts"}],"about":[{"href":"https:\/\/ujkafe.website\/index.php?rest_route=\/wp\/v2\/types\/post"}],"author":[{"embeddable":true,"href":"https:\/\/ujkafe.website\/index.php?rest_route=\/wp\/v2\/users\/3"}],"replies":[{"embeddable":true,"href":"https:\/\/ujkafe.website\/index.php?rest_route=%2Fwp%2Fv2%2Fcomments&post=5190"}],"version-history":[{"count":0,"href":"https:\/\/ujkafe.website\/index.php?rest_route=\/wp\/v2\/posts\/5190\/revisions"}],"wp:attachment":[{"href":"https:\/\/ujkafe.website\/index.php?rest_route=%2Fwp%2Fv2%2Fmedia&parent=5190"}],"wp:term":[{"taxonomy":"category","embeddable":true,"href":"https:\/\/ujkafe.website\/index.php?rest_route=%2Fwp%2Fv2%2Fcategories&post=5190"},{"taxonomy":"post_tag","embeddable":true,"href":"https:\/\/ujkafe.website\/index.php?rest_route=%2Fwp%2Fv2%2Ftags&post=5190"}],"curies":[{"name":"wp","href":"https:\/\/api.w.org\/{rel}","templated":true}]}}