
{"id":5298,"date":"2010-10-21T06:14:47","date_gmt":"2010-10-21T06:14:47","guid":{"rendered":"https:\/\/ujkafe.website\/?p=5298"},"modified":"2010-10-21T06:14:47","modified_gmt":"2010-10-21T06:14:47","slug":"retro-vita-a-kafe-kerdezett-is-4","status":"publish","type":"post","link":"https:\/\/ujkafe.website\/?p=5298","title":{"rendered":"Retro-vita: A K\u00e1f\u00e9 k\u00e9rdezett is (4)"},"content":{"rendered":"<p><em>V\u00e1laszol Zsid\u00f3 Ferenc:<\/em><\/p>\n<p><em>Nem t\u00faloz Csel\u00e9nyi B\u00e9la, amikor &#8222;cikl\u00e1men sz\u00edn\u0171 n\u0151st\u00e9nyszagr\u00f3l&#8221;, meg &#8222;halv\u00e1nysz\u00fcrke kanb\u0171zr\u0151l&#8221; besz\u00e9l?<\/em><\/p>\n<p>&#8211; T\u00faloz, de sz\u00edve joga. K\u00fcl\u00f6nben is, szerintem a n\u0151st\u00e9nyszag rubinv\u00f6r\u00f6s, a kanb\u0171z pedig op\u00e1lk\u00e9k. Persze, ezt mindenki m\u00e1sk\u00e9nt gondolja, \u00e9pp ez az \u00e9rdekes a dologban.<\/p>\n<p><!--more--><\/p>\n<p><em>Irodalom vagy porn\u00f3 a Kem\u00e1l \u00e9s Am\u00e1l?<\/em><br \/>\n&#8211; M\u00e1&#8217; m\u00e9tt&#8217; v\u00f3na porn\u00f3? Szerintem annak, akiben felmer\u00fclt, hogy ez porn\u00f3 v\u00f3n&#8217;, annak nagyon furcsa elk\u00e9pzel\u00e9se van err\u0151l a m\u0171fajr\u00f3l. Ami\u00e9rt van egy-k\u00e9t obszc\u00e9n kifejez\u00e9s benne (hisz alig van t\u00f6bb ann\u00e1l), plussz egy kis an\u00e1l-utal\u00e1s, az m\u00e9g nem porn\u00f3! S hogy irodalom-\u00e9? Olykor olyan sz\u00edne van, meg szaga (l\u00e1sd f\u00f6ljebb). Ink\u00e1bb az irodalom-bl\u00f6ff kategoriz\u00e1l\u00e1s f\u00f6l\u00f6tt lehetne elfil\u00f3zni. \u00c9n tal\u00e1n irodalmi bl\u00f6ffr\u0151l besz\u00e9ln\u00e9k, amit csak akk\u00e9nt kell komolyan venni &#8211; de h\u00e1t ez is csak a k\u00f6nyv els\u0151 k\u00e9t ciklus\u00e1ra vonatkozik. A k\u00f6tet v\u00e9g\u00e9re &#8222;sz\u00e1m\u0171z\u00f6tt&#8221; versekr\u0151l mi\u00e9rt nem besz\u00e9l senki?<\/p>\n<p><em>Finomkodnak az erd\u00e9lyi \u00edr\u00f3k?<\/em><br \/>\n&#8211; \u00dagy t\u0171nik, egyre kev\u00e9sb\u00e9. S \u00fagy t\u0171nik, a magyarorsz\u00e1giak is egyre kev\u00e9sb\u00e9. S hogy ez saj\u00e1t fejleszt\u00e9s\u0171-e n\u00e1luk, vagy t\u0151l\u00fcnk import\u00e1lt\u00e1k &#8211; mint ahogy egyesek v\u00e9lik &#8211; azt hadd ne t\u00e1rgyaljuk. A magam r\u00e9sz\u00e9r\u0151l f\u00f6l\u00f6tt\u00e9bb \u00f6r\u00fcl\u00f6k az erd\u00e9lyi \u00edr\u00f3k nyelvi, st\u00edlusbeli b\u00e1tors\u00e1g\u00e1nak &#8211; ami, ugye, p\u00f3tolja az anakronisztikuss\u00e1 v\u00e1lt feny\u0151-t\u00edpus\u00fa b\u00e1tors\u00e1got&#8230; Ha m\u00e1r csak dum\u00e1lni lehet, legal\u00e1bb dum\u00e1ljunk \u00fagy, hogy essen j\u00f3l. Ez a l\u00e9nyeg.<\/p>\n<p><em>Sz\u00f6vegeidben cenz\u00far\u00e1zod-e saj\u00e1t magad?<\/em><br \/>\n&#8211; Ha cenz\u00far\u00e1zom, az nem az olvas\u00f3 miatt van, hanem magam miatt. Az ember olykor olyan vad dolgokat gondol (s tal\u00e1n mond is), hogy beles\u00e1pad, k\u00e9s\u0151bb pedig csak vakarja a fej\u00e9t. Egy\u00e9bk\u00e9nt szeretem nev\u00e9n nevezni a dolgokat. Ez\u00e9rt pr\u00f3b\u00e1lok ki t\u00f6bb m\u0171fajt &#8211; klasszikusabb novell\u00e1k, egypercesek, glossz\u00e1k, mert az, hogy mik\u00e9nt fogalmaz az ember, szerintem t\u00e9ma- \u00e9s m\u0171fajf\u00fcgg\u0151. Eml\u00e9kszem, mennyit gy\u00f6tr\u0151dtem els\u0151 kisreg\u00e9nyem (\u00c1llatkert &#8211; a H\u00e1rom d\u00edjnyertes kisreg\u00e9ny c. k\u00f6tetben, Pallas-Akad\u00e9mia, Cs\u00edkszereda, 2000.) szerkeszt\u0151j\u00e9vel, aki minden\u00e1ron ki akarta gyoml\u00e1lni a pajz\u00e1nabb r\u00e9szeket. K\u00f6zelharcot v\u00edvtam minden &#8222;malackod\u00f3s&#8221; sz\u00f3\u00e9rt. \u00c9s \u00f6r\u00fcl\u00f6k, hogy p\u00e1r csat\u00e1t megnyertem. Hanem mik\u00e9nt j\u00e1tszhattam volna el az egyetemistapukkaszt\u00f3t a P\u00e1zm\u00e1n P\u00e9ter Tudom\u00e1nyegyetemen? Tarj\u00e1n Tam\u00e1s megh\u00edv\u00e1s\u00e1ra voltunk ott, Papp S\u00e1ndor Zsigmonddal, Dem\u00e9ny P\u00e9terrel, Vallasek J\u00fali\u00e1val \u00e9s Szab\u00f3 Levent\u00e9vel, s \u00e9n felolvastam egy fek\u00e1liaim\u00e1d\u00f3s sz\u00f6vegr\u00e9szt. Annyi s\u00e1padoz\u00f3 fiatalt r\u00e9g l\u00e1ttam! De az\u00e9rt megtapsoltak, mert Erd\u00e9lyb\u0151l j\u00f6ttem, ha-ha. Persze, most nem azt akarom mondani, hogy minden\u00e1ron vagyok obszc\u00e9n, mert az nem kir\u00e1ly, ha \u00f6nc\u00e9l\u00fav\u00e1 v\u00e1lik a malackod\u00e1s. Az akkor liheg\u0151s, hat\u00e1svad\u00e1sz. Sz\u00f3val, meg k\u00e9ne tal\u00e1lni azt a bizonyos k\u00f6z\u00e9putat (ami m\u00e1r nem l\u00e9tezik).<\/p>\n<p style=\"text-align: right;\">(K\u00e1f\u00e9)<\/p>\n<p>Kor\u00e1bbiak:<\/p>\n<p><a href=\"https:\/\/ujkafe.website\/?p=5190\"><strong><em>Retro-vita: A K\u00e1f\u00e9 k\u00e9rdezett is (3)<\/em><\/strong><\/a><\/p>\n<p><a href=\" https:\/\/ujkafe.website\/?p=5130\"><strong><em>Retro-vita: A K\u00e1f\u00e9 is k\u00e9rdezett (2)<\/em><\/strong><\/a><\/p>\n<p><a href=\"https:\/\/ujkafe.website\/?p=5041\"><strong><em>Retro-vita: A K\u00e1f\u00e9 k\u00e9rdezett is (1)<\/em><\/strong><\/a><\/p>\n<p><strong><em>Retro-vita: <\/em><\/strong><a title=\"\u201cRetro-vita: Finomkod\u00e1s helyett finoms\u00e1g \u00e9s \u00edzl\u00e9s az irodalmi sz\u00f6vegben\u201d szerkeszt\u00e9se\" href=\"https:\/\/ujkafe.website\/wp-admin\/post.php?action=edit&amp;post=4968\"><strong><em>Finomkod\u00e1s helyett finoms\u00e1g \u00e9s \u00edzl\u00e9s az irodalmi sz\u00f6vegben<\/em><\/strong><\/a><\/p>\n<p><a href=\"https:\/\/ujkafe.website\/?p=4864\"><strong><em>Retro-vita: Amikor Pruteanunak igaza volt<\/em><\/strong><\/a><\/p>\n<p><a href=\"https:\/\/ujkafe.website\/?p=4751\"><strong><em>Retro-vita: Mumuban, ak\u00e1r a tehenek?<\/em><\/strong><\/a><\/p>\n<p><a href=\"https:\/\/ujkafe.website\/?p=4620\"><strong><em>Retro-vita: sv\u00e9dek<\/em><\/strong><\/a><\/p>\n<p><a href=\"https:\/\/ujkafe.website\/?p=4547\"><strong><em>Retro-vita: Elal\u00e9l\u00f3 lila l\u00f3<\/em><\/strong><\/a><\/p>\n<p><a href=\"https:\/\/ujkafe.website\/?p=4490\"><strong><em>Retro-vita: A rend\u0151r meghalt, a diri \u00e9l<\/em><\/strong><\/a><\/p>\n<p><a href=\"https:\/\/ujkafe.website\/?p=4393\"><strong><em>Retro-vita: \u00c1goston Hug\u00f3 finomkodik<\/em><\/strong><\/a><\/p>\n<p><a href=\"https:\/\/ujkafe.website\/?p=4341\"><strong><em>Retro-vita: Ribilli\u00f3 a Korunkn\u00e1l<\/em><\/strong><\/a><\/p>\n<p><a href=\"https:\/\/ujkafe.website\/?p=4306\"><strong><em>Retro-vita: Hogy besz\u00e9lne egy katona?<\/em><\/strong><\/a><\/p>\n<p><a href=\"https:\/\/ujkafe.website\/?p=4256\"><strong><em>Retro-vita: Fragment\u00e1lunk?<\/em><\/strong><\/a><\/p>\n<p><a href=\"https:\/\/ujkafe.website\/?p=4239\"><strong><em>Retro-vita: &#8230;az Akad\u00e9mi\u00e1t?<\/em><\/strong><\/a><\/p>\n<p><a href=\"https:\/\/ujkafe.website\/?p=4204\"><strong><em>Retro-vita: Spont\u00e1n gondolat<\/em><\/strong><\/a><\/p>\n<p><a href=\" https:\/\/ujkafe.website\/?p=4170\"><strong><em>Retro-vita: Ha neked az an\u00e1lis t\u00fal lok\u00e1lis<\/em><\/strong><\/a><\/p>\n<p><a href=\" https:\/\/ujkafe.website\/?p=4101\"><strong><em>Retro-vita: H\u00e1ny l\u00f3fasz teszi a finomlelk\u0171 \u00edr\u00f3t?<\/em><\/strong><\/a><\/p>\n<p><a href=\"https:\/\/ujkafe.website\/?p=4051\"><strong><em>Retro-vita: Nyolcvan procent<\/em><\/strong><\/a><\/p>\n<p><a href=\"https:\/\/ujkafe.website\/?p=4001\"><strong><em>Retro-vita: A sz\u00f3t\u00e1r teli van mindenf\u00e9l\u00e9vel&#8230;<\/em><\/strong><\/a><\/p>\n<p><a href=\"https:\/\/ujkafe.website\/?p=3975\"><strong><em>Retro-vita: Mikor \u00e9s mi\u00e9rt (ne)?<\/em><\/strong><\/a><\/p>\n<p><a href=\"https:\/\/ujkafe.website\/?p=3957\"><strong><em>Retro-vita: Rendhagy\u00f3 &#8222;Nyelv \u00e9s \u00e9let&#8221;<\/em><\/strong><\/a><\/p>\n<p><a href=\"https:\/\/ujkafe.website\/?p=3926\"><strong><em>Retro-vita: A dolgok n\u00e9ven nevez\u00e9s\u00e9r\u0151l<\/em><\/strong><\/a><\/p>\n<p><a href=\"https:\/\/ujkafe.website\/?p=3914\"><strong><em>Retro-vita: Az irodalom nem mindig a sz\u00e9pr\u0151l sz\u00f3l<\/em><\/strong><\/a><\/p>\n<p><a href=\"https:\/\/ujkafe.website\/?p=3895\"><strong><em>Retro-vita: Irodalom \u00e9s szabads\u00e1g<\/em><\/strong><\/a><\/p>\n<p><a href=\"https:\/\/ujkafe.website\/?p=3838\"><strong><em>Retro-vita: Egy konkr\u00e9tum<\/em><\/strong><\/a><\/p>\n<p><a href=\"https:\/\/ujkafe.website\/?p=3823\"><strong><em>Retro-vita: J\u00f3, rossz stb.<\/em><\/strong><\/a><\/p>\n<p><a href=\"https:\/\/ujkafe.website\/?p=3810\"><strong><em>Retro-vita: Az igazi obszcenit\u00e1s a v\u00e9res er\u0151szak<\/em><\/strong><\/a><\/p>\n<p><a href=\"https:\/\/ujkafe.website\/?p=3795\"><strong><em>Retro-vita: Szabadsz\u00e1j\u00fas\u00e1g vagy finomkod\u00e1s?<\/em><\/strong><\/a><\/p>\n","protected":false},"excerpt":{"rendered":"<p>V\u00e1laszol Zsid\u00f3 Ferenc: Nem t\u00faloz Csel\u00e9nyi B\u00e9la, amikor &#8222;cikl\u00e1men sz\u00edn\u0171 n\u0151st\u00e9nyszagr\u00f3l&#8221;, meg &#8222;halv\u00e1nysz\u00fcrke kanb\u0171zr\u0151l&#8221; besz\u00e9l? &#8211; T\u00faloz, de sz\u00edve joga. K\u00fcl\u00f6nben is, szerintem a n\u0151st\u00e9nyszag rubinv\u00f6r\u00f6s, a kanb\u0171z pedig op\u00e1lk\u00e9k. Persze, ezt mindenki m\u00e1sk\u00e9nt gondolja, \u00e9pp ez az \u00e9rdekes a dologban.<\/p>\n","protected":false},"author":3,"featured_media":0,"comment_status":"open","ping_status":"open","sticky":false,"template":"","format":"standard","meta":{"_monsterinsights_skip_tracking":false,"_monsterinsights_sitenote_active":false,"_monsterinsights_sitenote_note":"","_monsterinsights_sitenote_category":0,"ngg_post_thumbnail":0,"footnotes":""},"categories":[14,127],"tags":[],"class_list":["post-5298","post","type-post","status-publish","format-standard","hentry","category-a-regi-kafebol","category-vita"],"_links":{"self":[{"href":"https:\/\/ujkafe.website\/index.php?rest_route=\/wp\/v2\/posts\/5298","targetHints":{"allow":["GET"]}}],"collection":[{"href":"https:\/\/ujkafe.website\/index.php?rest_route=\/wp\/v2\/posts"}],"about":[{"href":"https:\/\/ujkafe.website\/index.php?rest_route=\/wp\/v2\/types\/post"}],"author":[{"embeddable":true,"href":"https:\/\/ujkafe.website\/index.php?rest_route=\/wp\/v2\/users\/3"}],"replies":[{"embeddable":true,"href":"https:\/\/ujkafe.website\/index.php?rest_route=%2Fwp%2Fv2%2Fcomments&post=5298"}],"version-history":[{"count":0,"href":"https:\/\/ujkafe.website\/index.php?rest_route=\/wp\/v2\/posts\/5298\/revisions"}],"wp:attachment":[{"href":"https:\/\/ujkafe.website\/index.php?rest_route=%2Fwp%2Fv2%2Fmedia&parent=5298"}],"wp:term":[{"taxonomy":"category","embeddable":true,"href":"https:\/\/ujkafe.website\/index.php?rest_route=%2Fwp%2Fv2%2Fcategories&post=5298"},{"taxonomy":"post_tag","embeddable":true,"href":"https:\/\/ujkafe.website\/index.php?rest_route=%2Fwp%2Fv2%2Ftags&post=5298"}],"curies":[{"name":"wp","href":"https:\/\/api.w.org\/{rel}","templated":true}]}}