
{"id":52997,"date":"2016-07-27T05:20:20","date_gmt":"2016-07-27T05:20:20","guid":{"rendered":"https:\/\/ujkafe.website\/?p=52997"},"modified":"2016-07-27T05:20:20","modified_gmt":"2016-07-27T05:20:20","slug":"szaz-ev-nagy-haboru-kos-karoly","status":"publish","type":"post","link":"https:\/\/ujkafe.website\/?p=52997","title":{"rendered":"Sz\u00e1z \u00e9v &#8211; nagy h\u00e1bor\u00fa: K\u00f3s K\u00e1roly"},"content":{"rendered":"<p><strong>&#8222;Talpra, urak!&#8221;<\/strong><\/p>\n<p>&#8230;Ha szebeni katona\u00e9letem nem is volt fen\u00e9kig tejfel, de a lugosihoz k\u00e9pest \u00fari \u00e9let volt.<br \/>\nA szebeni honv\u00e9dlaktany\u00e1nak a mi \u00fajonckik\u00e9pz\u0151 z\u00e1szl\u00f3aljunk csak amolyan alb\u00e9rl\u0151 lak\u00f3ja volt akkor, az igazi f\u0151b\u00e9rl\u0151 lak\u00f3 a 21-es honv\u00e9d gyalogezred p\u00f3tkerete volt. De \u00e9n err\u0151l a f\u0151b\u00e9rl\u0151r\u0151l keveset tudtam, nem ker\u00fcltem \u00e9rintkez\u00e9sbe, teh\u00e1t nem t\u00f6r\u0151dtem vel\u00fck.<br \/>\nDe ottl\u00e9tem v\u00e9ge fel\u00e9 (augusztus utols\u00f3 het\u00e9ben) m\u00e9gis felt\u0171nt, hogy t\u00f6megesen \u00e9rkeznek a kasz\u00e1rny\u00e1ba \u00fajabb \u00e9s \u00fajabb bevonul\u00f3k, eleinte ink\u00e1bb civilben (tartal\u00e9kosok, akiket itt hamarosan be\u00f6lt\u00f6ztettek), ut\u00f3bb ink\u00e1bb egyenruh\u00e1ban (szabads\u00e1gr\u00f3l).<!--more--><br \/>\nA tapasztaltak kioktattak azt\u00e1n: azt jelenti ez, hogy hamarosan menet indul a harct\u00e9rre.<br \/>\nS val\u00f3ban, egy este, vacsora ut\u00e1n \u2013 ha ugyan j\u00f3l eml\u00e9kszem: augusztus utols\u00f3 napj\u00e1n \u2013 a kasz\u00e1rnyaudvaron hossz\u00fa arcvonalakban sorakoz\u00f3ra \u00e1llott k\u00e9t hadil\u00e9tsz\u00e1m\u00fa honv\u00e9d z\u00e1szl\u00f3alj: tisztekkel s mindennel, ami hozz\u00e1tartozik (g\u00e9ppusk\u00e1k, konyha, telefonosok stb.).<br \/>\nValaki \u2013 bizonyosan a parancsnok \u2013 besz\u00e9lt valamit a katon\u00e1knak (hogy mit, nem tudom, messze onnan lapultam a kasz\u00e1rnyafaln\u00e1l). Azt\u00e1n az arcvonalb\u00f3l<br \/>\noszlopokba fejl\u0151dtek a sz\u00e1zadok, \u00e9s indultak, egyik sz\u00e1zad a m\u00e1sik ut\u00e1n, ki a kapun. \u00c9s nem harsogott katonabanda, nem \u00e9nekeltek a katon\u00e1k. \u00c9s s\u00f6t\u00e9t \u00e9jszaka volt, amikor ut\u00e1nunk becsukt\u00e1k a kaput (akkoriban m\u00e1r \u00edgy: \u00e9jszaka, zene n\u00e9lk\u00fcl, csendben, szinte titkosan ind\u00edtott\u00e1k a katon\u00e1kat a harct\u00e9rre).<br \/>\nK\u00e9s\u0151n fek\u00fcdt\u00fcnk le aznap \u00e9s keveset alhattunk, amikor hangos sz\u00f3ra \u00e9bredtem fel:<br \/>\n\u2013 Talpra, urak! \u2013 s hogy kinyitottam a szememet, a szob\u00e1ban a szolg\u00e1latvezet\u0151 \u0151rmester (k\u00fcl\u00f6nben r\u00e9gi \u00f6smer\u0151s kolozsv\u00e1ri k\u0151m\u0171vespall\u00e9r), kez\u00e9ben l\u00e1mp\u00e1s.<br \/>\n\u00c1lmos voltam \u00e9s m\u00e9rges. L\u00e1tom: a z\u00e1szl\u00f3s \u00fcl az \u00e1gy\u00e1n \u00e9s a kar\u00f3r\u00e1j\u00e1t n\u00e9zi (vil\u00e1g\u00edt\u00f3s volt).<br \/>\n\u2013 Megbolondult? Alig m\u00falt n\u00e9gy. Mi ez?<br \/>\nAz \u0151rmester a szobal\u00e1mp\u00e1t gy\u00fajtja; s az udvaron, hallom, f\u00fajja az \u00e9breszt\u0151t a k\u00fcrt\u00f6s.<br \/>\n\u2013 Ez a parancs, z\u00e1szl\u00f3s \u00far: tizen\u00f6t perc m\u00falva sorakoz\u00f3.<br \/>\n\u2013 A fen\u00e9t!<br \/>\n\u2013 \u00dagy \u00e1m, z\u00e1szl\u00f3s \u00far \u2013 indult ki az \u0151rmester, de az ajt\u00f3b\u00f3l m\u00e9g visszasz\u00f3lt: az \u0151rnagy \u00far is itt van m\u00e1r.<br \/>\n\u201eVajon mi t\u00f6rt\u00e9nt?&#8221;<br \/>\nA parancs, h\u00e1t az parancs! \u00c9s tizen\u00f6t perc m\u00falva \u00e1llott a z\u00e1szl\u00f3alj az udvaron; a hajnal akkor derengett. \u00c9s honnan, honnan nem, akkor m\u00e1r mindenki tudta \u00e9s adta tov\u00e1bb sorban a h\u00edreket.<br \/>\n\u201eAz \u00e9jjel rom\u00e1n sereg (az addig val\u00f3 sz\u00f6vets\u00e9ges\u00e9) t\u00f6rt be Verestoronyn\u00e1l, \u00e9s nyomul Szeben fel\u00e9&#8230;&#8221;<br \/>\nValaki m\u00e1r t\u00f6bbet is tudott:<br \/>\n\u201eTalm\u00e1csig sim\u00e1n j\u00f6hettek&#8230; Ott a somogyi bak\u00e1k bel\u00e9j\u00fck g\u00e9ppusk\u00e1ztak.\u201d<br \/>\nAzt\u00e1n egyre-m\u00e1sra hallom:<br \/>\n\u201eA somogyiak egyetlen z\u00e1szl\u00f3alja&#8230; \u00c9s a szebeni k\u00f6z\u00f6s\u00f6kt\u0151l is menetet ind\u00edtottak a frontra&#8230;&#8221;<br \/>\n\u201e.. .A t\u00fcz\u00e9rek is&#8230; Szebenben csak k\u00e9t k\u00f6nny\u0171 \u00fcteg\u00fck&#8230;&#8221;<br \/>\nN\u00e9h\u00e1ny t\u00f6rzstiszt j\u00f6tt m\u00e1r ki a z\u00e1szl\u00f3alj el\u00e9:<br \/>\n\u201eIgazodj!&#8221;, \u201eVigy\u00e1zz!&#8221;<br \/>\nA sz\u00e1zadparancsnokok leadt\u00e1k a jelent\u00e9st:<br \/>\n\u201ePihenj!&#8221;<br \/>\nM\u00e9g akkor mindj\u00e1rt ott az udvaron kapta sz\u00e1zadom els\u0151 szakasza (akiben \u00e9n is benne voltam) a parancsot: felszerel\u00e9s, puska, t\u00f6lt\u00e9nyt\u00e1ska, gyalogs\u00e1gi \u00e1s\u00f3. Gy\u00fclekez\u00e9s a kapun\u00e1l. \u201eSzakasz: oszolj, fut\u00f3l\u00e9p\u00e9s!&#8221;<br \/>\nA kapun\u00e1l m\u00e9g valamelyest felt\u00f6lt\u00f6tt\u00e9k szakaszunkat m\u00e1s egys\u00e9gekb\u0151l tisztesekkel \u00e9s altisztekkel; \u00e9s kiosztottak minden pusk\u00e1nak h\u00fasz \u00e9les t\u00f6lt\u00e9nyt. Azt\u00e1n a kapu el\u0151tt, kinn az utc\u00e1n szekerekre pakoltak fel, \u00e9s robogtunk sebesen ki a v\u00e1rosb\u00f3l, poros, r\u00e1z\u00f3s utakon, \u00e9s egy erd\u0151n\u00e9l \u00e1lltunk meg, ott, ahol a f\u00e1k k\u00f6z\u00f6tt valamilyen csap\u00e1sf\u00e9le l\u00e1tszott. Lesz\u00e1llottunk, sorakoztunk, s \u00e9lesre t\u00f6lt\u00f6tt\u00fcnk, azt\u00e1n a csap\u00e1st\u00f3l jobbra \u00e9s babra rajvonalba h\u00faz\u00f3dtunk sz\u00e9t, s \u201epusk\u00e1t s\u00falyba&#8221; be az erd\u0151be. S ment\u00fcnk, botork\u00e1ltunk a f\u00e1k k\u00f6zt el\u0151re, am\u00edg egyszer csak vil\u00e1gosodni kezdett el\u0151tt\u00fcnk: s a (ritka) f\u00e1k k\u00f6z\u00e9n \u00e1t l\u00e1tom \u2013 nem messze el\u0151tt\u00fcnk \u2013, sz\u00e9les orsz\u00e1g\u00fat, t\u00fal rajta megint erd\u0151, jobb k\u00e9zre meg az \u00fatb\u00f3l ki\u00e1gaz\u00f3 m\u00e1sik \u00fat. S hallod a narancsot: \u201e\u00c1llj!&#8221;, s ut\u00e1na: \u201eFek\u00fcdj!&#8221; S m\u00e1r feksz\u00fcnk is a f\u00f6ldkupac megett, akit az \u00e1s\u00f3val magunk el\u00e9 kapartunk.<br \/>\nAzt\u00e1n csak fek\u00fcdt\u00fcnk, \u00e9s nagy csend volt \u00e9s mozdulatlans\u00e1g, \u00e9s \u00e9n \u00e1lmos voltam. J\u00f3 id\u0151 m\u00falva egyszer csak hallom a bal szomsz\u00e9domat: \u201eVigy\u00e1zz! El\u0151re!&#8221; Tov\u00e1bbadom, s kin\u00e9zek a kupac felett: az \u00fat \u00fcres, de l\u00e1m, t\u00fal az erd\u0151sz\u00e9len mozg\u00e1s&#8230; Ember&#8230; Katona vajon? S hallom balr\u00f3l: \u201eIr\u00e1nyz\u00e9k 500&#8217;&#8230; pusk\u00e1t v\u00e1llhoz!&#8221;Tov\u00e1bbadom. Azt\u00e1n hangos parancs: \u201eT\u0171z!&#8221;<br \/>\nL\u0151tt\u00fcnk, \u00e9s l\u0151tt\u00fcnk. \u00c9n is. Ink\u00e1bb gondolomra, mint c\u00e9lozva, be a t\u00fals\u00f3 erd\u0151sz\u00e9lre. S mintha onnan visszal\u0151ttek volna, de azt nem tudom bizonyosan. Csak arra eml\u00e9kszem, hogy amikor a m\u00e1sodik t\u00e1rat nyomtam a mannlicherbe, hallottam a parancsot: \u201eT\u00fczet sz\u00fcntess!&#8221; S nemsok\u00e1ra: \u201eFel\u00e1llni&#8221;&#8230; \u201eSorakoz\u00f3&#8221;&#8230; Azt\u00e1n vissza a szekerekhez, \u00e9s haza a kasz\u00e1rny\u00e1ba&#8230;<br \/>\nA szob\u00e1ban ledobtunk pusk\u00e1t, \u00e1s\u00f3t, zubbonyt, le az inget is. Gyorsmosd\u00e1s. Mire k\u00e9szen voltam (utols\u00f3nak), a szobat\u00e1rsak m\u00e1r kimentek volt reggelizni (tisztjel\u00f6ltek voltak: a tiszti \u00e9tkezd\u00e9be), az \u00e9n feketek\u00e1v\u00e9mat is elhozta a szobapuccer honv\u00e9d\u00fcnk, s v\u00e9gre nagy k\u00e9nyelmesen megreggelizhettem, s ut\u00e1na megsodorhattam \u00e9s re\u00e1gy\u00fajthattam a cigarett\u00e1mra.<br \/>\nAkkor j\u00f6tt vissza a szob\u00e1ba a z\u00e1szl\u00f3s. Levetette a zubbony\u00e1t, der\u00e9ksz\u00edj\u00e1t beakasztotta az ablakkilincsre, \u00e9s kezdte fenni a borotv\u00e1j\u00e1t. K\u00f6zben mondta: \u201eNa, de enn\u00e9l nagyobb marhas\u00e1got m\u00e9g nem \u00e9rtem.&#8221;<br \/>\n\u2013 Tudja-e, hogy akikre mi ott kinn l\u00f6v\u00f6ld\u00f6zt\u00fcnk, nem ol\u00e1hok, hanem cseh bak\u00e1k a k\u00f6z\u00f6s kasz\u00e1rny\u00e1b\u00f3l?<br \/>\nFelder\u00edt\u0151 osztag, mint a mi\u00e9nk&#8230; D\u00fch\u00f6sek, mert k\u00e9t ember\u00fcket egy kicsit megl\u0151tt\u00e9k. Na, s \u00edgy legal\u00e1bb j\u00f3l csin\u00e1ltuk!&#8230; (A k\u00f6z\u00f6s kasz\u00e1rny\u00e1ban akkor nem a szebeni h\u00e1ziezred, hanem egy cseh ezred p\u00f3tz\u00e1szl\u00f3alja tany\u00e1zott.)<br \/>\n\u2013 \u00c9s a rom\u00e1nok?<br \/>\n\u2013 J\u00f6nnek azok, de lassan. A z\u00e1szl\u00f3aljn\u00e1l \u00fagy tudj\u00e1k, hogy Veszt\u00e9ny el\u0151tt vannak. A falut m\u00e9g tartj\u00e1k a mieink&#8230; De est\u00e9re m\u00e1r ides\u00e9t\u00e1lhatnak&#8230; legk\u00e9s\u0151bb holnapra&#8230; R\u00f6h\u00f6g\u00e9s, mi? P\u00f3tkeretek; k\u00e9t \u00f3cska \u00fcteg. R\u00f6h\u00f6g\u00e9s, mi?<br \/>\n\u2013 Az! De mi\u00e9rt? Mit gondol?<br \/>\n\u2013 Nem gondolok semmit. Borotv\u00e1lkozom&#8230; Utols\u00f3t sz\u00edttam a cigarett\u00e1mon. Fel\u00e1llottam: megkeresem a sz\u00e1zadot&#8230;<br \/>\n(J\u00f3val k\u00e9s\u0151bb \u2013 Szentesen \u2013 mes\u00e9lt\u00e9k, hogy a rom\u00e1nok \u2013 \u00e1ll\u00edt\u00f3lag k\u00e9t hadtest \u2013 m\u00e1snap val\u00f3ban eljutottak Szebenbe, de csak a Heltauergasse v\u00e9g\u00e9n a fapiacig. Tov\u00e1bb nem. S onnan is visszanyomt\u00e1k \u0151ket Mackensen\u00e9k, be a V\u00f6r\u00f6storonyi-szorosba. Ott k\u00f6r\u00fclfogt\u00e1k, \u00e9s megsemmis\u00edtett\u00e9k az eg\u00e9sz sereget.)<\/p>\n<p><strong>Forr\u00e1s: K\u00f3s K\u00e1roly: \u00c9letrajz. Helikon, 2014. \/ szerk. Benk\u0151 Samu<\/strong><\/p>\n<p>&nbsp;<\/p>\n","protected":false},"excerpt":{"rendered":"<p>&#8222;Talpra, urak!&#8221; &#8230;Ha szebeni katona\u00e9letem nem is volt fen\u00e9kig tejfel, de a lugosihoz k\u00e9pest \u00fari \u00e9let volt. A szebeni honv\u00e9dlaktany\u00e1nak a mi \u00fajonckik\u00e9pz\u0151 z\u00e1szl\u00f3aljunk csak amolyan alb\u00e9rl\u0151 lak\u00f3ja volt akkor, az igazi f\u0151b\u00e9rl\u0151 lak\u00f3 a 21-es honv\u00e9d gyalogezred p\u00f3tkerete volt. De \u00e9n err\u0151l a f\u0151b\u00e9rl\u0151r\u0151l keveset tudtam, nem ker\u00fcltem \u00e9rintkez\u00e9sbe, teh\u00e1t nem t\u00f6r\u0151dtem vel\u00fck. De [&hellip;]<\/p>\n","protected":false},"author":3,"featured_media":0,"comment_status":"open","ping_status":"open","sticky":false,"template":"","format":"standard","meta":{"_monsterinsights_skip_tracking":false,"_monsterinsights_sitenote_active":false,"_monsterinsights_sitenote_note":"","_monsterinsights_sitenote_category":0,"ngg_post_thumbnail":0,"footnotes":""},"categories":[13,137],"tags":[],"class_list":["post-52997","post","type-post","status-publish","format-standard","hentry","category-dokumentum","category-szaz-ev-nagy-haboru"],"_links":{"self":[{"href":"https:\/\/ujkafe.website\/index.php?rest_route=\/wp\/v2\/posts\/52997","targetHints":{"allow":["GET"]}}],"collection":[{"href":"https:\/\/ujkafe.website\/index.php?rest_route=\/wp\/v2\/posts"}],"about":[{"href":"https:\/\/ujkafe.website\/index.php?rest_route=\/wp\/v2\/types\/post"}],"author":[{"embeddable":true,"href":"https:\/\/ujkafe.website\/index.php?rest_route=\/wp\/v2\/users\/3"}],"replies":[{"embeddable":true,"href":"https:\/\/ujkafe.website\/index.php?rest_route=%2Fwp%2Fv2%2Fcomments&post=52997"}],"version-history":[{"count":0,"href":"https:\/\/ujkafe.website\/index.php?rest_route=\/wp\/v2\/posts\/52997\/revisions"}],"wp:attachment":[{"href":"https:\/\/ujkafe.website\/index.php?rest_route=%2Fwp%2Fv2%2Fmedia&parent=52997"}],"wp:term":[{"taxonomy":"category","embeddable":true,"href":"https:\/\/ujkafe.website\/index.php?rest_route=%2Fwp%2Fv2%2Fcategories&post=52997"},{"taxonomy":"post_tag","embeddable":true,"href":"https:\/\/ujkafe.website\/index.php?rest_route=%2Fwp%2Fv2%2Ftags&post=52997"}],"curies":[{"name":"wp","href":"https:\/\/api.w.org\/{rel}","templated":true}]}}